{"id":35415,"date":"2025-10-07T03:03:15","date_gmt":"2025-10-07T03:03:15","guid":{"rendered":"https:\/\/www.europesays.com\/pl\/35415\/"},"modified":"2025-10-07T03:03:15","modified_gmt":"2025-10-07T03:03:15","slug":"polska-2050-nie-jest-niczyja-przystawka","status":"publish","type":"post","link":"https:\/\/www.europesays.com\/pl\/35415\/","title":{"rendered":"Polska 2050 nie jest niczyj\u0105 przystawk\u0105"},"content":{"rendered":"\n<p>&#13;<br \/>\nRyszard Petru og\u0142osi\u0142, \u017ce\u00a0zamierza ubiega\u0107 si\u0119 o\u00a0stanowisko przewodnicz\u0105cego Polski 2050. Przedstawi\u0142 pi\u0119\u0107 postulat\u00f3w, kt\u00f3re maj\u0105 przekona\u0107 cz\u0142onk\u00f3w partii do\u00a0jego kandydatury i\u00a0by\u0107 g\u0142\u00f3wnym przekazem ugrupowania na\u00a0najbli\u017csze dwa lata. By\u0142y lider Nowoczesnej zapowiedzia\u0142, \u017ce\u00a0chce odzyska\u0107 wyborc\u00f3w, kt\u00f3rzy g\u0142osowali na\u00a0Polsk\u0119 2050 w\u00a02023\u00a0r., a\u00a0tak\u017ce wr\u00f3ci\u0107 do\u00a0postulat\u00f3w, kt\u00f3re przyczyni\u0142y si\u0119 do\u00a0sukcesu Trzeciej Drogi. &#13;\n<\/p>\n<p>&#13;<br \/>\nSzymon Ho\u0142ownia zadeklarowa\u0142, \u017ce\u00a0nie b\u0119dzie ubiega\u0142 si\u0119 ponownie o\u00a0funkcj\u0119 przewodnicz\u0105cego Polski 2050. Marsza\u0142ek Sejmu <a href=\"https:\/\/dorzeczy.pl\/opinie\/785727\/holownia-chce-do-onz-lider-polski-2050-konczy-z-polska-polityka.html\" rel=\"nofollow noopener\" target=\"_blank\">z\u0142o\u017cy\u0142 aplikacj\u0119<\/a> w\u00a0publicznym naborze og\u0142oszonym przez sekretarza generalnego Organizacji Narod\u00f3w Zjednoczonych Antonio Guterresa na\u00a0funkcj\u0119 Wysokiego Komisarza ONZ ds. Uchod\u017ac\u00f3w (UNHCR). &#13;\n<\/p>\n<p>Pe\u0142czy\u0144ska-Na\u0142\u0119cz zapewnia: Mamy swoj\u0105 to\u017csamo\u015b\u0107<\/p>\n<p>&#13;<br \/>\nCzy o\u00a0stanowisko przewodnicz\u0105cej Polski 2050 b\u0119dzie si\u0119 r\u00f3wnie\u017c ubiega\u0142a minister funduszy i\u00a0polityki regionalnej Katarzyna Pe\u0142czy\u0144ska-Na\u0142\u0119cz? \u2013\u00a0Jest za\u00a0wcze\u015bnie, \u017ceby podejmowa\u0107 takie decyzje. Wybory maj\u0105 by\u0107 za\u00a0trzy miesi\u0105ce, na\u00a0pocz\u0105tku stycznia \u2013\u00a0odpowiedzia\u0142a polityk, kt\u00f3ra by\u0142a go\u015bciem programu &#8222;Graffiti&#8221; w\u00a0Polsat News. &#13;\n<\/p>\n<p>&#13;<br \/>\n\u2013 Jeste\u015bmy formacj\u0105 inn\u0105 od\u00a0tego, do\u00a0czego ludzie si\u0119 przyzwyczaili na\u00a0scenie politycznej. M\u00f3wiono, \u017ce\u00a0jeste\u015bmy parti\u0105 lidersk\u0105, tymczasem mamy demokracj\u0119, mamy wybory, w\u00a0kt\u00f3rych nie\u00a0jest tak, \u017ce\u00a0od\u00a0razu wiadomo, kto wygra. Jest dyskusja merytoryczna i\u00a0to jest co\u015b dobrego \u2013\u00a0m\u00f3wi\u0142a. &#13;\n<\/p>\n<p>&#13;<br \/>\n\u2013 Konflikt niepotrzebny, na\u00a0zasadzie &#8222;walczymy, \u017ceby walczy\u0107&#8221;, jest w\u00a0polityce zb\u0119dny, a\u00a0w\u00a0koalicji absolutnie niepotrzebny. Czy\u00a0Polska 2050 ma\u00a0swoj\u0105 w\u0142asn\u0105 to\u017csamo\u015b\u0107? Ma. Czy\u00a0powinna t\u0119\u00a0to\u017csamo\u015b\u0107 pokazywa\u0107? Powinna. Weszli\u015bmy do\u00a0koalicji i\u00a0do parlamentu jako Polska 2050 \u2013\u00a0kontynuowa\u0142a. &#13;\n<\/p>\n<p>&#13;<br \/>\n\u2013 Niekt\u00f3rym partiom si\u0119 zarzuca, \u017ce\u00a0s\u0105 przystawkami. Nie, my\u00a0nie jeste\u015bmy niczyj\u0105 przystawk\u0105. Mamy swoj\u0105 to\u017csamo\u015b\u0107. Ja nigdy nie\u00a0by\u0142am zwolenniczk\u0105 jednej listy. Uwa\u017cam, \u017ce\u00a0pluralizm po\u00a0tej demokratycznej stronie jest bardzo potrzebny i\u00a0taka formacja jak Polska 2050 jest potrzebna, nie\u00a0jako przystawka, tylko jako formacja, kt\u00f3ra zobowi\u0105za\u0142a si\u0119 wobec wyborc\u00f3w i\u00a0to zobowi\u0105zanie prowadzi przez swoj\u0105 obecno\u015b\u0107 w\u00a0koalicji \u2013\u00a0stwierdzi\u0142a. &#13;\n<\/p>\n<p>&#13;<br \/>\nCzytaj te\u017c:<br \/><a href=\"https:\/\/dorzeczy.pl\/opinie\/788478\/petru-chce-zastapic-holownie-bodnar-nowe-otwarcie.html\" rel=\"follow nofollow noopener\" data-schema=\"DORZECZY\" data-image=\"https:\/\/img.dorzeczy.pl\/_thumb\/1c\/84\/8742f7d6f12a90d605190a71cdf1.jpeg\" target=\"_blank\">To on zast\u0105pi Ho\u0142owni\u0119? &#8222;M\u00f3g\u0142by by\u0107 nowym otwarciem&#8221;<\/a>Czytaj te\u017c:<br \/><a href=\"https:\/\/dorzeczy.pl\/kraj\/788298\/sondaz-jaka-przyszlosc-polski-2050-bez-holowni.html\" rel=\"follow nofollow noopener\" data-schema=\"DORZECZY\" data-image=\"https:\/\/img.dorzeczy.pl\/_thumb\/4a\/77\/d4f2929815fee16c2c12c2c201e3.jpeg\" target=\"_blank\">Czy Polska 2050 przetrwa bez Ho\u0142owni? Wyniki sonda\u017cu<\/a>&#13;<\/p>\n","protected":false},"excerpt":{"rendered":"&#13; Ryszard Petru og\u0142osi\u0142, \u017ce\u00a0zamierza ubiega\u0107 si\u0119 o\u00a0stanowisko przewodnicz\u0105cego Polski 2050. Przedstawi\u0142 pi\u0119\u0107 postulat\u00f3w, kt\u00f3re maj\u0105 przekona\u0107 cz\u0142onk\u00f3w&hellip;\n","protected":false},"author":2,"featured_media":35416,"comment_status":"","ping_status":"","sticky":false,"template":"","format":"standard","meta":{"footnotes":""},"categories":[12],"tags":[32,33,662,98,36,37,27,5086,866,49,34,35,28,31,25,102,5537,10326,42,38,40,39,331,41,29,30,26],"class_list":{"0":"post-35415","1":"post","2":"type-post","3":"status-publish","4":"format-standard","5":"has-post-thumbnail","7":"category-polska","8":"tag-breaking-news","9":"tag-breakingnews","10":"tag-dawid-sienkowski","11":"tag-dorzeczy","12":"tag-featured-news","13":"tag-featurednews","14":"tag-headlines","15":"tag-holownia","16":"tag-koalicja","17":"tag-kraj","18":"tag-latest-news","19":"tag-latestnews","20":"tag-naglowki","21":"tag-najwazniejsze-artykuly","22":"tag-news","23":"tag-opinie","24":"tag-pelczynska-nalecz","25":"tag-petru","26":"tag-pl","27":"tag-poland","28":"tag-polish","29":"tag-polska","30":"tag-polska-2050","31":"tag-polski","32":"tag-top-stories","33":"tag-topstories","34":"tag-wiadomosci"},"share_on_mastodon":{"url":"","error":""},"_links":{"self":[{"href":"https:\/\/www.europesays.com\/pl\/wp-json\/wp\/v2\/posts\/35415","targetHints":{"allow":["GET"]}}],"collection":[{"href":"https:\/\/www.europesays.com\/pl\/wp-json\/wp\/v2\/posts"}],"about":[{"href":"https:\/\/www.europesays.com\/pl\/wp-json\/wp\/v2\/types\/post"}],"author":[{"embeddable":true,"href":"https:\/\/www.europesays.com\/pl\/wp-json\/wp\/v2\/users\/2"}],"replies":[{"embeddable":true,"href":"https:\/\/www.europesays.com\/pl\/wp-json\/wp\/v2\/comments?post=35415"}],"version-history":[{"count":0,"href":"https:\/\/www.europesays.com\/pl\/wp-json\/wp\/v2\/posts\/35415\/revisions"}],"wp:featuredmedia":[{"embeddable":true,"href":"https:\/\/www.europesays.com\/pl\/wp-json\/wp\/v2\/media\/35416"}],"wp:attachment":[{"href":"https:\/\/www.europesays.com\/pl\/wp-json\/wp\/v2\/media?parent=35415"}],"wp:term":[{"taxonomy":"category","embeddable":true,"href":"https:\/\/www.europesays.com\/pl\/wp-json\/wp\/v2\/categories?post=35415"},{"taxonomy":"post_tag","embeddable":true,"href":"https:\/\/www.europesays.com\/pl\/wp-json\/wp\/v2\/tags?post=35415"}],"curies":[{"name":"wp","href":"https:\/\/api.w.org\/{rel}","templated":true}]}}