{"id":35421,"date":"2025-10-07T03:30:04","date_gmt":"2025-10-07T03:30:04","guid":{"rendered":"https:\/\/www.europesays.com\/pl\/35421\/"},"modified":"2025-10-07T03:30:04","modified_gmt":"2025-10-07T03:30:04","slug":"tragedia-na-sali-sadowej-w-albanii-sedzia-zostal-zamordowany","status":"publish","type":"post","link":"https:\/\/www.europesays.com\/pl\/35421\/","title":{"rendered":"Tragedia na sali s\u0105dowej w Albanii. S\u0119dzia zosta\u0142 zamordowany"},"content":{"rendered":"<ul class=\"UnorderedList_container__nmfSl\">\n<li class=\"UnorderedList_listElement__Py7xi\" data-id=\"ai-summary-link\">Du\u017co czytania, a ma\u0142o czasu? Sprawd\u017a\u00a0skr\u00f3t\u00a0artyku\u0142u<\/li>\n<\/ul>\n<p class=\"Paragraph_desktopParagraph__U31Gm\">S\u0119dzia Astrit Kalaja zosta\u0142 postrzelony w sali s\u0105dowej przez 30-letniego podejrzanego o inicja\u0142ach E. Sh. Kalaja zmar\u0142 podczas transportu do szpitala. Policja nie skomentowa\u0142a jeszcze motywu ani sposobu, w jaki bro\u0144 zosta\u0142a przemycona przez system bezpiecze\u0144stwa s\u0105du.<\/p>\n<ul class=\"OchatFollowUps_wrapper__1ry7X\">\n<li class=\"OchatFollowUps_item__Dhyly OchatFollowUps_itemDesktop__R6aBv\">Kto zosta\u0142 zamordowany w Albanii?<\/li>\n<li class=\"OchatFollowUps_item__Dhyly OchatFollowUps_itemDesktop__R6aBv\">Jakie by\u0142y konsekwencje ataku na s\u0119dziego?<\/li>\n<li class=\"OchatFollowUps_item__Dhyly OchatFollowUps_itemDesktop__R6aBv\">Jaka by\u0142a reakcja premiera Albanii na t\u0119 tragedi\u0119?<\/li>\n<li class=\"OchatFollowUps_item__Dhyly OchatFollowUps_itemDesktop__R6aBv\">Ile os\u00f3b zosta\u0142o rannych podczas strzelaniny w s\u0105dzie?<\/li>\n<\/ul>\n<p class=\"Paragraph_desktopParagraph__U31Gm\">W o\u015bwiadczeniu s\u0142u\u017cb podano, \u017ce osoba bior\u0105ca udzia\u0142 w rozprawie s\u0105dowej, zidentyfikowana jako &#8222;E. Sh., lat 30&#8221;, odda\u0142a strza\u0142y z broni palnej w kierunku s\u0119dziego i trzech innych os\u00f3b zaanga\u017cowanych w spraw\u0119, kt\u00f3re znajdowa\u0142y si\u0119 na sali s\u0105dowej.<\/p>\n<p class=\"Paragraph_desktopParagraph__U31Gm\">&#8222;W rezultacie obywatel A. K. straci\u0142 \u017cycie, a obywatele R. K. i E. K. zostali ranni, [ale] ich \u017cyciu nie zagra\u017ca niebezpiecze\u0144stwo&#8221; \u2014 napisano w o\u015bwiadczeniu policji. Podejrzany zosta\u0142 ju\u017c aresztowany, a policja zabezpieczy\u0142a bro\u0144.<\/p>\n<p class=\"Paragraph_desktopParagraph__U31Gm\">Napa\u015b\u0107 zosta\u0142a pot\u0119piona przez najwa\u017cniejszych przyw\u00f3dc\u00f3w kraju, niezale\u017cnie od opcji politycznej.<\/p>\n<p class=\"Paragraph_desktopParagraph__U31Gm\">\u2014 Zbrodnicza agresja na s\u0119dziego niew\u0105tpliwie wymaga najostrzejszej reakcji prawnej wobec agresora \u2014 powiedzia\u0142 premier Albanii Edi Rama.<\/p>\n<p class=\"Paragraph_desktopParagraph__U31Gm\">Gazment Bardhi, przewodnicz\u0105cy frakcji parlamentarnej opozycyjnej Partii Demokratycznej, powiedzia\u0142, \u017ce atak by\u0142 &#8222;pierwszym od 35 lat przypadkiem, w kt\u00f3rym s\u0119dzia zosta\u0142 zabity podczas wykonywania swoich obowi\u0105zk\u00f3w i wymaga to g\u0142\u0119bokiej refleksji ze strony spo\u0142ecze\u0144stwa alba\u0144skiego&#8221;.<\/p>\n<p class=\"Paragraph_desktopParagraph__U31Gm\">Lider Partii Demokratycznej, Sali Berisha, napisa\u0142 w po\u015bcie na Facebooku, \u017ce pot\u0119pia to, co nazwa\u0142 &#8222;ohydnym i przest\u0119pczym aktem przeciwko s\u0119dziemu&#8221;, opisuj\u0105c go jako dow\u00f3d &#8222;ogromnego braku bezpiecze\u0144stwa, jaki panuje obecnie w kraju&#8221;.<\/p>\n","protected":false},"excerpt":{"rendered":"Du\u017co czytania, a ma\u0142o czasu? Sprawd\u017a\u00a0skr\u00f3t\u00a0artyku\u0142u S\u0119dzia Astrit Kalaja zosta\u0142 postrzelony w sali s\u0105dowej przez 30-letniego podejrzanego o&hellip;\n","protected":false},"author":2,"featured_media":35422,"comment_status":"","ping_status":"","sticky":false,"template":"","format":"standard","meta":{"footnotes":""},"categories":[14],"tags":[10327,32,33,244,27,34,35,28,31,53,25,52,68,51,55,251,40,41,47,80,29,30,65,50,26,82,83,84],"class_list":{"0":"post-35421","1":"post","2":"type-post","3":"status-publish","4":"format-standard","5":"has-post-thumbnail","7":"category-swiat","8":"tag-albania_albanczyk_albanka_albanczycy","9":"tag-breaking-news","10":"tag-breakingnews","11":"tag-ctr_tst","12":"tag-headlines","13":"tag-latest-news","14":"tag-latestnews","15":"tag-naglowki","16":"tag-najwazniejsze-artykuly","17":"tag-new_header","18":"tag-news","19":"tag-onet3","20":"tag-onet3d","21":"tag-onet3d_2i","22":"tag-phx","23":"tag-policja_policjanci_policjant_policjantka_policjantki","24":"tag-polish","25":"tag-polski","26":"tag-screening_general","27":"tag-swiat","28":"tag-top-stories","29":"tag-topstories","30":"tag-update_me","31":"tag-v2021","32":"tag-wiadomosci","33":"tag-world","34":"tag-world-news","35":"tag-worldnews"},"share_on_mastodon":{"url":"","error":""},"_links":{"self":[{"href":"https:\/\/www.europesays.com\/pl\/wp-json\/wp\/v2\/posts\/35421","targetHints":{"allow":["GET"]}}],"collection":[{"href":"https:\/\/www.europesays.com\/pl\/wp-json\/wp\/v2\/posts"}],"about":[{"href":"https:\/\/www.europesays.com\/pl\/wp-json\/wp\/v2\/types\/post"}],"author":[{"embeddable":true,"href":"https:\/\/www.europesays.com\/pl\/wp-json\/wp\/v2\/users\/2"}],"replies":[{"embeddable":true,"href":"https:\/\/www.europesays.com\/pl\/wp-json\/wp\/v2\/comments?post=35421"}],"version-history":[{"count":0,"href":"https:\/\/www.europesays.com\/pl\/wp-json\/wp\/v2\/posts\/35421\/revisions"}],"wp:featuredmedia":[{"embeddable":true,"href":"https:\/\/www.europesays.com\/pl\/wp-json\/wp\/v2\/media\/35422"}],"wp:attachment":[{"href":"https:\/\/www.europesays.com\/pl\/wp-json\/wp\/v2\/media?parent=35421"}],"wp:term":[{"taxonomy":"category","embeddable":true,"href":"https:\/\/www.europesays.com\/pl\/wp-json\/wp\/v2\/categories?post=35421"},{"taxonomy":"post_tag","embeddable":true,"href":"https:\/\/www.europesays.com\/pl\/wp-json\/wp\/v2\/tags?post=35421"}],"curies":[{"name":"wp","href":"https:\/\/api.w.org\/{rel}","templated":true}]}}