{"id":354799,"date":"2026-04-09T04:46:09","date_gmt":"2026-04-09T04:46:09","guid":{"rendered":"https:\/\/www.europesays.com\/pl\/354799\/"},"modified":"2026-04-09T04:46:09","modified_gmt":"2026-04-09T04:46:09","slug":"hansi-flick-wskazal-winnego-porazki-barcelony-z-atletico-w-lm","status":"publish","type":"post","link":"https:\/\/www.europesays.com\/pl\/354799\/","title":{"rendered":"Hansi Flick wskaza\u0142 winnego pora\u017cki Barcelony z Atletico w LM"},"content":{"rendered":"<p>Barcelona by\u0142a faworytem spotkania z Atletico, a jednak na swoim terenie nie da\u0142a rady. Du\u017cy wp\u0142yw na losy meczu mia\u0142a czerwona kartka, kt\u00f3r\u0105 jeszcze w pierwszej po\u0142owie zobaczy\u0142 Pau Cubarsi. Nied\u0142ugo p\u00f3\u017aniej go\u015bcie wyszli na prowadzenie.<\/p>\n<p> Dalszy ci\u0105g artyku\u0142u pod materia\u0142em wideo <\/p>\n<p>Flick by\u0142 oburzony wi\u0119ksz\u0105 liczb\u0105 sytuacji. \u2014 Musso (Atletico) poda\u0142 pi\u0142k\u0119 do swojego kolegi z dru\u017cyny, a \u015brodkowy obro\u0144ca dotkn\u0105\u0142 jej r\u0119k\u0105, nawet nie patrz\u0105c. Jaki w og\u00f3le jest sens VAR?! \u2014 irytowa\u0142 si\u0119 szkoleniowiec. Odni\u00f3s\u0142 si\u0119 do ewidentnego, jego zdaniem, zagrania r\u0119k\u0105 Marca Pubilla, kt\u00f3re zosta\u0142o zignorowane przez s\u0119dziego i nie by\u0142o poddane analizie VAR.<\/p>\n<p>     Hansi Flick: lepiej nie b\u0119d\u0119 m\u00f3wi\u0142 o s\u0119dziach<\/p>\n<p>Decyzje s\u0119dziowskie w tym spotkaniu wywo\u0142a\u0142y burz\u0119. Flick przyzna\u0142, \u017ce jego zesp\u00f3\u0142 zmarnowa\u0142 kilka \u015bwietnych okazji, ale jednocze\u015bnie wyrazi\u0142 wiar\u0119 w odrobienie strat w rewan\u017cu. Skupi\u0142 si\u0119 jednak na kluczowych, jego zdaniem, b\u0142\u0119dach arbitr\u00f3w: \u2014 Przegrali\u015bmy 0:2, ale zmarnowali\u015bmy kilka \u015bwietnych okazji. Mamy szans\u0119 na powr\u00f3t w rewan\u017cu. Co do Cubars\u00edego, nie jestem pewien, czy dotkn\u0105\u0142 wystarczaj\u0105co mocno Simeone, by dosta\u0107 czerwon\u0105 kartk\u0119 \u2014 tak skomentowa\u0142 czerwon\u0105 kartk\u0119, kt\u00f3ra zmieni\u0142a przebieg meczu.<\/p>\n<p>Mo\u017cna by\u0142o odnie\u015b\u0107 wra\u017cenie, \u017ce i tak gryzie si\u0119 w j\u0119zyk. \u2014 Czy jestem z\u0142y z powodu przebiegu meczu, czy wyniku? Lepiej nie b\u0119d\u0119 m\u00f3wi\u0142 o s\u0119dziach.<\/p>\n<p>Trener Barcelony wyrazi\u0142 r\u00f3wnie\u017c zaniepokojenie brakiem odpowiedniej ochrony dla m\u0142odych, obiecuj\u0105cych zawodnik\u00f3w, takich jak Lamine Yamal. \u2014 Jest niezadowolony, ale od pocz\u0105tku meczu, zar\u00f3wno w obronie, jak i w ataku, gra\u0142 imponuj\u0105co. Ma 18 lat i wykonuje ogromn\u0105 prac\u0119, musimy mu pom\u00f3c. Dla waszego kraju b\u0119dzie jednym z najlepszych w historii. S\u0119dziowie musz\u0105 chroni\u0107 takich zawodnik\u00f3w jak on, Vinicius, Pedri&#8230; \u2014 podkre\u015bli\u0142 niemiecki trener, sugeruj\u0105c, \u017ce s\u0119dziowie powinni by\u0107 bardziej wyczuleni na brutaln\u0105 gr\u0119 wobec m\u0142odych talent\u00f3w, aby chroni\u0107 ich przed kontuzjami.<\/p>\n<p>Barcelona stoi teraz przed trudnym zadaniem odrobienia dwubramkowej straty w rewan\u017cu na boisku Atletico. Odb\u0119dzie si\u0119 on w Madrycie we wtorek (14 kwietnia 2026 r.) o godzinie 21.00.<\/p>\n","protected":false},"excerpt":{"rendered":"Barcelona by\u0142a faworytem spotkania z Atletico, a jednak na swoim terenie nie da\u0142a rady. Du\u017cy wp\u0142yw na losy&hellip;\n","protected":false},"author":2,"featured_media":354800,"comment_status":"","ping_status":"","sticky":false,"template":"","format":"standard","meta":{"footnotes":"","_share_on_mastodon":"0"},"categories":[52122],"tags":[937,1157,61195,301,299,48,46,948,6010,752,42,38,40,39,41,47,3180],"class_list":["post-354799","post","type-post","status-publish","format-standard","has-post-thumbnail","category-pko-bank-polski","tag-atletico_madryt","tag-barcelona","tag-bottomfeed_styl","tag-hansi_flick","tag-liga_mistrzow","tag-nat_styl","tag-omp","tag-pilka_nozna","tag-pko-bank-polski","tag-pko-bp","tag-pl","tag-poland","tag-polish","tag-polska","tag-polski","tag-screening_general","tag-var"],"share_on_mastodon":{"url":"https:\/\/pubeurope.com\/@pl\/116372935970360386","error":""},"_links":{"self":[{"href":"https:\/\/www.europesays.com\/pl\/wp-json\/wp\/v2\/posts\/354799","targetHints":{"allow":["GET"]}}],"collection":[{"href":"https:\/\/www.europesays.com\/pl\/wp-json\/wp\/v2\/posts"}],"about":[{"href":"https:\/\/www.europesays.com\/pl\/wp-json\/wp\/v2\/types\/post"}],"author":[{"embeddable":true,"href":"https:\/\/www.europesays.com\/pl\/wp-json\/wp\/v2\/users\/2"}],"replies":[{"embeddable":true,"href":"https:\/\/www.europesays.com\/pl\/wp-json\/wp\/v2\/comments?post=354799"}],"version-history":[{"count":0,"href":"https:\/\/www.europesays.com\/pl\/wp-json\/wp\/v2\/posts\/354799\/revisions"}],"wp:featuredmedia":[{"embeddable":true,"href":"https:\/\/www.europesays.com\/pl\/wp-json\/wp\/v2\/media\/354800"}],"wp:attachment":[{"href":"https:\/\/www.europesays.com\/pl\/wp-json\/wp\/v2\/media?parent=354799"}],"wp:term":[{"taxonomy":"category","embeddable":true,"href":"https:\/\/www.europesays.com\/pl\/wp-json\/wp\/v2\/categories?post=354799"},{"taxonomy":"post_tag","embeddable":true,"href":"https:\/\/www.europesays.com\/pl\/wp-json\/wp\/v2\/tags?post=354799"}],"curies":[{"name":"wp","href":"https:\/\/api.w.org\/{rel}","templated":true}]}}