{"id":355221,"date":"2026-04-09T09:47:08","date_gmt":"2026-04-09T09:47:08","guid":{"rendered":"https:\/\/www.europesays.com\/pl\/355221\/"},"modified":"2026-04-09T09:47:08","modified_gmt":"2026-04-09T09:47:08","slug":"itreseller-orange-polska-rozbudowuje-5g-w-pasmach-c-i-700-mhz-operator-podal-cele-na-2026-rok","status":"publish","type":"post","link":"https:\/\/www.europesays.com\/pl\/355221\/","title":{"rendered":"ITReseller | Orange Polska rozbudowuje 5G w pasmach C i 700 MHz. Operator poda\u0142 cele na 2026 rok"},"content":{"rendered":"<p> <img width=\"2006\" height=\"1337\" src=\"https:\/\/www.europesays.com\/pl\/wp-content\/uploads\/2026\/04\/Orange.jpg\" class=\"attachment-fullwidth size-fullwidth wp-post-image\" alt=\"\" decoding=\"async\" fetchpriority=\"high\"  \/><\/p>\n<p>Orange Polska zapowiada przyspieszenie rozbudowy sieci 5G. Do ko\u0144ca 2026 roku operator chce mie\u0107 co najmniej 5 600 stacji w pa\u015bmie C oraz minimum 2 600 stacji dzia\u0142aj\u0105cych w pa\u015bmie 700 MHz. Deklaracja pojawia si\u0119 w momencie, gdy sp\u00f3\u0142ka notuje te\u017c bardzo dobry wynik w przenoszeniu numer\u00f3w mi\u0119dzy sieciami.<\/p>\n<p>Orange Polska ma dzi\u015b oko\u0142o 4 500 stacji 5G w pa\u015bmie C. Jak poinformowa\u0142 rzecznik sp\u00f3\u0142ki Wojciech Jabczy\u0144ski, do ko\u0144ca 2026 roku liczba ta ma wzrosn\u0105\u0107 do co najmniej 5 600. R\u00f3wnolegle operator rozwija sie\u0107 w pa\u015bmie 700 MHz, gdzie dzia\u0142a ju\u017c ponad 1 300 stacji, a plan na koniec roku zak\u0142ada osi\u0105gni\u0119cie minimum 2 600. To oznacza, \u017ce w tym segmencie infrastruktura ma si\u0119 niemal podwoi\u0107 w ci\u0105gu kilku miesi\u0119cy.<\/p>\n<p>Znaczenie obu pasm jest r\u00f3\u017cne, ale wzajemnie si\u0119 one uzupe\u0142niaj\u0105. Pasmo C odpowiada przede wszystkim za wysok\u0105 pojemno\u015b\u0107 i wi\u0119ksze pr\u0119dko\u015bci transmisji danych w g\u0119\u015bciej zaludnionych lokalizacjach. Z kolei 700 MHz lepiej sprawdza si\u0119 przy budowie zasi\u0119gu na terenach s\u0142abiej zurbanizowanych i wewn\u0105trz budynk\u00f3w. Orange ju\u017c wcze\u015bniej sygnalizowa\u0142, \u017ce rozw\u00f3j 5G w tych dw\u00f3ch zakresach cz\u0119stotliwo\u015bci b\u0119dzie prowadzony r\u00f3wnolegle. Jeszcze w styczniu sp\u00f3\u0142ka informowa\u0142a o oko\u0142o 4 500 stacjach w pa\u015bmie C i ponad 1 200 w 700 MHz, co pokazuje, \u017ce obecne dane potwierdzaj\u0105 dalszy, do\u015b\u0107 szybki wzrost skali projektu.<\/p>\n<p>\u00a0<\/p>\n<p>Dobry sygna\u0142 tak\u017ce z rynku klient\u00f3w<\/p>\n<p>Rozbudowa infrastruktury to tylko jedna cz\u0119\u015b\u0107 obrazu. Druga dotyczy pozycji rynkowej operatora. Wed\u0142ug najnowszych danych Urz\u0119du Komunikacji Elektronicznej w pierwszym kwartale 2026 roku Orange Polska zyska\u0142 netto 17 060 u\u017cytkownik\u00f3w kart SIM w ramach przenoszenia numer\u00f3w. To najlepszy wynik w\u015br\u00f3d du\u017cych operator\u00f3w kom\u00f3rkowych w Polsce. W tym samym czasie Plus straci\u0142 31 998 numer\u00f3w, Play 11 480, a T Mobile zako\u0144czy\u0142 kwarta\u0142 niewielkim bilansem dodatnim, na poziomie 395 numer\u00f3w.<\/p>\n<p>Jabczy\u0144ski podkre\u015bli\u0142, \u017ce po mocnym 2025 roku Orange jeszcze przyspieszy\u0142 na pocz\u0105tku 2026 roku, a za wzrost odpowiada g\u0142\u00f3wnie rynek konsumencki, w tym marki nju i Orange Flex. Z perspektywy biznesowej to istotne, bo pokazuje, \u017ce inwestycje w sie\u0107 nie s\u0105 jedynie kosztownym projektem infrastrukturalnym, lecz mog\u0105 przek\u0142ada\u0107 si\u0119 r\u00f3wnie\u017c na realne wzmocnienie pozycji konkurencyjnej.<\/p>\n","protected":false},"excerpt":{"rendered":"Orange Polska zapowiada przyspieszenie rozbudowy sieci 5G. Do ko\u0144ca 2026 roku operator chce mie\u0107 co najmniej 5 600&hellip;\n","protected":false},"author":2,"featured_media":355222,"comment_status":"","ping_status":"","sticky":false,"template":"","format":"standard","meta":{"footnotes":"","_share_on_mastodon":"0"},"categories":[12],"tags":[4170,61765,34519,61766,42,38,40,39,41,61767,61768,6140],"class_list":["post-355221","post","type-post","status-publish","format-standard","has-post-thumbnail","category-polska","tag-5g","tag-700-mhz","tag-orange-polska","tag-pasmo-c","tag-pl","tag-poland","tag-polish","tag-polska","tag-polski","tag-przenoszenie-numerow","tag-stacje-bazowe","tag-uke"],"share_on_mastodon":{"url":"https:\/\/pubeurope.com\/@pl\/116374119890845248","error":""},"_links":{"self":[{"href":"https:\/\/www.europesays.com\/pl\/wp-json\/wp\/v2\/posts\/355221","targetHints":{"allow":["GET"]}}],"collection":[{"href":"https:\/\/www.europesays.com\/pl\/wp-json\/wp\/v2\/posts"}],"about":[{"href":"https:\/\/www.europesays.com\/pl\/wp-json\/wp\/v2\/types\/post"}],"author":[{"embeddable":true,"href":"https:\/\/www.europesays.com\/pl\/wp-json\/wp\/v2\/users\/2"}],"replies":[{"embeddable":true,"href":"https:\/\/www.europesays.com\/pl\/wp-json\/wp\/v2\/comments?post=355221"}],"version-history":[{"count":0,"href":"https:\/\/www.europesays.com\/pl\/wp-json\/wp\/v2\/posts\/355221\/revisions"}],"wp:featuredmedia":[{"embeddable":true,"href":"https:\/\/www.europesays.com\/pl\/wp-json\/wp\/v2\/media\/355222"}],"wp:attachment":[{"href":"https:\/\/www.europesays.com\/pl\/wp-json\/wp\/v2\/media?parent=355221"}],"wp:term":[{"taxonomy":"category","embeddable":true,"href":"https:\/\/www.europesays.com\/pl\/wp-json\/wp\/v2\/categories?post=355221"},{"taxonomy":"post_tag","embeddable":true,"href":"https:\/\/www.europesays.com\/pl\/wp-json\/wp\/v2\/tags?post=355221"}],"curies":[{"name":"wp","href":"https:\/\/api.w.org\/{rel}","templated":true}]}}