{"id":355387,"date":"2026-04-09T11:26:07","date_gmt":"2026-04-09T11:26:07","guid":{"rendered":"https:\/\/www.europesays.com\/pl\/355387\/"},"modified":"2026-04-09T11:26:07","modified_gmt":"2026-04-09T11:26:07","slug":"absurdalny-wniosek-podczas-procesu-burmistrza-chocianowa-obrona-chciala-upic-oskarzonego","status":"publish","type":"post","link":"https:\/\/www.europesays.com\/pl\/355387\/","title":{"rendered":"Absurdalny wniosek podczas procesu burmistrza Chocianowa. Obrona chcia\u0142a upi\u0107 oskar\u017conego"},"content":{"rendered":"<p>Absurdalny wniosek podczas procesu burmistrza Chocianowa.<\/p>\n<p>Fot. RW<\/p>\n<p>Tomasz K. odpowiada za spowodowanie kolizji, agresj\u0119 wobec policjant\u00f3w i pr\u00f3b\u0119 zmuszenia ich do odst\u0105pienia od czynno\u015bci s\u0142u\u017cbowych. Kilka godzin po zdarzeniu przymusowe badanie na zawarto\u015b\u0107 alkoholu we krwi wykaza\u0142o 2,6 promila. Podczas rozprawy s\u0119dzia Agnieszka Bem-Iwa\u0144ska zwr\u00f3ci\u0142a uwag\u0119 m.in. na wniosek obrony, aby&#8230; burmistrza zn\u00f3w upi\u0107.<\/p>\n<p style=\"text-align: justify;\">Wysyp wniosk\u00f3w dowodowych przed spodziewanym zamkni\u0119ciem procesu burmistrza Chocianowa. <a href=\"https:\/\/www.radiowroclaw.pl\/articles\/view\/159624\/Pijany-kierowal-swoim-autem-potem-uciekl-z-miejsca-zdarzenia-Kolejna-odslona-procesu-burmistrza-Chocianowa\" rel=\"nofollow noopener\" target=\"_blank\">O sprawie pisali\u015bmy ju\u017c na stronie Radia Wroc\u0142aw<\/a>. Obrona samorz\u0105dowca proponowa\u0142a mi\u0119dzy innymi, \u017ceby oskar\u017conego&#8230; upi\u0107. Mia\u0142 to by\u0107 eksperyment, kt\u00f3ry poka\u017ce, jak szybko Tomasz K. mo\u017ce wypi\u0107 600 ml w\u00f3dki:<\/p>\n<p>&#13;<br \/>\n\t\t\t\t\t\t\t\t\t\tAby ods\u0142ucha\u0107 za\u0142\u0105czonego d\u017awi\u0119ku zaktualizuj przegl\u0105dark\u0119 lub\/i wtyczk\u0119 Adobe Flash Player.&#13;\n\t\t\t\t\t\t\t\t\t<\/p>\n<p style=\"text-align: justify;\">&#8211; Wnosi pani o przeprowadzenie eksperymentu procesowego czasu, w jakim oskar\u017cony mo\u017ce spo\u017cy\u0107 600 ml w\u00f3dki. Jakie jest stanowisko prokuratury, co do tych wniosk\u00f3w?<\/p>\n<p style=\"text-align: justify;\">&#8211; Przeprowadzenie takiego dowodu jest niedopuszczalne. Stwarza bezpo\u015brednie zagro\u017cenie dla zdrowia b\u0105d\u017a \u017cycia osoby, kt\u00f3ra taki alkohol ma spo\u017cywa\u0107. St\u0105d te\u017c wnosz\u0119 o oddalenie.<\/p>\n<p style=\"text-align: justify;\">Argumenty prokuratora Kacpra Zakrzewskiego s\u0105d uzna\u0142 za zasadne i nie zgodzi\u0142 si\u0119 na upijanie burmistrza, nawet w formie do\u015bwiadczenia. Pikanterii dodaje fakt, \u017ce za w\u00f3dk\u0119 wykorzystan\u0105 w takim eksperymencie musia\u0142by zap\u0142aci\u0107&#8230; Skarb Pa\u0144stwa.<\/p>\n<p style=\"text-align: justify;\">S\u0105d postanowi\u0142 natomiast przes\u0142ucha\u0107 bieg\u0142ych, kt\u00f3rzy wypowiedz\u0105 si\u0119 na temat stanu psychicznego i poczytalno\u015bci burmistrza Chocianowa.\u00a0<\/p>\n<p style=\"text-align: justify;\">&#8211; Ograniczenie poczytalno\u015bci, albo jej brak mo\u017ce mie\u0107 wp\u0142yw na wyrok &#8211; t\u0142umaczy prokurator Kacper Zakrzewski. Czy w takiej sytuacji burmistrz mo\u017ce pe\u0142ni\u0107 swoj\u0105 funkcj\u0119 w samorz\u0105dzie? Zapytali\u015bmy o to oskar\u017cyciela:<\/p>\n<p>&#13;<br \/>\n\t\t\t\t\t\t\t\t\t\tAby ods\u0142ucha\u0107 za\u0142\u0105czonego d\u017awi\u0119ku zaktualizuj przegl\u0105dark\u0119 lub\/i wtyczk\u0119 Adobe Flash Player.&#13;\n\t\t\t\t\t\t\t\t\t<\/p>\n<p style=\"text-align: justify;\">&#8211; My w toku post\u0119powania karnego zajmujemy si\u0119 rol\u0105 tego oskar\u017conego, jako uczestnika tego procesu karnego. Poza rol\u0105 i ocen\u0105 prokuratora jest ta sfera dzia\u0142alno\u015bci publicznej. Tutaj ocenia\u0107, czy kto\u015b tak\u0105 funkcj\u0119 mo\u017ce pe\u0142ni\u0107, to od tego s\u0105 wybory.<\/p>\n<p style=\"text-align: justify;\">Tomasz K. wci\u0105\u017c zajmuje fotel burmistrza. Grozi mu pi\u0119\u0107 lat wi\u0119zienia. Na procesach konsekwentnie nie pojawia si\u0119. Nasi reporterzy wielokrotnie prosili oskar\u017conego o komentarz &#8211; na \u017cadn\u0105 pro\u015bb\u0119 nie otrzymali\u015bmy odpowiedzi.<\/p>\n","protected":false},"excerpt":{"rendered":"Absurdalny wniosek podczas procesu burmistrza Chocianowa. Fot. RW Tomasz K. odpowiada za spowodowanie kolizji, agresj\u0119 wobec policjant\u00f3w i&hellip;\n","protected":false},"author":2,"featured_media":355388,"comment_status":"","ping_status":"","sticky":false,"template":"","format":"standard","meta":{"footnotes":"","_share_on_mastodon":"0"},"categories":[51607],"tags":[61798,61801,61803,61802,1236,61805,42,61799,38,40,39,41,61800,61804,2470,1853],"class_list":["post-355387","post","type-post","status-publish","format-standard","has-post-thumbnail","category-wroclaw","tag-absurdalny","tag-burmistrza","tag-chciala","tag-chocianowa","tag-obrona","tag-oskarzonego","tag-pl","tag-podczas","tag-poland","tag-polish","tag-polska","tag-polski","tag-procesu","tag-upic","tag-wniosek","tag-wroclaw"],"share_on_mastodon":{"url":"https:\/\/pubeurope.com\/@pl\/116374509010158995","error":""},"_links":{"self":[{"href":"https:\/\/www.europesays.com\/pl\/wp-json\/wp\/v2\/posts\/355387","targetHints":{"allow":["GET"]}}],"collection":[{"href":"https:\/\/www.europesays.com\/pl\/wp-json\/wp\/v2\/posts"}],"about":[{"href":"https:\/\/www.europesays.com\/pl\/wp-json\/wp\/v2\/types\/post"}],"author":[{"embeddable":true,"href":"https:\/\/www.europesays.com\/pl\/wp-json\/wp\/v2\/users\/2"}],"replies":[{"embeddable":true,"href":"https:\/\/www.europesays.com\/pl\/wp-json\/wp\/v2\/comments?post=355387"}],"version-history":[{"count":0,"href":"https:\/\/www.europesays.com\/pl\/wp-json\/wp\/v2\/posts\/355387\/revisions"}],"wp:featuredmedia":[{"embeddable":true,"href":"https:\/\/www.europesays.com\/pl\/wp-json\/wp\/v2\/media\/355388"}],"wp:attachment":[{"href":"https:\/\/www.europesays.com\/pl\/wp-json\/wp\/v2\/media?parent=355387"}],"wp:term":[{"taxonomy":"category","embeddable":true,"href":"https:\/\/www.europesays.com\/pl\/wp-json\/wp\/v2\/categories?post=355387"},{"taxonomy":"post_tag","embeddable":true,"href":"https:\/\/www.europesays.com\/pl\/wp-json\/wp\/v2\/tags?post=355387"}],"curies":[{"name":"wp","href":"https:\/\/api.w.org\/{rel}","templated":true}]}}