{"id":355662,"date":"2026-04-09T14:04:07","date_gmt":"2026-04-09T14:04:07","guid":{"rendered":"https:\/\/www.europesays.com\/pl\/355662\/"},"modified":"2026-04-09T14:04:07","modified_gmt":"2026-04-09T14:04:07","slug":"zadzwonil-do-zony-umieram-powiedz-synowi-ze-go-kocham","status":"publish","type":"post","link":"https:\/\/www.europesays.com\/pl\/355662\/","title":{"rendered":"Zadzwoni\u0142 do \u017cony. &#8222;Umieram. Powiedz synowi, \u017ce go kocham&#8221;."},"content":{"rendered":"\n<p class=\"contentpart contentpart--default contentpart--text\" data-position=\"0\"><a href=\"https:\/\/sportowefakty.wp.pl\/kolarstwo\/damien-touze\" rel=\"nofollow noopener\" target=\"_blank\">Damien Touze<\/a>, francuski kolarz z zespo\u0142u Cofidis, w lutym dozna\u0142 powa\u017cnych obra\u017ce\u0144 podczas upadku na Tour de Oman. Jak wynika z jego wypowiedzi, sytuacja by\u0142a dramatyczna. Trafi\u0142 do szpitala w Omanie z perforacj\u0105 jelit oraz z\u0142amaniami miednicy i uda.<\/p>\n<p class=\"contentpart contentpart--default contentpart--text\" data-position=\"1\">Po wypadku Touze zadzwoni\u0142 do swojej \u017cony Sofii, by si\u0119 po\u017cegna\u0107. &#8211; Powiedzia\u0142 mi: &#8222;Umieram, powiedz naszemu synowi, \u017ce go kocham.&#8221; Nie wierzy\u0142am, \u017ce mog\u0142o doj\u015b\u0107 a\u017c do takiego zagro\u017cenia \u017cycia &#8211; relacjonuje Sofia.<\/p>\n<p>  <img decoding=\"async\" src=\"https:\/\/v.wpimg.pl\/X3dwLnN2d1IFFTpdYUl6R0ZNbgcnEHQREVV2TGEGbUtRT2MdOlZ2RBQUKABgQjQcDRotCStBd1IAAWMeIlM7VgwYIAorQAdEFFk_GCkQJQ\" alt=\"\" width=\"45\" height=\"58\" loading=\"lazy\"\/>  <\/p>\n<p class=\"contentpart contentpart--default contentpart--text\" data-position=\"2\">ZOBACZ WIDEO: Uderza w sztab \u015awi\u0105tek. &#8222;Ta wsp\u00f3\u0142praca kompletnie nie dzia\u0142a&#8221;<\/p>\n<p class=\"contentpart contentpart--default contentpart--text\" data-position=\"4\">Touze wspomina ten czas jako moment wielkiego strachu. &#8211; Mia\u0142em wra\u017cenie, \u017ce si\u0119 rozp\u0142ywam &#8211; powiedzia\u0142 w rozmowie z dziennikiem &#8222;L&#8217;Equipe&#8221;.<\/p>\n<p class=\"contentpart contentpart--default contentpart--text\" data-position=\"5\">Pomimo braku b\u00f3lu, sytuacja medyczna by\u0142a krytyczna. Wszystko przez brak aparatu do zdj\u0119\u0107 RTG. M\u00f3wi wprost, \u017ce my\u015bla\u0142, \u017ce ju\u017c nie wyjdzie z tego szpitala. Gdy przeniesiono go do innego szpitala w Omanie, panowa\u0142 w nim brud i lata\u0142y muchy.<\/p>\n<p class=\"contentpart contentpart--default contentpart--text\" data-position=\"6\">Ostatecznie przeniesiono go do Belgii, gdzie przeszed\u0142 operacj\u0119 trwaj\u0105c\u0105 pi\u0119\u0107 godzin. Okaza\u0142o si\u0119, \u017ce poprzedni zabieg w Omanie zosta\u0142 przeprowadzony z zaniedbaniami, pozostawiaj\u0105c organy w kontakcie ze sk\u00f3r\u0105.<\/p>\n<p>  <img decoding=\"async\" src=\"https:\/\/v.wpimg.pl\/X3dwLnN2d1IFFTpdYUl6R0ZNbgcnEHQREVV2TGEGbUtRT2MdOlZ2RBQUKABgQjQcDRotCStBd1IAAWMeIlM7VgwYIAorQAdEFFk_GCkQJQ\" alt=\"\" width=\"45\" height=\"58\" loading=\"lazy\"\/>  <\/p>\n<p class=\"contentpart contentpart--default contentpart--text\" data-position=\"7\">Przysz\u0142o\u015b\u0107 Touze w zawodowym kolarstwie stoi pod znakiem zapytania. &#8211; Chcia\u0142bym wr\u00f3ci\u0107 na rower, ale po tak d\u0142ugiej przerwie nie wiem, czy to b\u0119dzie mo\u017cliwe &#8211; przyzna\u0142.<\/p>\n","protected":false},"excerpt":{"rendered":"Damien Touze, francuski kolarz z zespo\u0142u Cofidis, w lutym dozna\u0142 powa\u017cnych obra\u017ce\u0144 podczas upadku na Tour de Oman.&hellip;\n","protected":false},"author":2,"featured_media":355663,"comment_status":"","ping_status":"","sticky":false,"template":"","format":"standard","meta":{"footnotes":"","_share_on_mastodon":"0"},"categories":[24],"tags":[942,61858,3526,20577,42,38,40,39,41,127,126],"class_list":["post-355662","post","type-post","status-publish","format-standard","has-post-thumbnail","category-sport","tag-belgia","tag-damien-touze","tag-kolarstwo","tag-oman","tag-pl","tag-poland","tag-polish","tag-polska","tag-polski","tag-sport","tag-sports"],"share_on_mastodon":{"url":"https:\/\/pubeurope.com\/@pl\/116375130482436484","error":""},"_links":{"self":[{"href":"https:\/\/www.europesays.com\/pl\/wp-json\/wp\/v2\/posts\/355662","targetHints":{"allow":["GET"]}}],"collection":[{"href":"https:\/\/www.europesays.com\/pl\/wp-json\/wp\/v2\/posts"}],"about":[{"href":"https:\/\/www.europesays.com\/pl\/wp-json\/wp\/v2\/types\/post"}],"author":[{"embeddable":true,"href":"https:\/\/www.europesays.com\/pl\/wp-json\/wp\/v2\/users\/2"}],"replies":[{"embeddable":true,"href":"https:\/\/www.europesays.com\/pl\/wp-json\/wp\/v2\/comments?post=355662"}],"version-history":[{"count":0,"href":"https:\/\/www.europesays.com\/pl\/wp-json\/wp\/v2\/posts\/355662\/revisions"}],"wp:featuredmedia":[{"embeddable":true,"href":"https:\/\/www.europesays.com\/pl\/wp-json\/wp\/v2\/media\/355663"}],"wp:attachment":[{"href":"https:\/\/www.europesays.com\/pl\/wp-json\/wp\/v2\/media?parent=355662"}],"wp:term":[{"taxonomy":"category","embeddable":true,"href":"https:\/\/www.europesays.com\/pl\/wp-json\/wp\/v2\/categories?post=355662"},{"taxonomy":"post_tag","embeddable":true,"href":"https:\/\/www.europesays.com\/pl\/wp-json\/wp\/v2\/tags?post=355662"}],"curies":[{"name":"wp","href":"https:\/\/api.w.org\/{rel}","templated":true}]}}