{"id":355980,"date":"2026-04-09T17:20:14","date_gmt":"2026-04-09T17:20:14","guid":{"rendered":"https:\/\/www.europesays.com\/pl\/355980\/"},"modified":"2026-04-09T17:20:14","modified_gmt":"2026-04-09T17:20:14","slug":"znamy-zestawienia-na-hit-kolejki-motor-lublin-podejmuje-pres-torun-sklady","status":"publish","type":"post","link":"https:\/\/www.europesays.com\/pl\/355980\/","title":{"rendered":"Znamy zestawienia na hit kolejki! Motor Lublin podejmuje Pres Toru\u0144 (sk\u0142ady)"},"content":{"rendered":"<p>                Orlen Oil Motor Lublin zmierzy si\u0119 u siebie z dru\u017cyn\u0105 Pres Toru\u0144. Hit PGE Ekstraligi ju\u017c w pierwszej kolejce.\n        <\/p>\n<p>                                    <a target=\"_blank\" href=\"\"><br \/>\n                    <img decoding=\"async\" src=\"\" alt=\"\" style=\"margin-bottom:15px\"\/><br \/>\n                <\/a><\/p>\n<p>Orlen Oil Motor Lublin rozpocznie sezon od starcia z Dru\u017cynowym Mistrzem Polski. Wielki hit PGE Ekstraligi czeka nas ju\u017c w pierwszej kolejce sezonu. Czy Pres Toru\u0144 da rad\u0119 pokona\u0107 Motor na terenie rywala?<\/p>\n<p>Motor Lublin czeka weryfikacja ju\u017c na starcie sezonu<\/p>\n<p>Orlen Oil Motor Lublin czeka prawdziwa weryfikacja. Ju\u017c w pierwszej kolejce podejm\u0105 obro\u0144c\u0119 tytu\u0142u DMP. Je\u015bli Lublin chc\u0119 wr\u00f3ci\u0107 na tron, to nie ma prawa zawie\u015b\u0107 w spotkaniu przeciwko ,,Anio\u0142om\u201d. Dobrym prognostykiem dla kibic\u00f3w Motoru mo\u017ce by\u0107 cho\u0107by imponuj\u0105ca forma Kacpra Woryny. Ten wygra\u0142 rywalizacj\u0119 o Z\u0142oty Kask w Opolu chwil\u0119 przed inauguracj\u0105 ligi. Motor ma potencja\u0142 na wysokie zwyci\u0119stwo, je\u015bli wszystko p\u00f3jdzie zgodni z ich planem oraz go\u015bcie nadal b\u0119d\u0105 boryka\u0107 si\u0119 z problematyczn\u0105 form\u0105 jednego z lider\u00f3w.<\/p>\n<p>Czy Patryk Dudek znalaz\u0142 to czego szuka\u0142?<\/p>\n<p>Forma Patryka Dudka to najg\u0142o\u015bniejszy przed sezonowy temat w obozie toru\u0144skim. Forma jednego z lider\u00f3w zespo\u0142u mocno podupad\u0142a w przygotowaniach do sezonu 2026. Zar\u00f3wno w meczach towarzyskich, jak i zawodach indywidualnych przed startem ligi Patryk Dudek wygl\u0105da\u0142 naprawd\u0119 s\u0142abo. Liga jednak rz\u0105dzi si\u0119 swoimi prawami. Dlatego kibice z Torunia mog\u0105 trzyma\u0107 kciuki za to, \u017ce Dudek odpali akurat na mecz z Lublinem. Kolejnym znakiem zapytania jest dyspozycja Kawczy\u0144skiego po upadku. Junior go\u015bci b\u0119dzie jecha\u0142 \u015bwie\u017co po kontuzji. Czy da rad\u0119 pom\u00f3c swojej dru\u017cynie w arcytrudnym spotkaniu?<a href=\"https:\/\/www.google.com\" id=\"www.google.com\" rel=\"nofollow noopener\" target=\"_blank\"> <\/a><\/p>\n<p>Spotkanie zaplanowano na 12 kwietnia. Pocz\u0105tek rywalizacji o godzinie 19:30. <a href=\"https:\/\/speedwaynews.pl\/relacja-na-zywo\/pge-ekstraliga-orlen-oil-motor-lublin-pres-grupa-deweloperska-torun-2026\/\" id=\"https:\/\/speedwaynews.pl\/relacja-na-zywo\/pge-ekstraliga-orlen-oil-motor-lublin-pres-grupa-deweloperska-torun-2026\/\" rel=\"nofollow noopener\" target=\"_blank\">Relacj\u0119 LIVE z tego spotkania przeprowadzi portal speedwaynews.pl.<\/a><\/p>\n<p>Awizowane sk\u0142ady na mecz Orlen Oil Motor Lublin \u2013 Pres Grupa Deweloperska Toru\u0144<\/p>\n<p>Orlen Oil Motor Lublin:<br \/>9. Martin Vacul\u00edk<br \/>10. Fredrik Lindgren<br \/>11. Kacper Woryna<br \/>12. Mateusz Cierniak<br \/>13. Bartosz Zmarzlik<br \/>14. Bartosz Ba\u0144bor<br \/>15. Bartosz Jaworski<br \/>16.<\/p>\n<p>Pres Grupa Deweloperska Toru\u0144:<br \/>1. Patryk Dudek<br \/>2. Robert Lambert<br \/>3. Norick Bl\u00f6dorn<br \/>4. Mikkel Michelsen<br \/>5. Emil Sajfutdinow<br \/>6. Antoni Kawczy\u0144ski<br \/>7. Miko\u0142aj Duchi\u0144ski<br \/>8.<\/p>\n<p>                Aby nie przegapi\u0107 najciekawszych artyku\u0142\u00f3w kliknij obserwuj speedwaynews.pl na Google News<br \/>\n                <a target=\"_blank\" href=\"https:\/\/news.google.com\/publications\/CAAiEKvF4ca6fzDOt8g5DGS1iLgqFAgKIhCrxeHGun8wzrfIOQxktYi4?hl=pl&amp;gl=PL&amp;ceid=PL%3Apl\" rel=\"nofollow noopener\"><\/p>\n<p>                    Obserwuj nas!<br \/>\n                <\/a><\/p>\n","protected":false},"excerpt":{"rendered":"Orlen Oil Motor Lublin zmierzy si\u0119 u siebie z dru\u017cyn\u0105 Pres Toru\u0144. Hit PGE Ekstraligi ju\u017c w pierwszej&hellip;\n","protected":false},"author":2,"featured_media":355981,"comment_status":"","ping_status":"","sticky":false,"template":"","format":"standard","meta":{"footnotes":"","_share_on_mastodon":"0"},"categories":[51612],"tags":[3417,6925,8052,780,3410,3412,10444,1081,4800,3415,3411,12293,61939,2164,2518,1334,42,38,40,39,41,2619,3413,882,174],"class_list":["post-355980","post","type-post","status-publish","format-standard","has-post-thumbnail","category-lublin","tag-antoni-kawczynski","tag-bartosz-banbor","tag-bartosz-jaworski","tag-bartosz-zmarzlik","tag-emil-sajfutdinow","tag-fredrik-lindgren","tag-kacper-woryna","tag-lublin","tag-martin-vaculik","tag-mateusz-cierniak","tag-mikkel-michelsen","tag-mikolaj-duchinski","tag-norick-blodorn","tag-orlen-oil-motor-lublin","tag-patryk-dudek","tag-pge-ekstraliga","tag-pl","tag-poland","tag-polish","tag-polska","tag-polski","tag-pres-grupa-deweloperska-torun","tag-robert-lambert","tag-speedway","tag-zuzel"],"share_on_mastodon":{"url":"https:\/\/pubeurope.com\/@pl\/116375900936772184","error":""},"_links":{"self":[{"href":"https:\/\/www.europesays.com\/pl\/wp-json\/wp\/v2\/posts\/355980","targetHints":{"allow":["GET"]}}],"collection":[{"href":"https:\/\/www.europesays.com\/pl\/wp-json\/wp\/v2\/posts"}],"about":[{"href":"https:\/\/www.europesays.com\/pl\/wp-json\/wp\/v2\/types\/post"}],"author":[{"embeddable":true,"href":"https:\/\/www.europesays.com\/pl\/wp-json\/wp\/v2\/users\/2"}],"replies":[{"embeddable":true,"href":"https:\/\/www.europesays.com\/pl\/wp-json\/wp\/v2\/comments?post=355980"}],"version-history":[{"count":0,"href":"https:\/\/www.europesays.com\/pl\/wp-json\/wp\/v2\/posts\/355980\/revisions"}],"wp:featuredmedia":[{"embeddable":true,"href":"https:\/\/www.europesays.com\/pl\/wp-json\/wp\/v2\/media\/355981"}],"wp:attachment":[{"href":"https:\/\/www.europesays.com\/pl\/wp-json\/wp\/v2\/media?parent=355980"}],"wp:term":[{"taxonomy":"category","embeddable":true,"href":"https:\/\/www.europesays.com\/pl\/wp-json\/wp\/v2\/categories?post=355980"},{"taxonomy":"post_tag","embeddable":true,"href":"https:\/\/www.europesays.com\/pl\/wp-json\/wp\/v2\/tags?post=355980"}],"curies":[{"name":"wp","href":"https:\/\/api.w.org\/{rel}","templated":true}]}}