{"id":356092,"date":"2026-04-09T18:28:11","date_gmt":"2026-04-09T18:28:11","guid":{"rendered":"https:\/\/www.europesays.com\/pl\/356092\/"},"modified":"2026-04-09T18:28:11","modified_gmt":"2026-04-09T18:28:11","slug":"rzad-nie-bedzie-juz-mogl-ratowac-nfz-wazna-zmiana-ekspert-alarmuje","status":"publish","type":"post","link":"https:\/\/www.europesays.com\/pl\/356092\/","title":{"rendered":"Rz\u0105d nie b\u0119dzie ju\u017c m\u00f3g\u0142 ratowa\u0107 NFZ. Wa\u017cna zmiana. Ekspert alarmuje"},"content":{"rendered":"\n<p>Narodowy Fundusz Zdrowia w\u00a0ostatnich latach by\u0142 zasilany w\u00a0ci\u0105gu roku dotacjami, w\u00a0tym pieni\u0119dzmi pochodz\u0105cymi z\u00a0emisji obligacji skarbowych, kt\u00f3re umo\u017cliwi\u0142y NFZ rozliczenie si\u0119 za wykonane \u015bwiadczenia.<\/p>\n<p>Od 1\u00a0stycznia 2027\u00a0roku zaczn\u0105 obowi\u0105zywa\u0107 przepisy zak\u0142adaj\u0105ce obj\u0119cie finans\u00f3w NFZ tzw. rozszerzon\u0105 stabilizuj\u0105c\u0105 regu\u0142\u0105 wydatkow\u0105 (SRW).<\/p>\n<p>W\u00a0opinii ekonomisty z\u00a0Federacji Przedsi\u0119biorc\u00f3w Polskich \u0141ukasza Koz\u0142owskiego, po wej\u015bciu w\u00a0\u017cycie tych przepis\u00f3w uzupe\u0142nienie luki finansowej NFZ b\u0119dzie trudniejsze. <\/p>\n<p> <img role=\"presentation\" class=\"absolute left-1\/2 top-1\/2 max-h-[80%] max-w-[100px] -translate-x-1\/2 -translate-y-1\/2\" src=\"https:\/\/v.wpimg.pl\/ZXJfd3AudTkrBBIAbg54LGhcRlAxHQUrPgJGH2MAeGJoSQ1eIBI_K2UHAEVuBTY5KQMMXC0RPyoVERQdMgM9ejc\" loading=\"lazy\" decoding=\"async\"\/> <\/p>\n<blockquote><p>Operacje, kt\u00f3re skutkuj\u0105 w\u00a0ci\u0105gu roku zmian\u0105 sumy wydatk\u00f3w i\u00a0maj\u0105 charakter inny ni\u017c dotacja bud\u017cetowa, czyli np. przekazanie obligacji skarbu pa\u0144stwa do NFZ, b\u0119d\u0105 mog\u0142y skutkowa\u0107 naruszeniem tej regu\u0142y, czyli b\u0119dzie dzia\u0142aniem w\u00a0\u015bwietle przepis\u00f3w niedopuszczalnym &#8211; powiedzia\u0142 Koz\u0142owski PAP.<\/p><\/blockquote>\n<p>&#8222;Przemys\u0142 ma\u00a0si\u0119 bardzo dobrze&#8221;. Oto jak Polska umacnia swoj\u0105 pozycj\u0119 <\/p>\n<p>Zdaniem eksperta plany finansowe NFZ s\u0105 co roku systemowo zani\u017cane, je\u015bli chodzi o\u00a0koszty i\u00a0wydatki, a\u00a0dotacja z\u00a0bud\u017cetu pa\u0144stwa jest niedoszacowana. &#8211; Plany nie odzwierciedlaj\u0105 rzeczywistych potrzeb zwi\u0105zanych z\u00a0zadaniami, kt\u00f3re s\u0105 na Fundusz nak\u0142adane. NFZ nie ma prawnej mo\u017cliwo\u015bci, \u017ceby w\u00a0planie finansowym uj\u0105\u0107 realny poziom koszt\u00f3w, kt\u00f3re ponosi &#8211; doda\u0142.<\/p>\n<p> <img role=\"presentation\" class=\"absolute left-1\/2 top-1\/2 max-h-[80%] max-w-[100px] -translate-x-1\/2 -translate-y-1\/2\" src=\"https:\/\/v.wpimg.pl\/ZXJfd3AudTkrBBIAbg54LGhcRlAxHQUrPgJGH2MAeGJoSQ1eIBI_K2UHAEVuBTY5KQMMXC0RPyoVERQdMgM9ejc\" loading=\"lazy\" decoding=\"async\"\/> <\/p>\n<p>W\u00a0marcu Ministerstwo Zdrowia, powo\u0142uj\u0105c si\u0119 na aktualne prognozy, poinformowa\u0142o, \u017ce w\u00a02026\u00a0r. <a href=\"https:\/\/www.money.pl\/biznes\/zaplacimy-wiecej-za-zabiegi-nfz-zmuszony-do-radykalnych-ciec-7265959001278784a.html\" rel=\"noopener noreferrer nofollow\" target=\"_blank\">NFZ b\u0119dzie potrzebowa\u0142 dotacji na finansowanie \u015bwiadcze\u0144 w\u00a0wysoko\u015bci 30\u00a0mld z\u0142, a\u00a0pocz\u0105tkowo szacowa\u0142o j\u0105 na 26\u00a0mld z\u0142.<\/a> W\u00a0ubieg\u0142ym roku rz\u0105d kilkukrotnie zwi\u0119ksza\u0142 bud\u017cet NFZ, <a href=\"https:\/\/www.money.pl\/gospodarka\/nfz-na-krawedzi-rzad-chce-zmienic-prawo-co-zrobi-prezydent-7230293466078112a.html\" rel=\"noopener noreferrer nofollow\" target=\"_blank\">a\u00a0na koniec roku dotacja wynios\u0142a 33\u00a0mld z\u0142, cho\u0107 pocz\u0105tkowo planowano j\u0105 na ponad 18\u00a0mld z\u0142.<\/a><\/p>\n<p>W\u00a0opinii Koz\u0142owskiego stabilizuj\u0105ca regu\u0142a wydatkowa pozwoli powi\u0119kszy\u0107 wydatki NFZ albo przez zmniejszenie wydatk\u00f3w publicznych na inne cele i\u00a0przekazanie oszcz\u0119dno\u015bci Funduszowi, albo zwi\u0119kszenie dochod\u00f3w sektora finans\u00f3w publicznych. &#8211; Nie b\u0119dzie mo\u017cliwo\u015bci powi\u0119kszenia bud\u017cetu NFZ w\u00a0taki spos\u00f3b, kt\u00f3ry dodatkowo powi\u0119kszy deficyt bud\u017cetu pa\u0144stwa &#8211; oceni\u0142 Koz\u0142owski.<\/p>\n<p> <a href=\"https:\/\/www.money.pl\/gospodarka\/demograficzne-tsunami-uderzy-w-nfz-znamy-liczby-7230553362721696a.html\" class=\"teaser-inline\" rel=\"nofollow noopener\" target=\"_blank\">  <img decoding=\"async\" src=\"https:\/\/www.europesays.com\/pl\/wp-content\/uploads\/2026\/04\/MGNiYjcxYiYvCy9ZTANvM2xTewMKWmFlO0tjSExJf39-EXYMChQoNSsZNkQECjg3Lx4pRBMUYiY-AHYcUlcpLj0ZNQsaVygqLAw9.webp\" width=\"0\" height=\"0\" loading=\"lazy\" class=\"wp-media-image cropped\" alt=\"Demograficzne tsunami uderzy w NFZ. Znamy liczby\"\/><\/p>\n<p>Demograficzne tsunami uderzy w NFZ. Znamy liczby<\/p>\n<p><\/a> <img role=\"presentation\" class=\"absolute left-1\/2 top-1\/2 max-h-[80%] max-w-[100px] -translate-x-1\/2 -translate-y-1\/2\" src=\"https:\/\/v.wpimg.pl\/ZXJfd3AudTkrBBIAbg54LGhcRlAxHQUrPgJGH2MAeGJoSQ1eIBI_K2UHAEVuBTY5KQMMXC0RPyoVERQdMgM9ejc\" loading=\"lazy\" decoding=\"async\"\/> <\/p>\n<p>Ekspert zaznaczy\u0142, \u017ce w\u00a0sytuacji braku mo\u017cliwo\u015bci \u0142atwego dofinansowania NFZ, niedoboru \u015brodk\u00f3w i\u00a0braku zgody na podniesienie sk\u0142adki lub zmian\u0119 mechanizmu wycen \u015bwiadcze\u0144, <a href=\"https:\/\/www.money.pl\/polityka\/ciecia-w-nfz-resort-zdrowia-przyznaje-sytuacja-jest-bardzo-trudna-7268441399842944a.html\" rel=\"noopener noreferrer nofollow\" target=\"_blank\">jedyn\u0105 alternatyw\u0105 b\u0119dzie ograniczenie liczby \u015bwiadcze\u0144, kt\u00f3re Fundusz kupuje. <\/a><\/p>\n<p>&#8211; Mo\u017ce si\u0119 to odbywa\u0107 na r\u00f3\u017cne sposoby: albo przez nak\u0142adanie limit\u00f3w na r\u00f3\u017cne rodzaje \u015bwiadcze\u0144, wprowadzenie zasad rozliczania \u015bwiadcze\u0144 wykonanych ponad limit, kt\u00f3re zniech\u0119caj\u0105 do ich udzielania, albo kontraktowanie mniejszej liczby \u015bwiadcze\u0144 &#8211; zaznaczy\u0142. Wed\u0142ug Koz\u0142owskiego istnieje ryzyko ograniczenia dost\u0119pno\u015bci \u015bwiadcze\u0144 dla pacjent\u00f3w.<\/p>\n<p> <a href=\"https:\/\/www.money.pl\/gospodarka\/minister-zdrowia-dla-money-pl-do-sciany-dochodzimy-w-tym-roku-a-w-przyszlym-na-pewno-juz-dojdziemy-7218278183090848a.html\" class=\"teaser-inline\" rel=\"nofollow noopener\" target=\"_blank\">  <img decoding=\"async\" src=\"https:\/\/www.europesays.com\/pl\/wp-content\/uploads\/2026\/04\/ZTA2YWU3dTUgUC9kekh4IGMIez48EXZ2NBBjdXoCaGxxSnYxPF8_JiRCNnkyQS8kIEUpeSVfdTUxW3YhZBw-PTJCNTYsHD85I1c9.webp\" width=\"0\" height=\"0\" loading=\"lazy\" class=\"wp-media-image cropped\" alt=\"Minister zdrowia dla money.pl: do \u015bciany dochodzimy w tym roku, a w przysz\u0142ym na pewno ju\u017c dojdziemy\"\/><\/p>\n<p>Minister zdrowia dla money.pl: do \u015bciany dochodzimy w tym roku, a w przysz\u0142ym na pewno ju\u017c dojdziemy<\/p>\n<p><\/a> <img role=\"presentation\" class=\"absolute left-1\/2 top-1\/2 max-h-[80%] max-w-[100px] -translate-x-1\/2 -translate-y-1\/2\" src=\"https:\/\/v.wpimg.pl\/ZXJfd3AudTkrBBIAbg54LGhcRlAxHQUrPgJGH2MAeGJoSQ1eIBI_K2UHAEVuBTY5KQMMXC0RPyoVERQdMgM9ejc\" loading=\"lazy\" decoding=\"async\"\/> <\/p>\n<p>Ekspert powiedzia\u0142, \u017ce oszcz\u0119dno\u015bci uzyskane popraw\u0105 efektywno\u015bci udzielania \u015bwiadcze\u0144 nie przynios\u0105 efektu rekompensuj\u0105cego w\u00a0pe\u0142ni nier\u00f3wnowag\u0119 finansow\u0105 w\u00a0NFZ.<\/p>\n<p>Ci\u0119cia w NFZ. Takie maj\u0105 przynie\u015b\u0107 oszcz\u0119dno\u015bci<\/p>\n<p>W\u00a0kwietniu NFZ wprowadzi\u0142 tzw. stawki degresywne w\u00a0badaniach diagnostycznych kosztoch\u0142onnych, co ma przynie\u015b\u0107 w\u00a02026\u00a0r. 625\u00a0mln z\u0142 oszcz\u0119dno\u015bci. Fundusz p\u0142aci 60\u00a0proc. za gastroskopi\u0119 i\u00a0kolonoskopi\u0119, a\u00a050\u00a0proc. za rezonans magnetyczny i\u00a0tomografi\u0119 komputerow\u0105 wykonane ponad limit okre\u015blony w\u00a0kontrakcie; przed zmian\u0105 by\u0142o to 100\u00a0proc. Kolejne korekty finansowania maj\u0105 dotyczy\u0107 pozosta\u0142ych \u015bwiadcze\u0144 ambulatoryjnej opieki specjalistycznej (AOS) wykonanych ponad limit.<\/p>\n<p> <a href=\"https:\/\/www.money.pl\/gospodarka\/ogromna-dziura-w-nfz-oto-gdzie-beda-ciecia-7267303934974272a.html\" class=\"teaser-inline\" rel=\"nofollow noopener\" target=\"_blank\">  <img decoding=\"async\" src=\"https:\/\/www.europesays.com\/pl\/wp-content\/uploads\/2026\/04\/NzVhMWUxYRs3CjtkegNsDnRSbz48WmJYI0p3dXpJfEJmEGIxPBQrCDMYInkyCjsKNx89eSUUYRsmAWIhZFcqEyUYITYsVysXNA0p.webp\" width=\"0\" height=\"0\" loading=\"lazy\" class=\"wp-media-image cropped\" alt=\"Ogromna dziura w NFZ. Oto gdzie b\u0119d\u0105 ci\u0119cia\"\/><\/p>\n<p>Ogromna dziura w NFZ. Oto gdzie b\u0119d\u0105 ci\u0119cia<\/p>\n<p><\/a> <img role=\"presentation\" class=\"absolute left-1\/2 top-1\/2 max-h-[80%] max-w-[100px] -translate-x-1\/2 -translate-y-1\/2\" src=\"https:\/\/v.wpimg.pl\/ZXJfd3AudTkrBBIAbg54LGhcRlAxHQUrPgJGH2MAeGJoSQ1eIBI_K2UHAEVuBTY5KQMMXC0RPyoVERQdMgM9ejc\" loading=\"lazy\" decoding=\"async\"\/> <\/p>\n<p>Przedstawiciele szpitali i\u00a0organizacji pacjenckich uwa\u017caj\u0105, \u017ce nowe zasady rozlicze\u0144 bada\u0144 diagnostycznych ogranicz\u0105 dost\u0119pno\u015b\u0107 do nich i\u00a0spowoduj\u0105 wyd\u0142u\u017cenie kolejek. De facto zaczn\u0105 bowiem obowi\u0105zywa\u0107 limity na \u015bwiadczenia, kt\u00f3re do tej pory by\u0142y nielimitowane, a\u00a0zmiany dotkn\u0105 tak\u017ce pacjent\u00f3w onkologicznych. Za\u015b podmioty lecznicze, obawiaj\u0105c si\u0119 wzrostu zad\u0142u\u017cenia, nie b\u0119d\u0105 bowiem chcia\u0142y przyjmowa\u0107 pacjent\u00f3w ponad warto\u015b\u0107 okre\u015blon\u0105 w\u00a0kontrakcie z\u00a0NFZ. <\/p>\n<p>Minister zdrowia Jolanta Sobiera\u0144ska-Grenda powiedzia\u0142a PAP, \u017ce konieczne jest uporz\u0105dkowanie finansowania \u015bwiadcze\u0144, aby pieni\u0105dze w\u00a0pierwszej kolejno\u015bci przek\u0142ada\u0142y si\u0119 na szybsz\u0105 i\u00a0bardziej skuteczn\u0105 diagnostyk\u0119 pacjent\u00f3w.<\/p>\n","protected":false},"excerpt":{"rendered":"Narodowy Fundusz Zdrowia w\u00a0ostatnich latach by\u0142 zasilany w\u00a0ci\u0105gu roku dotacjami, w\u00a0tym pieni\u0119dzmi pochodz\u0105cymi z\u00a0emisji obligacji skarbowych, kt\u00f3re umo\u017cliwi\u0142y&hellip;\n","protected":false},"author":2,"featured_media":356093,"comment_status":"","ping_status":"","sticky":false,"template":"","format":"standard","meta":{"footnotes":"","_share_on_mastodon":"0"},"categories":[12],"tags":[32,33,36,37,27,34,35,28,31,25,42,38,40,39,41,29,30,26],"class_list":["post-356092","post","type-post","status-publish","format-standard","has-post-thumbnail","category-polska","tag-breaking-news","tag-breakingnews","tag-featured-news","tag-featurednews","tag-headlines","tag-latest-news","tag-latestnews","tag-naglowki","tag-najwazniejsze-artykuly","tag-news","tag-pl","tag-poland","tag-polish","tag-polska","tag-polski","tag-top-stories","tag-topstories","tag-wiadomosci"],"share_on_mastodon":{"url":"https:\/\/pubeurope.com\/@pl\/116376168447033186","error":""},"_links":{"self":[{"href":"https:\/\/www.europesays.com\/pl\/wp-json\/wp\/v2\/posts\/356092","targetHints":{"allow":["GET"]}}],"collection":[{"href":"https:\/\/www.europesays.com\/pl\/wp-json\/wp\/v2\/posts"}],"about":[{"href":"https:\/\/www.europesays.com\/pl\/wp-json\/wp\/v2\/types\/post"}],"author":[{"embeddable":true,"href":"https:\/\/www.europesays.com\/pl\/wp-json\/wp\/v2\/users\/2"}],"replies":[{"embeddable":true,"href":"https:\/\/www.europesays.com\/pl\/wp-json\/wp\/v2\/comments?post=356092"}],"version-history":[{"count":0,"href":"https:\/\/www.europesays.com\/pl\/wp-json\/wp\/v2\/posts\/356092\/revisions"}],"wp:featuredmedia":[{"embeddable":true,"href":"https:\/\/www.europesays.com\/pl\/wp-json\/wp\/v2\/media\/356093"}],"wp:attachment":[{"href":"https:\/\/www.europesays.com\/pl\/wp-json\/wp\/v2\/media?parent=356092"}],"wp:term":[{"taxonomy":"category","embeddable":true,"href":"https:\/\/www.europesays.com\/pl\/wp-json\/wp\/v2\/categories?post=356092"},{"taxonomy":"post_tag","embeddable":true,"href":"https:\/\/www.europesays.com\/pl\/wp-json\/wp\/v2\/tags?post=356092"}],"curies":[{"name":"wp","href":"https:\/\/api.w.org\/{rel}","templated":true}]}}