{"id":356486,"date":"2026-04-09T23:08:20","date_gmt":"2026-04-09T23:08:20","guid":{"rendered":"https:\/\/www.europesays.com\/pl\/356486\/"},"modified":"2026-04-09T23:08:20","modified_gmt":"2026-04-09T23:08:20","slug":"leo-express-pozostaje-wierny-polsce","status":"publish","type":"post","link":"https:\/\/www.europesays.com\/pl\/356486\/","title":{"rendered":"Leo Express pozostaje wierny Polsce"},"content":{"rendered":"<p>\t\t\t10<br \/>\n\t\t\tW tym samym czasie, gdy RegioJet og\u0142asza zako\u0144czenie w maju obs\u0142ugi po\u0142\u0105cze\u0144 krajowych w Polsce, inny przewo\u017anik z Czech \u2013 Leo Express \u2013 planuje rozszerzenie dzia\u0142alno\u015bci w naszym kraju.<\/p>\n<p>\u00a0<\/p>\n<p>Leo Express obs\u0142uguje lini\u0119 Warszawa \u2013 Krak\u00f3w i planuje jednocze\u015bnie dalsze zwi\u0119kszanie liczby tych po\u0142\u0105cze\u0144 oraz skomunikowanie Polski z Niemcami przez Czechy. Firma wyra\u017ca r\u00f3wnie\u017c zainteresowanie obs\u0142ug\u0105 kolejnych tras na terytorium Polski, a dla pasa\u017cer\u00f3w chc\u0105cych przetestowa\u0107 jej us\u0142ugi przygotowa\u0142a 50% zni\u017cki na co drugi bilet.<\/p>\n<p>Polska to dla Leo Express wa\u017cny rynek, \u202fna kt\u00f3rym planujemy z pomoc\u0105 strategicznego partnera Renfe dalej ekspandowa\u0107. Statystyki przewozowe potwierdzaj\u0105 du\u017ce zainteresowanie naszymi us\u0142ugami. Tylko na nowej trasie Warszawa \u2013 Krak\u00f3w \u2013 Praga przewie\u017ali\u015bmy od 1 marca 38 tysi\u0119cy pasa\u017cer\u00f3w, z czego 20 tysi\u0119cy wybra\u0142o po\u0142\u0105czenie krajowe mi\u0119dzy Warszaw\u0105 a Krakowem. Na tej trasie b\u0119dziemy dodawa\u0107 kolejne kursy i uruchomimy te\u017c lini\u0119 mi\u0119dzy Polsk\u0105 a Niemcami \u2013 zapewnia Emil Sedla\u0159\u00edk, rzecznik prasowy Leo Express.<\/p>\n<p>Leo Express dzia\u0142a w Polsce od 2018 roku, kiedy to jako pierwszy prywatny przewo\u017anik kolejowy uruchomi\u0142 po\u0142\u0105czenie z Czech do Krakowa. Tym samym otworzy\u0142 polski rynek kolejowy dla innych prywatnych przewo\u017anik\u00f3w. Pasa\u017cerom zapewnia wysoki komfort podr\u00f3\u017cy, obejmuj\u0105cy Wi-Fi 5G, szerok\u0105 ofert\u0119 pocz\u0119stunku, w tym tradycyjny polski \u017curek za 6 z\u0142otych, ulubiony czeski sma\u017cony ser oraz specja\u0142y kuchni azjatyckiej. Posi\u0142ki dostarcza bezpo\u015brednio do foteli personel pok\u0142adowy. Dla bardziej wymagaj\u0105cych pasa\u017cer\u00f3w dost\u0119pna jest klasa Premium Sleeper, w kt\u00f3rej fotel mo\u017cna ustawi\u0107 w pozycji do spania, zapewniaj\u0105c bardzo wygodne miejsce zar\u00f3wno do siedzenia, jak i komfortowego odpoczynku podczas podr\u00f3\u017cy.<\/p>\n<p>Pasa\u017cerom, kt\u00f3rzy chc\u0105 wypr\u00f3bowa\u0107 nasze us\u0142ugi, oferujemy teraz 50% zni\u017cki na ka\u017cdy drugi bilet przy zakupie dw\u00f3ch i wi\u0119cej bilet\u00f3w w jednym zam\u00f3wieniu. Wystarczy, aby pasa\u017cerowie przy zakupie biletu u\u017cyli kodu promocyjnego SPROBUJLEO \u2013 dodaje Emil Sedla\u0159\u00edk.<\/p>\n<p>Wi\u0119cej kurs\u00f3w do Warszawy i nie tylko<\/p>\n<p>Aktualnie Leo Express obs\u0142uguje w Polsce dwie pary po\u0142\u0105cze\u0144 dziennie na trasie Warszawa \u2013 Krak\u00f3w \u2013 O\u015bwi\u0119cim \u2013 Praga. A na trasie Krak\u00f3w \u2013 Praga je\u017cd\u017c\u0105 a\u017c cztery poci\u0105g\u00f3w.<\/p>\n<p>Od 25 czerwca Leo Express doda kolejne kursy. W ka\u017cdym kierunku na kluczowej krajowej trasie Warszawa \u2013 Krak\u00f3w i z powrotem pojad\u0105 \u0142\u0105cznie cztery pary poci\u0105g\u00f3w Leo Express. Jednocze\u015bnie zwi\u0119kszy si\u0119 tak\u017ce liczba mi\u0119dzynarodowych po\u0142\u0105cze\u0144 mi\u0119dzy Warszaw\u0105 a Prag\u0105 do trzech dziennie w ka\u017cdym kierunku.<\/p>\n<p>Leo Express uruchomi\u0142 od 1 kwietnia regularn\u0105 lini\u0119 autobusow\u0105 mi\u0119dzy Krakowem a Lwowem. Od 29 kwietnia doda potem kolejne po\u0142\u0105czenie i regularnie po\u0142\u0105czy Polsk\u0119 z Ukrain\u0105 dwoma autobusami. Klimatyzowane autokary z Wi-Fi i toalet\u0105 nawi\u0105zuj\u0105 do poci\u0105g\u00f3w mi\u0119dzy Krakowem a Republik\u0105 Czesk\u0105. Pasa\u017cerowie mog\u0105 wykorzysta\u0107 tak\u017ce now\u0105 krajow\u0105 lini\u0119 Krak\u00f3w \u2013 Warszawa. Od 25 czerwca 2026 roku sp\u00f3\u0142ka planuje zainaugurowa\u0107 now\u0105 mi\u0119dzynarodow\u0105 lini\u0119 kolejow\u0105 do Niemiec z Polski przez Czechy.<\/p>\n","protected":false},"excerpt":{"rendered":"10 W tym samym czasie, gdy RegioJet og\u0142asza zako\u0144czenie w maju obs\u0142ugi po\u0142\u0105cze\u0144 krajowych w Polsce, inny przewo\u017anik&hellip;\n","protected":false},"author":2,"featured_media":356487,"comment_status":"","ping_status":"","sticky":false,"template":"","format":"standard","meta":{"footnotes":"","_share_on_mastodon":"0"},"categories":[51605],"tags":[62083,62084,62085,42,38,40,39,41,1196,435,62086],"class_list":["post-356486","post","type-post","status-publish","format-standard","has-post-thumbnail","category-warszawa","tag-emil-sedlarik","tag-krakow-warszawa","tag-leo-epxress","tag-pl","tag-poland","tag-polish","tag-polska","tag-polski","tag-regiojet","tag-warszawa","tag-warszawa-krakow-oswiecim-praga"],"share_on_mastodon":{"url":"https:\/\/pubeurope.com\/@pl\/116377269529668624","error":""},"_links":{"self":[{"href":"https:\/\/www.europesays.com\/pl\/wp-json\/wp\/v2\/posts\/356486","targetHints":{"allow":["GET"]}}],"collection":[{"href":"https:\/\/www.europesays.com\/pl\/wp-json\/wp\/v2\/posts"}],"about":[{"href":"https:\/\/www.europesays.com\/pl\/wp-json\/wp\/v2\/types\/post"}],"author":[{"embeddable":true,"href":"https:\/\/www.europesays.com\/pl\/wp-json\/wp\/v2\/users\/2"}],"replies":[{"embeddable":true,"href":"https:\/\/www.europesays.com\/pl\/wp-json\/wp\/v2\/comments?post=356486"}],"version-history":[{"count":0,"href":"https:\/\/www.europesays.com\/pl\/wp-json\/wp\/v2\/posts\/356486\/revisions"}],"wp:featuredmedia":[{"embeddable":true,"href":"https:\/\/www.europesays.com\/pl\/wp-json\/wp\/v2\/media\/356487"}],"wp:attachment":[{"href":"https:\/\/www.europesays.com\/pl\/wp-json\/wp\/v2\/media?parent=356486"}],"wp:term":[{"taxonomy":"category","embeddable":true,"href":"https:\/\/www.europesays.com\/pl\/wp-json\/wp\/v2\/categories?post=356486"},{"taxonomy":"post_tag","embeddable":true,"href":"https:\/\/www.europesays.com\/pl\/wp-json\/wp\/v2\/tags?post=356486"}],"curies":[{"name":"wp","href":"https:\/\/api.w.org\/{rel}","templated":true}]}}