{"id":356552,"date":"2026-04-10T00:01:16","date_gmt":"2026-04-10T00:01:16","guid":{"rendered":"https:\/\/www.europesays.com\/pl\/356552\/"},"modified":"2026-04-10T00:01:16","modified_gmt":"2026-04-10T00:01:16","slug":"szef-regiojet-uderza-w-pkp-i-tvp-polska-to-pieklo-podroze-wprost","status":"publish","type":"post","link":"https:\/\/www.europesays.com\/pl\/356552\/","title":{"rendered":"Szef RegioJet uderza w PKP i TVP. \u201ePolska to piek\u0142o\u201d \u2013 Podr\u00f3\u017ce Wprost"},"content":{"rendered":"\n<p>&#13;<br \/>\n9 kwietnia czeskie przedsi\u0119biorstwo kolejowe RegioJet poinformowa\u0142o, \u017ce\u00a0z\u00a0dniem 3\u00a0maja zako\u0144czy obs\u0142ug\u0119 krajowych po\u0142\u0105cze\u0144 dalekobie\u017cnych w\u00a0Polsce. Chodzi o\u00a0po\u0142\u0105czenia Krak\u00f3w \u2013\u00a0Warszawa \u2013\u00a0Gdynia oraz\u00a0Pozna\u0144 \u2013\u00a0Warszawa. Jako g\u0142\u00f3wny pow\u00f3d podano brak otwarto\u015bci polskiego rynku na\u00a0konkurencj\u0119, m.in. poprzez utrudnianie promocji na\u00a0dworcach w\u00a0Polsce. Sp\u00f3\u0142ka PKP Intercity odnios\u0142a si\u0119 ju\u017c do\u00a0<a href=\"https:\/\/podroze.wprost.pl\/turystyka\/12298299\/regiojet-zarzuca-pkp-drapiezne-dzialania-jest-odpowiedz.html\" rel=\"nofollow noopener\" target=\"_blank\">zarzut\u00f3w RegioJet w\u00a0komunikacie.<\/a> &#13;\n<\/p>\n<p>Dlaczego RegioJet zamyka polskie trasy?<\/p>\n<p>&#13;<br \/>\nKilka dni wcze\u015bniej w\u0142a\u015bciciel RegioJet udzieli\u0142 wywiadu portalowi euro.cz. Zosta\u0142 zapytany o\u00a0to, jak przebieg\u0142a ekspansja na\u00a0rynku w\u00a0Polsce. &#13;\n<\/p>\n<p>\u201ePolska to\u00a0piek\u0142o. Wszyscy, kt\u00f3rzy tam je\u017adzili, ostrzegali mnie przed tym, ale\u00a0my\u015bla\u0142em, \u017ce\u00a0Polacy z\u00a0pewno\u015bci\u0105 uciesz\u0105 si\u0119 z\u00a0konkurencji, poniewa\u017c obecnie w\u00a0transporcie dalekobie\u017cnym monopol ma\u00a0pa\u0144stwowa sp\u00f3\u0142ka PKP, przez co\u00a0bilety w\u00a0tym kraju s\u0105 bardzo drogie. Zaskoczy\u0142o mnie jednak, \u017ce\u00a0atak PKP na\u00a0nas jest jeszcze wi\u0119kszy ni\u017c\u00a0to, co\u00a0robi\u0142y Czeskie Koleje pi\u0119tna\u015bcie lat temu. Z\u0142o\u017cyli\u015bmy wi\u0119c skarg\u0119 do\u00a0organ\u00f3w antymonopolowych\u201d \u2013\u00a0powiedzia\u0142 Radim Jancura. <\/p>\n<p>&#13;<br \/>\nWspomnia\u0142 te\u017c o\u00a0problemach z\u00a0reklam\u0105 \u017c\u00f3\u0142tych poci\u0105g\u00f3w na\u00a0polskich dworcach. Decyzj\u0119 o\u00a0tym podejmuje w\u0142a\u015bciciel budynk\u00f3w, PKP S.A., zarz\u0105dca narodowej sieci kolejowej. &#13;\n<\/p>\n<p>&#13;<br \/>\n\u201eNa wniosek Prezesa Zarz\u0105du PKP prowadzimy obecnie audyt wewn\u0119trzny dotycz\u0105cy najmu powierzchni dworcowych podmiotom konkurencyjnym wobec PKP Intercity. Audyt jest nadal w\u00a0toku, dlatego nie\u00a0mo\u017cemy na\u00a0razie skomentowa\u0107 tej sprawy (\u2026)\u201d \u2013\u00a0przekaza\u0142 w\u00a0o\u015bwiadczeniu rzecznik PKP S.A., Micha\u0142 Stigler. &#13;\n<\/p>\n<p>Krytyka pod\u00a0adresem TVP<\/p>\n<p>&#13;<br \/>\nGorzkie s\u0142owa pad\u0142y te\u017c pod\u00a0adresem polskiego rynku medialnego. Radim Jancura wspomnia\u0142, \u017ce\u00a0publiczna telewizja nie\u00a0korzysta\u0142a z\u00a0zaprosze\u0144 Czech\u00f3w na\u00a0wydarzenia dla\u00a0medi\u00f3w. &#13;\n<\/p>\n<p>&#13;<br \/>\n\u201eWspomnia\u0142bym na\u00a0przyk\u0142ad o\u00a0podej\u015bciu medi\u00f3w. W\u00a0Czechach mamy publiczn\u0105 Telewizj\u0119 Czesk\u0105, kt\u00f3ra jest niezale\u017cna, wi\u0119c obiektywnie informuje o\u00a0takich wydarzeniach, jak uruchomienie nowej linii kolejowej. Natomiast polska telewizja nigdy nie\u00a0pojawia si\u0119 na\u00a0\u017cadnej konferencji prasowej ani innym wydarzeniu. A\u00a0kiedy ich o\u00a0to zapyta\u0142em, powiedzieli mi, \u017ce\u00a0s\u0105 telewizj\u0105 pa\u0144stwow\u0105 i\u00a0\u017ce ich zadaniem jest promowanie pa\u0144stwowego przewo\u017anika\u201d \u2013\u00a0m\u00f3wi\u0142. &#13;\n<\/p>\n<p>&#13;<br \/>\nTelewizja TVP nie\u00a0odpowiedzia\u0142a na\u00a0pro\u015bb\u0119 euro.cz o\u00a0komentarz. &#13;\n<\/p>\n<p>&#13;<br \/>\nCzeski przewo\u017anik poinformowa\u0142, \u017ce\u00a0mi\u0119dzynarodowe po\u0142\u0105czenia Przemy\u015bl \u2013\u00a0Krak\u00f3w \u2013\u00a0Praga oraz\u00a0Warszawa \u2013\u00a0Praga b\u0119d\u0105 nadal obs\u0142ugiwane. \u201eMusimy zosta\u0107, wycofanie si\u0119 by\u0142oby dla\u00a0nas wielk\u0105 pora\u017ck\u0105\u201d \u2013\u00a0powiedzia\u0142 Radim Jancura. &#13;\n<\/p>\n<p>&#13;<br \/>\nCzytaj te\u017c:<br \/><a href=\"https:\/\/podroze.wprost.pl\/turystyka\/12281304\/kusili-kawalkiem-ciasta-za-2-zl-tylu-polakow-przewiozl-regiojet.html\" rel=\"follow nofollow noopener\" data-schema=\"WPROST\" data-image=\"https:\/\/img.wprost.pl\/_thumb\/7a\/39\/e121a4166d11220df83c21144056.jpeg\" target=\"_blank\">P\u00f3\u0142 roku ostrej konkurencji na\u00a0torach. Tylu Polak\u00f3w wybra\u0142o \u017c\u00f3\u0142te poci\u0105gi<\/a>Czytaj te\u017c:<br \/><a href=\"https:\/\/podroze.wprost.pl\/turystyka\/12279045\/nowe-tanie-pociagi-z-warszawy-do-wroclawia-jest-data.html\" rel=\"follow nofollow noopener\" data-schema=\"WPROST\" data-image=\"https:\/\/img.wprost.pl\/_thumb\/f1\/73\/9689b68da19b023240cfe7c4390d.jpeg\" target=\"_blank\">Na t\u0119\u00a0tras\u0119 czekali wszyscy pasa\u017cerowie. RegioJet poda\u0142 dat\u0119<\/a>&#13;<\/p>\n","protected":false},"excerpt":{"rendered":"&#13; 9 kwietnia czeskie przedsi\u0119biorstwo kolejowe RegioJet poinformowa\u0142o, \u017ce\u00a0z\u00a0dniem 3\u00a0maja zako\u0144czy obs\u0142ug\u0119 krajowych po\u0142\u0105cze\u0144 dalekobie\u017cnych w\u00a0Polsce. Chodzi o\u00a0po\u0142\u0105czenia&hellip;\n","protected":false},"author":2,"featured_media":356553,"comment_status":"","ping_status":"","sticky":false,"template":"","format":"standard","meta":{"footnotes":"","_share_on_mastodon":"0"},"categories":[12],"tags":[6306,6305,189,3760,6301,6302,42,6304,12015,6303,38,40,39,41,1196,4278],"class_list":["post-356552","post","type-post","status-publish","format-standard","has-post-thumbnail","category-polska","tag-afryka","tag-azja-ameryka","tag-europa","tag-gory","tag-marzena-tarkowska","tag-miejsca","tag-pl","tag-plaze","tag-pociagi","tag-podroze","tag-poland","tag-polish","tag-polska","tag-polski","tag-regiojet","tag-turystyka"],"share_on_mastodon":{"url":"https:\/\/pubeurope.com\/@pl\/116377477624690075","error":""},"_links":{"self":[{"href":"https:\/\/www.europesays.com\/pl\/wp-json\/wp\/v2\/posts\/356552","targetHints":{"allow":["GET"]}}],"collection":[{"href":"https:\/\/www.europesays.com\/pl\/wp-json\/wp\/v2\/posts"}],"about":[{"href":"https:\/\/www.europesays.com\/pl\/wp-json\/wp\/v2\/types\/post"}],"author":[{"embeddable":true,"href":"https:\/\/www.europesays.com\/pl\/wp-json\/wp\/v2\/users\/2"}],"replies":[{"embeddable":true,"href":"https:\/\/www.europesays.com\/pl\/wp-json\/wp\/v2\/comments?post=356552"}],"version-history":[{"count":0,"href":"https:\/\/www.europesays.com\/pl\/wp-json\/wp\/v2\/posts\/356552\/revisions"}],"wp:featuredmedia":[{"embeddable":true,"href":"https:\/\/www.europesays.com\/pl\/wp-json\/wp\/v2\/media\/356553"}],"wp:attachment":[{"href":"https:\/\/www.europesays.com\/pl\/wp-json\/wp\/v2\/media?parent=356552"}],"wp:term":[{"taxonomy":"category","embeddable":true,"href":"https:\/\/www.europesays.com\/pl\/wp-json\/wp\/v2\/categories?post=356552"},{"taxonomy":"post_tag","embeddable":true,"href":"https:\/\/www.europesays.com\/pl\/wp-json\/wp\/v2\/tags?post=356552"}],"curies":[{"name":"wp","href":"https:\/\/api.w.org\/{rel}","templated":true}]}}