{"id":356569,"date":"2026-04-10T00:14:54","date_gmt":"2026-04-10T00:14:54","guid":{"rendered":"https:\/\/www.europesays.com\/pl\/356569\/"},"modified":"2026-04-10T00:14:54","modified_gmt":"2026-04-10T00:14:54","slug":"pzn-oglasza-w-sprawie-macieja-maciusiaka-padla-konkretna-data","status":"publish","type":"post","link":"https:\/\/www.europesays.com\/pl\/356569\/","title":{"rendered":"PZN og\u0142asza w sprawie Macieja Maciusiaka. Pad\u0142a konkretna data"},"content":{"rendered":"<p>Z jednej strony fenomenalne igrzyska olimpijskie i popis Kacpra Tomasiaka, a z drugiej \u2014 rozczarowuj\u0105ca codzienno\u015b\u0107 w Pucharze \u015awiata. Taki obraz wy\u0142ania si\u0119 po ostatnim sezonie polskich skoczk\u00f3w. Nic dziwnego, \u017ce zdaniem wielu ekspert\u00f3w i kibic\u00f3w Maciusiak powinien straci\u0107 prac\u0119. Rafa\u0142 Kot z PZN-u stan\u0105\u0142 jednak w jego obronie. I wyt\u0142umaczy\u0142 dlaczego.<\/p>\n<p> Dalszy ci\u0105g artyku\u0142u pod materia\u0142em wideo <\/p>\n<p>&#8222;Poszli\u015bmy w polskiego trenera i musimy by\u0107 konsekwentni. Wiemy, \u017ce Puchar \u015awiata nam nie wyszed\u0142, ale z drugiej strony igrzyska wysz\u0142y nam super&#8221; \u2014 powiedzia\u0142 cz\u0142onek zarz\u0105du Polskiego Zwi\u0105zku Narciarskiego w rozmowie ze Sport.pl.<\/p>\n<p>Jego zdaniem medale zdobyte na najwa\u017cniejszej imprezie czterolecia by\u0142y sukcesem nie tylko samych zawodnik\u00f3w, ale tak\u017ce sztabu szkoleniowego, kt\u00f3remu przewodzi\u0142 w\u0142a\u015bnie Maciusiak. &#8222;Zaimponowa\u0142 mi tym, \u017ce potrafi\u0142 podj\u0105\u0107 trudne decyzje o odsuni\u0119ciu zawodnik\u00f3w, \u017ceby ich przygotowa\u0107 na igrzyska. Przekaza\u0142 te\u017c Kacpra Tomasiaka pod opiek\u0119 trenera Wojciecha Topora, co r\u00f3wnie\u017c okaza\u0142o si\u0119 strza\u0142em w dziesi\u0105tk\u0119&#8221; \u2014 oceni\u0142.<\/p>\n<p>     Wa\u017c\u0105 si\u0119 losy Macieja Maciusiaka. &#8222;Nie widz\u0119 powodu, by go zmienia\u0107&#8221;<\/p>\n<p>Kot wyra\u017anie zaznaczy\u0142 tak\u017ce, \u017ce kolejny sezon b\u0119dzie idealny, aby m\u00f3c eksperymentowa\u0107, a zwi\u0105zek nie mo\u017ce pozwoli\u0107 sobie na coroczne zmiany trenera kadry. Zdradzi\u0142 te\u017c, \u017ce Maciusiak doskonale zna przyczyn\u0119 kiepskiej formy Bia\u0142o-Czerwonych.<\/p>\n<p>&#8222;Fizycznie wygl\u0105dali\u015bmy dobrze, ale nie sz\u0142o nam z innych wzgl\u0119d\u00f3w. Szkoleniowiec ma si\u0119 podzieli\u0107 swoj\u0105 wiedz\u0105 z zarz\u0105dem, ale domy\u015blam si\u0119, \u017ce mo\u017ce chodzi\u0107 o technik\u0119 i sprz\u0119t. Tu s\u0105 rezerwy. Je\u015bli wprowadzi zmiany, to nie widz\u0119 powodu, by go zmienia\u0107&#8221; \u2014 zaznaczy\u0142, dodaj\u0105c, \u017ce ostateczne zdanie b\u0119dzie mia\u0142 jednak prezes Adam Ma\u0142ysz.<\/p>\n<p>Jak ujawni\u0142 Kot, spotkanie w Polskim Zwi\u0105zku Narciarskim zaplanowane jest na 15 kwietnia. Tydzie\u0144 p\u00f3\u017aniej, czyli 22 kwietnia, wszystko ma natomiast sta\u0107 si\u0119 jasne.<\/p>\n","protected":false},"excerpt":{"rendered":"Z jednej strony fenomenalne igrzyska olimpijskie i popis Kacpra Tomasiaka, a z drugiej \u2014 rozczarowuj\u0105ca codzienno\u015b\u0107 w Pucharze&hellip;\n","protected":false},"author":2,"featured_media":356570,"comment_status":"","ping_status":"","sticky":false,"template":"","format":"standard","meta":{"footnotes":"","_share_on_mastodon":"0"},"categories":[52122],"tags":[4603,61195,14477,48,46,6010,752,42,38,40,39,41,24782,30255,47,1874,5777,130],"class_list":["post-356569","post","type-post","status-publish","format-standard","has-post-thumbnail","category-pko-bank-polski","tag-adam_malysz","tag-bottomfeed_styl","tag-maciej_maciusiak","tag-nat_styl","tag-omp","tag-pko-bank-polski","tag-pko-bp","tag-pl","tag-poland","tag-polish","tag-polska","tag-polski","tag-pzn","tag-rafal_kot","tag-screening_general","tag-skoki_narciarskie","tag-sporty_zimowe","tag-wiadomosci_sportowe"],"share_on_mastodon":{"url":"https:\/\/pubeurope.com\/@pl\/116377532691453388","error":""},"_links":{"self":[{"href":"https:\/\/www.europesays.com\/pl\/wp-json\/wp\/v2\/posts\/356569","targetHints":{"allow":["GET"]}}],"collection":[{"href":"https:\/\/www.europesays.com\/pl\/wp-json\/wp\/v2\/posts"}],"about":[{"href":"https:\/\/www.europesays.com\/pl\/wp-json\/wp\/v2\/types\/post"}],"author":[{"embeddable":true,"href":"https:\/\/www.europesays.com\/pl\/wp-json\/wp\/v2\/users\/2"}],"replies":[{"embeddable":true,"href":"https:\/\/www.europesays.com\/pl\/wp-json\/wp\/v2\/comments?post=356569"}],"version-history":[{"count":0,"href":"https:\/\/www.europesays.com\/pl\/wp-json\/wp\/v2\/posts\/356569\/revisions"}],"wp:featuredmedia":[{"embeddable":true,"href":"https:\/\/www.europesays.com\/pl\/wp-json\/wp\/v2\/media\/356570"}],"wp:attachment":[{"href":"https:\/\/www.europesays.com\/pl\/wp-json\/wp\/v2\/media?parent=356569"}],"wp:term":[{"taxonomy":"category","embeddable":true,"href":"https:\/\/www.europesays.com\/pl\/wp-json\/wp\/v2\/categories?post=356569"},{"taxonomy":"post_tag","embeddable":true,"href":"https:\/\/www.europesays.com\/pl\/wp-json\/wp\/v2\/tags?post=356569"}],"curies":[{"name":"wp","href":"https:\/\/api.w.org\/{rel}","templated":true}]}}