{"id":356754,"date":"2026-04-10T03:17:09","date_gmt":"2026-04-10T03:17:09","guid":{"rendered":"https:\/\/www.europesays.com\/pl\/356754\/"},"modified":"2026-04-10T03:17:09","modified_gmt":"2026-04-10T03:17:09","slug":"iran-chce-ciac-ruch-w-ciesninie-ormuz-15-statkow-dziennie","status":"publish","type":"post","link":"https:\/\/www.europesays.com\/pl\/356754\/","title":{"rendered":"Iran chce ci\u0105\u0107 ruch w cie\u015bninie Ormuz. 15 statk\u00f3w dziennie"},"content":{"rendered":"\n<p>&#13;<br \/>\nPowo\u0142uj\u0105c si\u0119 na\u00a0&#8222;wysokiego rang\u0105&#8221; \u017ar\u00f3d\u0142o rz\u0105dowe w\u00a0Teheranie, agencja poda\u0142a, \u017ce\u00a0w\u00a0ramach obecnego zawieszenia broni przez strategiczn\u0105 cie\u015bnin\u0119 b\u0119dzie mog\u0142o przep\u0142ywa\u0107 nie\u00a0wi\u0119cej ni\u017c\u00a015 statk\u00f3w dziennie. &#13;\n<\/p>\n<p>&#8222;Nie b\u0119dzie powrotu do\u00a0przedwojennego status quo&#8221;<\/p>\n<p>&#13;<br \/>\n&#8222;Na mocy obecnego zawieszenia broni przez cie\u015bnin\u0119 Ormuz mo\u017ce przep\u0142yn\u0105\u0107 nie\u00a0wi\u0119cej ni\u017c\u00a015 statk\u00f3w dziennie&#8221; \u2013\u00a0przekaza\u0142 rozm\u00f3wca TASS. Jak doda\u0142, &#8222;ten ruch zale\u017cy wy\u0142\u0105cznie od\u00a0zgody Iranu i\u00a0przestrzegania konkretnego protoko\u0142u&#8221;. &#13;\n<\/p>\n<p>&#13;<br \/>\nWed\u0142ug rosyjskiej agencji nad przestrzeganiem nowych zasad ma\u00a0czuwa\u0107 Korpus Stra\u017cnik\u00f3w Rewolucji Islamskiej, a\u00a0nowe wytyczne mia\u0142y ju\u017c zosta\u0107 formalnie przekazane wszystkim stronom w\u00a0regionie. &#8222;Nie b\u0119dzie powrotu do\u00a0przedwojennego status quo&#8221; \u2013\u00a0zaznaczy\u0142o \u017ar\u00f3d\u0142o cytowane przez TASS. &#13;\n<\/p>\n<p>Aragczi: \u017begluga tylko &#8222;w\u00a0koordynacji&#8221; z\u00a0ira\u0144skim wojskiem<\/p>\n<p>&#13;<br \/>\nDzie\u0144 wcze\u015bniej szef ira\u0144skiego MSZ Abbas Aragczi poinformowa\u0142, \u017ce\u00a0Teheran dopu\u015bci \u017ceglug\u0119 przez Cie\u015bnin\u0119 Ormuz jedynie w\u00a0koordynacji z\u00a0ira\u0144skim wojskiem. Doda\u0142, \u017ce\u00a0bezpieczny przep\u0142yw statk\u00f3w b\u0119dzie mo\u017cliwy z\u00a0uwzgl\u0119dnieniem &#8222;ogranicze\u0144 technicznych&#8221;. Aragczi zapowiedzia\u0142 r\u00f3wnie\u017c, \u017ce\u00a0Iran wstrzyma swoje &#8222;operacje obronne&#8221;, je\u015bli USA i\u00a0Izrael przestan\u0105 atakowa\u0107 Iran. &#13;\n<\/p>\n<p>&#13;<br \/>\nWed\u0142ug Associated Press, powo\u0142uj\u0105cej si\u0119 na\u00a0\u017ar\u00f3d\u0142o zaznajomione ze\u00a0spraw\u0105, Iran i\u00a0Oman maj\u0105 pobiera\u0107 op\u0142aty od\u00a0statk\u00f3w przep\u0142ywaj\u0105cych przez Cie\u015bnin\u0119 Ormuz podczas dwutygodniowego zawieszenia broni. Z\u00a0informacji AP wynika, \u017ce\u00a0Teheran chcia\u0142by przeznaczy\u0107 zebrane w\u00a0ten spos\u00f3b \u015brodki na\u00a0powojenn\u0105 odbudow\u0119. Nie\u00a0wiadomo natomiast, na\u00a0jaki cel pieni\u0105dze mia\u0142by przeznaczy\u0107 Oman. &#13;\n<\/p>\n<p>Trump: Cie\u015bnina Ormuz b\u0119dzie otwarta i\u00a0bezpieczna<\/p>\n<p>&#13;<br \/>\nW czwartek prezydent USA Donald Trump napisa\u0142, \u017ce\u00a0&#8222;Cie\u015bnina Ormuz b\u0119dzie otwarta i\u00a0bezpieczna&#8221;, a\u00a0ameryka\u0144skie wojsko pozostanie &#8222;na miejscu i\u00a0wok\u00f3\u0142 Iranu&#8221; do\u00a0czasu pe\u0142nej realizacji porozumienia. Trump zagrozi\u0142 przy tym wznowieniem wojny, je\u015bli ustalenia nie\u00a0zostan\u0105 wykonane. &#8222;Je\u015bli z\u00a0jakiegokolwiek powodu tak si\u0119 nie\u00a0stanie (&#8230;), w\u00f3wczas rozpocznie si\u0119 \u201estrzelanie\u201d, kt\u00f3re b\u0119dzie wi\u0119ksze, lepsze i\u00a0pot\u0119\u017cniejsze ni\u017c\u00a0kiedykolwiek wcze\u015bniej&#8221; \u2013\u00a0o\u015bwiadczy\u0142. W\u00a0innym wpisie zapewnia\u0142, \u017ce\u00a0zar\u00f3wno ameryka\u0144scy \u017co\u0142nierze, jak i\u00a0sprz\u0119t wojskowy pozostan\u0105 w\u00a0regionie. &#13;\n<\/p>\n<p>&#13;<br \/>\nBia\u0142y Dom poinformowa\u0142 tak\u017ce w\u00a0\u015brod\u0119, \u017ce\u00a0pierwsza runda r<a href=\"https:\/\/dorzeczy.pl\/opinie\/870934\/usa-i-iran-usiada-do-stolu-jest-data-rozmow-pokojowych.html\" rel=\"nofollow noopener\" target=\"_blank\">ozm\u00f3w pokojowych<\/a> ma\u00a0odby\u0107 si\u0119 w\u00a0najbli\u017csz\u0105 sobot\u0119 w\u00a0Islamabadzie, a\u00a0na czele ameryka\u0144skiej delegacji stanie wiceprezydent J.D. Vance. W\u00a0rozmowach maj\u0105 uczestniczy\u0107 r\u00f3wnie\u017c Steve Witkoff i\u00a0Jared Kushner, a\u00a0gospodarzem ma\u00a0by\u0107 premier Pakistanu Shehbaz Sharif. Ameryka\u0144ska administracja przekonuje, \u017ce\u00a0strony s\u0105 blisko porozumienia. Wed\u0142ug Bia\u0142ego Domu Iran mia\u0142 przekaza\u0107 10-punktow\u0105 propozycj\u0119, kt\u00f3ra stanowi &#8222;praktyczn\u0105 podstaw\u0119 do\u00a0negocjacji&#8221;. Pojawi\u0142a si\u0119 te\u017c informacja, \u017ce\u00a0Teheran &#8222;da\u0142 do\u00a0zrozumienia&#8221;, i\u017c\u00a0przeka\u017ce wzbogacony uran. &#13;\n<\/p>\n<p>&#13;<br \/>\nCzytaj te\u017c:<br \/><a href=\"https:\/\/dorzeczy.pl\/swiat\/871060\/usa-zadaja-od-sojusznikow-zobowiazan-ws-otwarcia-ciesniny-ormuz.html\" rel=\"follow nofollow noopener\" data-schema=\"DORZECZY\" data-image=\"https:\/\/img.dorzeczy.pl\/_thumb\/fe\/06\/7d48663b6e3d7dxx05b5d0748407.jpeg\" target=\"_blank\">Cie\u015bnina Ormuz zamkni\u0119ta. USA stawiaj\u0105 \u017c\u0105dania Europie<\/a>Czytaj te\u017c:<br \/><a href=\"https:\/\/dorzeczy.pl\/swiat\/870910\/izrael-atakuje-liban-iran-zapowiada-mocna-odpowiedz-na-ataki.html\" rel=\"follow nofollow noopener\" data-schema=\"DORZECZY\" data-image=\"https:\/\/img.dorzeczy.pl\/_thumb\/3a\/f2\/d75203519ff937c14086bb4b40f5.jpeg\" target=\"_blank\">&#8222;Odpowied\u017a, kt\u00f3rej b\u0119d\u0105 \u017ca\u0142owa\u0107&#8221;. Mimo rozejmu, gor\u0105co mi\u0119dzy Izraelem a\u00a0Iranem<\/a>&#13;<\/p>\n","protected":false},"excerpt":{"rendered":"&#13; Powo\u0142uj\u0105c si\u0119 na\u00a0&#8222;wysokiego rang\u0105&#8221; \u017ar\u00f3d\u0142o rz\u0105dowe w\u00a0Teheranie, agencja poda\u0142a, \u017ce\u00a0w\u00a0ramach obecnego zawieszenia broni przez strategiczn\u0105 cie\u015bnin\u0119 b\u0119dzie&hellip;\n","protected":false},"author":2,"featured_media":356755,"comment_status":"","ping_status":"","sticky":false,"template":"","format":"standard","meta":{"footnotes":"","_share_on_mastodon":"0"},"categories":[14],"tags":[7350,32,33,48079,1835,98,105,190,27,663,62201,34,35,28,31,25,103,40,41,600,87,15279,4293,53589,80,62202,6627,29,30,71,26,892,82,83,84,28501],"class_list":["post-356754","post","type-post","status-publish","format-standard","has-post-thumbnail","category-swiat","tag-bliski-wschod","tag-breaking-news","tag-breakingnews","tag-ciesnina-ormuz","tag-donald-trump","tag-dorzeczy","tag-ekonomia","tag-gospodarka","tag-headlines","tag-iran","tag-islamabad","tag-latest-news","tag-latestnews","tag-naglowki","tag-najwazniejsze-artykuly","tag-news","tag-obserwator-mediow","tag-polish","tag-polski","tag-putin","tag-rosja","tag-rozmowy-pokojowe","tag-stany-zjednoczone","tag-statki","tag-swiat","tag-tass","tag-teheran","tag-top-stories","tag-topstories","tag-usa","tag-wiadomosci","tag-wojna","tag-world","tag-world-news","tag-worldnews","tag-zegluga"],"share_on_mastodon":{"url":"https:\/\/pubeurope.com\/@pl\/116378248475626634","error":""},"_links":{"self":[{"href":"https:\/\/www.europesays.com\/pl\/wp-json\/wp\/v2\/posts\/356754","targetHints":{"allow":["GET"]}}],"collection":[{"href":"https:\/\/www.europesays.com\/pl\/wp-json\/wp\/v2\/posts"}],"about":[{"href":"https:\/\/www.europesays.com\/pl\/wp-json\/wp\/v2\/types\/post"}],"author":[{"embeddable":true,"href":"https:\/\/www.europesays.com\/pl\/wp-json\/wp\/v2\/users\/2"}],"replies":[{"embeddable":true,"href":"https:\/\/www.europesays.com\/pl\/wp-json\/wp\/v2\/comments?post=356754"}],"version-history":[{"count":0,"href":"https:\/\/www.europesays.com\/pl\/wp-json\/wp\/v2\/posts\/356754\/revisions"}],"wp:featuredmedia":[{"embeddable":true,"href":"https:\/\/www.europesays.com\/pl\/wp-json\/wp\/v2\/media\/356755"}],"wp:attachment":[{"href":"https:\/\/www.europesays.com\/pl\/wp-json\/wp\/v2\/media?parent=356754"}],"wp:term":[{"taxonomy":"category","embeddable":true,"href":"https:\/\/www.europesays.com\/pl\/wp-json\/wp\/v2\/categories?post=356754"},{"taxonomy":"post_tag","embeddable":true,"href":"https:\/\/www.europesays.com\/pl\/wp-json\/wp\/v2\/tags?post=356754"}],"curies":[{"name":"wp","href":"https:\/\/api.w.org\/{rel}","templated":true}]}}