{"id":35723,"date":"2025-10-07T07:36:09","date_gmt":"2025-10-07T07:36:09","guid":{"rendered":"https:\/\/www.europesays.com\/pl\/35723\/"},"modified":"2025-10-07T07:36:09","modified_gmt":"2025-10-07T07:36:09","slug":"prawie-ukradli-nam-auto-z-psami-w-srodku-para-ostrzega-przed-popularna-metoda-kradziezy-w-hiszpanii","status":"publish","type":"post","link":"https:\/\/www.europesays.com\/pl\/35723\/","title":{"rendered":"&#8222;Prawie ukradli nam auto z psami w \u015brodku&#8221;. Para ostrzega przed popularn\u0105 metod\u0105 kradzie\u017cy w Hiszpanii"},"content":{"rendered":"<p class=\"Paragraph_desktopParagraph__U31Gm\">&#8222;Samoch\u00f3d przed nami zacz\u0105\u0142 sygnalizowa\u0107, \u017ce co\u015b dzieje si\u0119 z naszym autem. By\u0142o to bardzo chaotyczna sytuacja i nie wiedzieli\u015bmy, czy to jest prawda, wi\u0119c zatrzymali\u015bmy si\u0119 na poboczu razem z nimi&#8221; \u2014 opowiadaj\u0105 internetowi tw\u00f3rcy na profilach &#8222;Hiszpan_uczy&#8221; oraz &#8222;Doosiaak&#8221;.<\/p>\n<p class=\"Paragraph_desktopParagraph__U31Gm\">Na pierwszy rzut oka, parze turyst\u00f3w wydawa\u0142o si\u0119, \u017ce pasa\u017cerowie s\u0105siedniego samochodu chc\u0105 zaoferowa\u0107 pomoc. Kierowca nagle wyskoczy\u0142 z samochodu i tak\u017ce im kaza\u0142 wyj\u015b\u0107. &#8222;Powiedzia\u0142 troch\u0119 \u0142amanym hiszpa\u0144skim: \u00bbDzieje si\u0119 co\u015b z wasz\u0105 opon\u0105\u00ab. Nie by\u0142am w stanie odr\u00f3\u017cni\u0107, czy jest Hiszpanem, czy nie&#8221; \u2014 m\u00f3wi Dominika.<\/p>\n<p class=\"Paragraph_desktopParagraph__U31Gm\">M\u0119\u017cczyzna zacz\u0105\u0142 energicznie trz\u0105\u015b\u0107 autem, pokazuj\u0105c rzekomy problem z opon\u0105.<\/p>\n<blockquote>\n<p class=\"Paragraph_desktopParagraph__U31Gm\">&#8222;Patrzy\u0142em prawym okiem, jak drzwi jego samochodu pomalutku si\u0119 otworzy\u0142y. Wtedy ju\u017c wiedzieli\u015bmy, \u017ce nie mo\u017cemy straci\u0107 naszej uwagi&#8221; \u2014 wspomina Ignacio.<\/p>\n<\/blockquote>\n<p class=\"Paragraph_desktopParagraph__U31Gm\">Ignacio jest synem Polki i Hiszpana. Wychowywa\u0142 si\u0119 w Andaluzji, ale od kilku lat mieszka w Warszawie. Gdy odpowiedzia\u0142 perfekcyjnie po hiszpa\u0144sku potencjalnym z\u0142odziejom, byli zaskoczeni. Para wsiad\u0142a do samochodu i bezpiecznie odjecha\u0142a.<\/p>\n<p class=\"VideoPlayerText_videoPlayerText__iDwyz\">Dalszy ci\u0105g materia\u0142u pod wideo<\/p>\n<ul class=\"OchatFollowUps_wrapper__1ry7X\">\n<li class=\"OchatFollowUps_item__Dhyly OchatFollowUps_itemDesktop__R6aBv\">Jakie by\u0142y okoliczno\u015bci prawie kradzie\u017cy auta?<\/li>\n<li class=\"OchatFollowUps_item__Dhyly OchatFollowUps_itemDesktop__R6aBv\">Co powiedzia\u0142a policja na temat metody kradzie\u017cy?<\/li>\n<li class=\"OchatFollowUps_item__Dhyly OchatFollowUps_itemDesktop__R6aBv\">Jakie s\u0105 zalecenia dotycz\u0105ce bezpiecze\u0144stwa w takich sytuacjach?<\/li>\n<li class=\"OchatFollowUps_item__Dhyly OchatFollowUps_itemDesktop__R6aBv\">Sk\u0105d pochodz\u0105 z\u0142odzieje stosuj\u0105cy t\u0119 metod\u0119?<\/li>\n<\/ul>\n<p class=\"Paragraph_desktopParagraph__U31Gm\">Po zg\u0142oszeniu sprawy policji okaza\u0142o si\u0119, \u017ce to popularny spos\u00f3b z\u0142odziei w regionie. <\/p>\n<blockquote>\n<p class=\"Paragraph_desktopParagraph__U31Gm\">&#8222;Powiedzieli nam, \u017ce to jest bardzo typowy spos\u00f3b krajanie na autostrad\u0119, zw\u0142aszcza na drodze AP-7 w Katalonii. Je\u015bli tylko wjedziecie na innych blachach ni\u017c hiszpa\u0144skie, od razu stajecie si\u0119 celem&#8221; \u2014 podkre\u015blaj\u0105.<\/p>\n<\/blockquote>\n<p class=\"Paragraph_desktopParagraph__U31Gm\">W rozmowie z Onetem Ignacio doda\u0142, \u017ce hiszpa\u0144ska policja nazywa t\u0119 technik\u0119 &#8222;metod\u0105 peruwia\u0144sk\u0105&#8221;, bo w latach 90. stosowali j\u0105 z\u0142odzieje w\u0142a\u015bnie z Peru. Oczywi\u015bcie to si\u0119 przez lata zmieni\u0142o, teraz z\u0142odzieje pochodz\u0105 z r\u00f3\u017cnych kraj\u00f3w \u2014 jak opisuje serwis La Vanguardia, g\u0142\u00f3wnie z Europy Wschodniej, zw\u0142aszcza Albanii i Kosowa.<\/p>\n<p class=\"Paragraph_desktopParagraph__U31Gm\">Schemat jest prosty: wzbudzi\u0107 niepok\u00f3j kierowcy, zatrzyma\u0107 go w bezpiecznym dla z\u0142odziei miejscu, a nast\u0119pnie wykorzysta\u0107 moment nieuwagi, by ukra\u015b\u0107 samoch\u00f3d lub rzeczy z wn\u0119trza.<\/p>\n<ul class=\"UnorderedList_container__nmfSl\">\n<li class=\"UnorderedList_listElement__Py7xi UnorderedList_listElementDefault__oEOOV\">Nie zatrzymuj si\u0119 na poboczu, je\u015bli kto\u015b sygnalizuje problem z autem \u2014 zjed\u017a na najbli\u017cszy parking lub stacj\u0119 benzynow\u0105.<\/li>\n<li class=\"UnorderedList_listElement__Py7xi UnorderedList_listElementDefault__oEOOV\">Zamykaj drzwi i okna, nawet podczas kr\u00f3tkiego postoju.<\/li>\n<li class=\"UnorderedList_listElement__Py7xi UnorderedList_listElementDefault__oEOOV\">Zg\u0142aszaj podejrzane sytuacje na policj\u0119 \u2014 w Katalonii numer alarmowy to 112.<\/li>\n<\/ul>\n<blockquote>\n<p class=\"Paragraph_desktopParagraph__U31Gm\">&#8222;Takie sytuacje s\u0105 bardzo niebezpieczne, bo nigdy nie wiemy, kiedy p\u0119knie nam opona b\u0105d\u017a co\u015b zadzieje si\u0119 z autem. Bo co by si\u0119 sta\u0142o, jakby kradli nam samoch\u00f3d z psami albo tobie z dzie\u0107mi?&#8221; \u2014 ostrzegaj\u0105 tury\u015bci na koniec.<\/p>\n<\/blockquote>\n<p class=\"Paragraph_desktopParagraph__U31Gm\">Podczas waszych podr\u00f3\u017cy dosz\u0142o do niespodziewanych sytuacji, o kt\u00f3rych warto napisa\u0107? Czekam na wasze wiadomo\u015bci pod adresem: karolina.walczowska@redakcjaonet.pl<\/p>\n","protected":false},"excerpt":{"rendered":"&#8222;Samoch\u00f3d przed nami zacz\u0105\u0142 sygnalizowa\u0107, \u017ce co\u015b dzieje si\u0119 z naszym autem. By\u0142o to bardzo chaotyczna sytuacja i&hellip;\n","protected":false},"author":2,"featured_media":35724,"comment_status":"","ping_status":"","sticky":false,"template":"","format":"standard","meta":{"footnotes":""},"categories":[12],"tags":[32,33,36,37,27,5361,67,34,35,28,31,53,25,52,68,51,55,42,10421,10420,38,40,39,2847,41,47,196,8425,29,30,723,50,26,7798],"class_list":{"0":"post-35723","1":"post","2":"type-post","3":"status-publish","4":"format-standard","5":"has-post-thumbnail","7":"category-polska","8":"tag-breaking-news","9":"tag-breakingnews","10":"tag-featured-news","11":"tag-featurednews","12":"tag-headlines","13":"tag-hiszpania_kraj","14":"tag-intextvideo_splayer","15":"tag-latest-news","16":"tag-latestnews","17":"tag-naglowki","18":"tag-najwazniejsze-artykuly","19":"tag-new_header","20":"tag-news","21":"tag-onet3","22":"tag-onet3d","23":"tag-onet3d_2i","24":"tag-phx","25":"tag-pl","26":"tag-podroze_onet","27":"tag-podroznicy","28":"tag-poland","29":"tag-polish","30":"tag-polska","31":"tag-polska_polak_polka_polacy_polki","32":"tag-polski","33":"tag-screening_general","34":"tag-styl_zycia","35":"tag-szukaj_ai_tst0","36":"tag-top-stories","37":"tag-topstories","38":"tag-turysci","39":"tag-v2021","40":"tag-wiadomosci","41":"tag-zlodzieje"},"share_on_mastodon":{"url":"","error":""},"_links":{"self":[{"href":"https:\/\/www.europesays.com\/pl\/wp-json\/wp\/v2\/posts\/35723","targetHints":{"allow":["GET"]}}],"collection":[{"href":"https:\/\/www.europesays.com\/pl\/wp-json\/wp\/v2\/posts"}],"about":[{"href":"https:\/\/www.europesays.com\/pl\/wp-json\/wp\/v2\/types\/post"}],"author":[{"embeddable":true,"href":"https:\/\/www.europesays.com\/pl\/wp-json\/wp\/v2\/users\/2"}],"replies":[{"embeddable":true,"href":"https:\/\/www.europesays.com\/pl\/wp-json\/wp\/v2\/comments?post=35723"}],"version-history":[{"count":0,"href":"https:\/\/www.europesays.com\/pl\/wp-json\/wp\/v2\/posts\/35723\/revisions"}],"wp:featuredmedia":[{"embeddable":true,"href":"https:\/\/www.europesays.com\/pl\/wp-json\/wp\/v2\/media\/35724"}],"wp:attachment":[{"href":"https:\/\/www.europesays.com\/pl\/wp-json\/wp\/v2\/media?parent=35723"}],"wp:term":[{"taxonomy":"category","embeddable":true,"href":"https:\/\/www.europesays.com\/pl\/wp-json\/wp\/v2\/categories?post=35723"},{"taxonomy":"post_tag","embeddable":true,"href":"https:\/\/www.europesays.com\/pl\/wp-json\/wp\/v2\/tags?post=35723"}],"curies":[{"name":"wp","href":"https:\/\/api.w.org\/{rel}","templated":true}]}}