{"id":357276,"date":"2026-04-10T09:54:10","date_gmt":"2026-04-10T09:54:10","guid":{"rendered":"https:\/\/www.europesays.com\/pl\/357276\/"},"modified":"2026-04-10T09:54:10","modified_gmt":"2026-04-10T09:54:10","slug":"nowy-system-wjazdu-do-strefy-schengen-z-tym-musza-liczyc-sie-podrozni-onet","status":"publish","type":"post","link":"https:\/\/www.europesays.com\/pl\/357276\/","title":{"rendered":"Nowy system wjazdu do strefy Schengen. Z tym musz\u0105 liczy\u0107 si\u0119 podr\u00f3\u017cni &#8211; Onet"},"content":{"rendered":"<ol>\n<li><a href=\"https:\/\/news.google.com\/rss\/articles\/CBMixwFBVV95cUxOVEp1NHdLejBqS2MwWWEwcEhudDhZSFNveEhVbkpuVFV2amxZNFUxYnQ3cnVIRFdXYmJmeWx6QmlPSHJQbFNEa3dpLWNtbTM1MnB1U09JcmhwRmZCa0N6OG5xaWZmWGQxelpnaUNSdEFCdjZ0ZFVUcVE5NXZ1Y3RFNm5NN2pRdnVjMUVwYUI0WnhFXzdJRzFWYUxfVHJNMUhydWY3YXBMWGlBQ3pucmN3aHQxSTdGcjgtOVB3dklpUVRxd3VCNkFz?oc=5\" target=\"_blank\" rel=\"nofollow noopener\">Nowy system wjazdu do strefy Schengen. Z tym musz\u0105 liczy\u0107 si\u0119 podr\u00f3\u017cni<\/a>&nbsp;&nbsp;Onet<\/li>\n<li><a href=\"https:\/\/news.google.com\/rss\/articles\/CBMiyAFBVV95cUxNMzRJRTl3NDFkVURsWXV0T3hzcGV5ZzZuOGNMZVhDWF9yR2hiOHNfMF85N2d0d1JtUlVtQVZXX0FkeE1vbU1DZ1dCVGxWNFZPWERLRENtamhGUXhpWkdJcDE0Nmx6Qnk5UHZDV19XQjJ2RHVxY1JSUjBNM1FMMlNNY3AwQnVmZ0lDeVBBdDFOTnA5amN1TF9paGNXc0xuMVJvN1VFdzJiWmNQX200SkJKcGtIX0MzVndMZXJkZGN3bmxaTnQtT0JMYg?oc=5\" target=\"_blank\" rel=\"nofollow noopener\">Rusza nowy system wjazdu do strefy Schengen. Koniec stemplowania paszport\u00f3w<\/a>&nbsp;&nbsp;Money.pl<\/li>\n<li><a href=\"https:\/\/news.google.com\/rss\/articles\/CBMinwFBVV95cUxNbEFKdjRaalFTbVhPUDBoeXJJeTVxQ21ZZGJxRjNUVnZPa0swdks5b05sWlVpV3U5cW5mVmVjWmhCR3lrS0FBV29zOTUtbHV6SHlKN3BYbHZXa0xiRGZ0Z29jTUZFejljVkJ4cWtZUndsQjdCSkZSc1hlUWJoZWtCZkQ0bUZqMXN1RTZZemFRLUIyNXJvbUtlSHFqUTZoUmc?oc=5\" target=\"_blank\" rel=\"nofollow noopener\">B\u0119dzie trudniej z zatrudnianiem Ukrai\u0144c\u00f3w. Rusza nowy system<\/a>&nbsp;&nbsp;wnp.pl<\/li>\n<li><a href=\"https:\/\/news.google.com\/rss\/articles\/CBMisgFBVV95cUxOMF9oNk5idTR3TDlMWTlnS21OaEliUmU2OFd5aVZuNWxRYjRPSVpmMm5BdThJd3U3eU5fdXpJblZpMjJscFVqY3huQTNteXJacEo5end5b2FZSUZTR0hjVkdBbVRyWnBtRmMyRThHUGxvMC1CakdzeVpmOEdSQ1FtanBEMjA1dTJDNS01enR0bzNObkZJMjh4VGg5WFpzdVpJOXVvR1dVR0tDV1R2ZW41SUFn?oc=5\" target=\"_blank\" rel=\"nofollow noopener\">Nowy system na lotniskach od 10 kwietnia. Mog\u0105 pojawi\u0107 si\u0119 utrudnienia<\/a>&nbsp;&nbsp;Biznes Interia<\/li>\n<li><a href=\"https:\/\/news.google.com\/rss\/articles\/CBMiY0FVX3lxTE1qeTJJSUVRQVU5ZmZIOXVTRURLQTJTaGN2MnAtNEppMjBORTh5OHdRSnMzM2w3RmNBRW0xWHAxU3N0T19kZ2NyOTNPRUEzY0VJbXJ5UXFyZUpBMzllSnlLUW1Lcw?oc=5\" target=\"_blank\" rel=\"nofollow noopener\">System wjazdu\/wyjazdu<\/a>&nbsp;&nbsp;Gov.pl<\/li>\n<\/ol>\n","protected":false},"excerpt":{"rendered":"Nowy system wjazdu do strefy Schengen. Z tym musz\u0105 liczy\u0107 si\u0119 podr\u00f3\u017cni&nbsp;&nbsp;Onet Rusza nowy system wjazdu do strefy&hellip;\n","protected":false},"author":2,"featured_media":357277,"comment_status":"","ping_status":"","sticky":false,"template":"","format":"standard","meta":{"footnotes":"","_share_on_mastodon":"0"},"categories":[5],"tags":[32,33,36,37,27,27619,67,34,35,2466,28,31,53,25,52,68,51,55,42,38,40,39,41,30650,47,29,30,65,50,26],"class_list":["post-357276","post","type-post","status-publish","format-standard","has-post-thumbnail","category-naglowki","tag-breaking-news","tag-breakingnews","tag-featured-news","tag-featurednews","tag-headlines","tag-inst_tst0","tag-intextvideo_splayer","tag-latest-news","tag-latestnews","tag-lotnictwo_samoloty_samolot_przemysl_lotniczy_linie_lotnicze_lotnictwo_wojskowe_ruch_lotniczy","tag-naglowki","tag-najwazniejsze-artykuly","tag-new_header","tag-news","tag-onet3","tag-onet3d","tag-onet3d_2i","tag-phx","tag-pl","tag-poland","tag-polish","tag-polska","tag-polski","tag-schengen_strefs","tag-screening_general","tag-top-stories","tag-topstories","tag-update_me","tag-v2021","tag-wiadomosci"],"share_on_mastodon":{"url":"","error":"Validation failed: Text character limit of 500 exceeded"},"_links":{"self":[{"href":"https:\/\/www.europesays.com\/pl\/wp-json\/wp\/v2\/posts\/357276","targetHints":{"allow":["GET"]}}],"collection":[{"href":"https:\/\/www.europesays.com\/pl\/wp-json\/wp\/v2\/posts"}],"about":[{"href":"https:\/\/www.europesays.com\/pl\/wp-json\/wp\/v2\/types\/post"}],"author":[{"embeddable":true,"href":"https:\/\/www.europesays.com\/pl\/wp-json\/wp\/v2\/users\/2"}],"replies":[{"embeddable":true,"href":"https:\/\/www.europesays.com\/pl\/wp-json\/wp\/v2\/comments?post=357276"}],"version-history":[{"count":0,"href":"https:\/\/www.europesays.com\/pl\/wp-json\/wp\/v2\/posts\/357276\/revisions"}],"wp:featuredmedia":[{"embeddable":true,"href":"https:\/\/www.europesays.com\/pl\/wp-json\/wp\/v2\/media\/357277"}],"wp:attachment":[{"href":"https:\/\/www.europesays.com\/pl\/wp-json\/wp\/v2\/media?parent=357276"}],"wp:term":[{"taxonomy":"category","embeddable":true,"href":"https:\/\/www.europesays.com\/pl\/wp-json\/wp\/v2\/categories?post=357276"},{"taxonomy":"post_tag","embeddable":true,"href":"https:\/\/www.europesays.com\/pl\/wp-json\/wp\/v2\/tags?post=357276"}],"curies":[{"name":"wp","href":"https:\/\/api.w.org\/{rel}","templated":true}]}}