{"id":357981,"date":"2026-04-10T16:56:28","date_gmt":"2026-04-10T16:56:28","guid":{"rendered":"https:\/\/www.europesays.com\/pl\/357981\/"},"modified":"2026-04-10T16:56:28","modified_gmt":"2026-04-10T16:56:28","slug":"ulica-ruska-w-centrum-wroclawia-przejdzie-wielka-metamorfoze-tak-wypieknieje-wroclaw","status":"publish","type":"post","link":"https:\/\/www.europesays.com\/pl\/357981\/","title":{"rendered":"Ulica Ruska w centrum Wroc\u0142awia przejdzie wielk\u0105 metamorfoz\u0119. Tak wypi\u0119knieje! &#8211; Wroc\u0142aw"},"content":{"rendered":"<p class=\"sc-qt42kz-1 jFnKOK\">Kolejny fragment \u015bcis\u0142ego centrum stolicy Dolnego \u015al\u0105ska przejdzie metamorfoz\u0119. Wroc\u0142awskie Inwestycje niebawem og\u0142osz\u0105 przetarg na przebudow\u0119 ul. Ruskiej, od ul. Kazimierza Wielkiego do pl. Solnego. To wa\u017cny krok w kierunku stworzenia bardziej przyjaznej, zielonej i dost\u0119pnej przestrzeni w centrum miasta! <\/p>\n<p>To b\u0119dzie wielka metamorfoza tego miejsca <\/p>\n<p class=\"sc-qt42kz-1 jFnKOK\">Znikn\u0105 bariery architektoniczne, pojawi si\u0119 m.in. nowa nawierzchnia, o\u015bwietlenie i ziele\u0144! Du\u017co zieleni! W sumie na <a href=\"https:\/\/investmap.pl\/inwestycja\/ulica-ruska,21052.html\" rel=\"nofollow noopener\" target=\"_blank\">ul. Ruskiej<\/a> ma rosn\u0105\u0107 ponad 2 tysi\u0105ce ro\u015blin.<\/p>\n<p class=\"sc-qt42kz-1 jFnKOK\"> Posadzone zostan\u0105 tu klony polne i lipy drobnolistne o szeroko\u015bci pnia 20\u201325 cm, czyli b\u0119d\u0105 to drzewa wi\u0119ksze od tych, kt\u00f3re sadzi si\u0119 standardowo Drzewa zyskaj\u0105 specjalne systemy, aby mog\u0142y korzysta\u0107 z wody , a ich korzenie nie b\u0119d\u0105 niszczy\u0142y sieci podziemnych Ulicy Ruskiej dodadz\u0105 kolorytu tak\u017ce krzewy, pn\u0105cza, ro\u015bliny cebulowe Pojawi\u0107 si\u0119 tu maj\u0105 m.in. hortensje, irgi, czosnek ozdobny, cisy po\u015brednie czy kocimi\u0119tka.<\/p>\n<p class=\"sc-qt42kz-1 jFnKOK\">Przed nami r\u00f3wnie\u017c: przebudowa odwodnienia drogowego budowa o\u015bwietlenia dodatkowego z funkcj\u0105 dekoracyjn\u0105  budowa ma\u0142ej architektury  budowa miejskiej kanalizacji teletechnicznej rozbudowa monitoringu prewencyjnego.<\/p>\n<p class=\"sc-qt42kz-1 jFnKOK\">W planach jest kompleksowa modernizacja ulicy: nowa nawierzchnia, dodatkowe o\u015bwietlenie oraz likwidacja barier architektonicznych.<\/p>\n<p class=\"sc-qt42kz-1 jFnKOK\">\u2013 Szczeg\u00f3lny nacisk k\u0142adziemy na ziele\u0144 \u2013 na Ruskiej pojawi si\u0119 ponad 2 tysi\u0105ce ro\u015blin. Posadzimy tu wi\u0119ksze ni\u017c standardowo drzewa \u2013 klony polne i lipy drobnolistne o szeroko\u015bci pnia 20\u201325 cm \u2013 wyposa\u017cone w specjalne systemy wspieraj\u0105ce dost\u0119p do wody i chroni\u0105ce infrastruktur\u0119 podziemn\u0105. Ulic\u0119 uzupe\u0142ni\u0105 tak\u017ce krzewy, pn\u0105cza i ro\u015bliny ozdobne, takie jak hortensje, irgi, czosnek ozdobny, cisy po\u015brednie czy kocimi\u0119tka \u2013 m\u00f3wi Bartosz Nowak, wiceprezes Wroc\u0142awskich Inwestycji.<\/p>\n<p class=\"sc-qt42kz-1 jFnKOK\">Zakres inwestycji obejmuje r\u00f3wnie\u017c:<\/p>\n<p class=\"sc-qt42kz-1 jFnKOK\"> \u2022 przebudow\u0119 odwodnienia,<\/p>\n<p class=\"sc-qt42kz-1 jFnKOK\"> \u2022 nowe o\u015bwietlenie z funkcj\u0105 dekoracyjn\u0105,<\/p>\n<p class=\"sc-qt42kz-1 jFnKOK\"> \u2022 elementy ma\u0142ej architektury,<\/p>\n<p class=\"sc-qt42kz-1 jFnKOK\"> \u2022 miejsk\u0105 kanalizacj\u0119 teletechniczn\u0105,<\/p>\n<p class=\"sc-qt42kz-1 jFnKOK\"> \u2022 rozbudow\u0119 monitoringu.<\/p>\n<p>Prowadzone b\u0119d\u0105 kluczowe prace infrastrukturalne we wsp\u00f3\u0142pracy z MPWiK Wroc\u0142aw<\/p>\n<p class=\"sc-qt42kz-1 jFnKOK\">Zakres obejmuje renowacj\u0119 kana\u0142u og\u00f3lnosp\u0142awnego oraz kompleksowy remont kanalizacji sanitarnej i deszczowej, a tak\u017ce modernizacj\u0119 instalacji wodoci\u0105gowych. <\/p>\n<p class=\"sc-qt42kz-1 jFnKOK\">Dodatkowo dzia\u0142ania b\u0119d\u0105 skoordynowane z PSG w zakresie przebudowy sieci gazowych, co pozwoli uporz\u0105dkowa\u0107 i unowocze\u015bni\u0107 ca\u0142\u0105 infrastruktur\u0119 podziemn\u0105 w tej cz\u0119\u015bci miasta.<\/p>\n<p class=\"sc-qt42kz-1 jFnKOK\">Inwestycja realizowana b\u0119dzie w strefie ochrony konserwatorskiej.<\/p>\n<p class=\"sc-qt42kz-1 jFnKOK\">WIZUALIZACJE:<\/p>\n<p><img loading=\"lazy\" decoding=\"async\" src=\"https:\/\/www.europesays.com\/pl\/wp-content\/uploads\/2026\/04\/35_30x30.jpg\" class=\"sc-1ui4ct9-1 eqpLyn\" width=\"30\" height=\"30\"\/><\/p>\n<p>Zaloguj aby doda\u0107 komentarz<\/p>\n","protected":false},"excerpt":{"rendered":"Kolejny fragment \u015bcis\u0142ego centrum stolicy Dolnego \u015al\u0105ska przejdzie metamorfoz\u0119. Wroc\u0142awskie Inwestycje niebawem og\u0142osz\u0105 przetarg na przebudow\u0119 ul. Ruskiej,&hellip;\n","protected":false},"author":2,"featured_media":357982,"comment_status":"","ping_status":"","sticky":false,"template":"","format":"standard","meta":{"footnotes":"","_share_on_mastodon":"0"},"categories":[51607],"tags":[62487,42,38,40,39,41,62489,1853,62488],"class_list":["post-357981","post","type-post","status-publish","format-standard","has-post-thumbnail","category-wroclaw","tag-modernizacja-ulicy-ruskiej","tag-pl","tag-poland","tag-polish","tag-polska","tag-polski","tag-ruska","tag-wroclaw","tag-wroclawskie-inwestycje"],"share_on_mastodon":{"url":"https:\/\/pubeurope.com\/@pl\/116381469914901545","error":""},"_links":{"self":[{"href":"https:\/\/www.europesays.com\/pl\/wp-json\/wp\/v2\/posts\/357981","targetHints":{"allow":["GET"]}}],"collection":[{"href":"https:\/\/www.europesays.com\/pl\/wp-json\/wp\/v2\/posts"}],"about":[{"href":"https:\/\/www.europesays.com\/pl\/wp-json\/wp\/v2\/types\/post"}],"author":[{"embeddable":true,"href":"https:\/\/www.europesays.com\/pl\/wp-json\/wp\/v2\/users\/2"}],"replies":[{"embeddable":true,"href":"https:\/\/www.europesays.com\/pl\/wp-json\/wp\/v2\/comments?post=357981"}],"version-history":[{"count":0,"href":"https:\/\/www.europesays.com\/pl\/wp-json\/wp\/v2\/posts\/357981\/revisions"}],"wp:featuredmedia":[{"embeddable":true,"href":"https:\/\/www.europesays.com\/pl\/wp-json\/wp\/v2\/media\/357982"}],"wp:attachment":[{"href":"https:\/\/www.europesays.com\/pl\/wp-json\/wp\/v2\/media?parent=357981"}],"wp:term":[{"taxonomy":"category","embeddable":true,"href":"https:\/\/www.europesays.com\/pl\/wp-json\/wp\/v2\/categories?post=357981"},{"taxonomy":"post_tag","embeddable":true,"href":"https:\/\/www.europesays.com\/pl\/wp-json\/wp\/v2\/tags?post=357981"}],"curies":[{"name":"wp","href":"https:\/\/api.w.org\/{rel}","templated":true}]}}