{"id":358311,"date":"2026-04-10T20:31:13","date_gmt":"2026-04-10T20:31:13","guid":{"rendered":"https:\/\/www.europesays.com\/pl\/358311\/"},"modified":"2026-04-10T20:31:13","modified_gmt":"2026-04-10T20:31:13","slug":"katarzyna-bosacka-testuje-hitowe-cukierki-najgorszemu-wrogowi-nie-zycze","status":"publish","type":"post","link":"https:\/\/www.europesays.com\/pl\/358311\/","title":{"rendered":"Katarzyna Bosacka testuje hitowe cukierki. &#8222;Najgorszemu wrogowi nie \u017cycz\u0119&#8221;"},"content":{"rendered":"<p>Katarzyna Bosacka to dziennikarka i prezenterka zajmuj\u0105ca si\u0119 tematyk\u0105 zdrowia, kt\u00f3r\u0105 porusza\u0142a m.in. w programach telewizyjnych, np. &#8222;Wiem, co jem&#8221;. R\u00f3wnie\u017c w swoich mediach spo\u0142eczno\u015bciowych stara si\u0119 przekazywa\u0107 obserwatorom wiedz\u0119, kt\u00f3r\u0105 wed\u0142ug niej powinni mie\u0107 konsumenci. Analizuje sk\u0142ady produkt\u00f3w, uczy innych, jak to robi\u0107, por\u00f3wnuje ceny w sklepach.<\/p>\n<p> Dalszy ci\u0105g artyku\u0142u pod materia\u0142em wideo Katarzyna Bosacka grzmi na temat znanych kwa\u015bnych cukierk\u00f3w<\/p>\n<p>Tym razem wzi\u0119\u0142a pod lup\u0119 popularne ultra kwa\u015bne cukierki. Ju\u017c na wst\u0119pie zwr\u00f3ci\u0142a uwag\u0119 na drobny, niemal niewidoczny napis na opakowaniu, kt\u00f3ry m\u00f3wi, \u017ce produkt nie nadaje si\u0119 dla dzieci poni\u017cej 12. roku \u017cycia. Jak ironicznie doda\u0142a, ma\u0142o kt\u00f3re dziecko zauwa\u017cy taki napis.<\/p>\n<p>Nast\u0119pnie przeanalizowa\u0142a sk\u0142ad cukierk\u00f3w, w kt\u00f3rym znalaz\u0142y si\u0119: cukier, syrop glukozowy, regulatory kwasowo\u015bci: kwas cytrynowy i jab\u0142kowy, wodorow\u0119glan sodu, substancje zag\u0119szczaj\u0105ce: guma arabska (E414) i guma ksantanowa (E415), aromaty i czerwie\u0144 Allura (E129).<\/p>\n<p>To w\u0142a\u015bnie ostatni sk\u0142adnik budzi jej najwi\u0119ksze w\u0105tpliwo\u015bci. Czerwie\u0144 Allura (E129) to syntetyczny barwnik, kt\u00f3ry nadaje cukierkom intensywn\u0105 czerwon\u0105 barw\u0119. Mo\u017ce jednak powodowa\u0107 reakcje alergiczne, a w przypadku dzieci by\u0107 powi\u0105zany z nadpobudliwo\u015bci\u0105, na co zreszt\u0105 ekspertka zwr\u00f3ci\u0142a uwag\u0119 na pocz\u0105tku.<\/p>\n<p>&#8222;Mo\u017ce mie\u0107 szkodliwy wp\u0142yw na aktywno\u015b\u0107 i skupienie uwagi u dzieci&#8221; \u2014 przeczyta\u0142a na opakowaniu.<\/p>\n<p>&#8222;To co, ten produkt jest dla dzieci, czy nie jest dla dzieci? Bo ta male\u0144ka informacja&#8230; kto j\u0105 przeczyta?&#8221; \u2014 doda\u0142a.<\/p>\n<p>Katarzynie Bosackiej nie spodoba\u0142y si\u0119 przekazy na opakowaniu, sk\u0142ad landrynek oraz ich smak, kt\u00f3ry wed\u0142ug niej jest &#8222;tak kwa\u015bny, \u017ce a\u017c s\u0142ony&#8221;.<\/p>\n<p>&#8222;Chemia do kibla w czystej postaci, naprawd\u0119. Nie wiem, kto dopuszcza takie rzeczy do sprzeda\u017cy. A\u017c mi \u0142zy pociek\u0142y. To smakuje jak jaka\u015b kostka do przeczyszczania. Najgorszemu wrogowi nie \u017cycz\u0119&#8221; \u2014 podsumowa\u0142a.<\/p>\n<p>Bosacka zwr\u00f3ci\u0142a te\u017c uwag\u0119 na cen\u0119 produktu, kt\u00f3ry kosztuje 24 z\u0142. Jest to cena za 10 cukierk\u00f3w, czyli jedna sztuka kosztuje a\u017c 2,40 z\u0142.<\/p>\n","protected":false},"excerpt":{"rendered":"Katarzyna Bosacka to dziennikarka i prezenterka zajmuj\u0105ca si\u0119 tematyk\u0105 zdrowia, kt\u00f3r\u0105 porusza\u0142a m.in. w programach telewizyjnych, np. &#8222;Wiem,&hellip;\n","protected":false},"author":2,"featured_media":358312,"comment_status":"","ping_status":"","sticky":false,"template":"","format":"standard","meta":{"footnotes":"","_share_on_mastodon":"0"},"categories":[16],"tags":[113,61195,112,62565,16863,48,46,42,38,40,39,41,47,23991,26],"class_list":["post-358311","post","type-post","status-publish","format-standard","has-post-thumbnail","category-biznes","tag-biznes","tag-bottomfeed_styl","tag-business","tag-etykiety_produktow_spozywczych","tag-katarzyna_bosacka","tag-nat_styl","tag-omp","tag-pl","tag-poland","tag-polish","tag-polska","tag-polski","tag-screening_general","tag-sklady","tag-wiadomosci"],"share_on_mastodon":{"url":"https:\/\/pubeurope.com\/@pl\/116382314226275674","error":""},"_links":{"self":[{"href":"https:\/\/www.europesays.com\/pl\/wp-json\/wp\/v2\/posts\/358311","targetHints":{"allow":["GET"]}}],"collection":[{"href":"https:\/\/www.europesays.com\/pl\/wp-json\/wp\/v2\/posts"}],"about":[{"href":"https:\/\/www.europesays.com\/pl\/wp-json\/wp\/v2\/types\/post"}],"author":[{"embeddable":true,"href":"https:\/\/www.europesays.com\/pl\/wp-json\/wp\/v2\/users\/2"}],"replies":[{"embeddable":true,"href":"https:\/\/www.europesays.com\/pl\/wp-json\/wp\/v2\/comments?post=358311"}],"version-history":[{"count":0,"href":"https:\/\/www.europesays.com\/pl\/wp-json\/wp\/v2\/posts\/358311\/revisions"}],"wp:featuredmedia":[{"embeddable":true,"href":"https:\/\/www.europesays.com\/pl\/wp-json\/wp\/v2\/media\/358312"}],"wp:attachment":[{"href":"https:\/\/www.europesays.com\/pl\/wp-json\/wp\/v2\/media?parent=358311"}],"wp:term":[{"taxonomy":"category","embeddable":true,"href":"https:\/\/www.europesays.com\/pl\/wp-json\/wp\/v2\/categories?post=358311"},{"taxonomy":"post_tag","embeddable":true,"href":"https:\/\/www.europesays.com\/pl\/wp-json\/wp\/v2\/tags?post=358311"}],"curies":[{"name":"wp","href":"https:\/\/api.w.org\/{rel}","templated":true}]}}