{"id":358570,"date":"2026-04-10T23:41:47","date_gmt":"2026-04-10T23:41:47","guid":{"rendered":"https:\/\/www.europesays.com\/pl\/358570\/"},"modified":"2026-04-10T23:41:47","modified_gmt":"2026-04-10T23:41:47","slug":"o-ktorej-mecz-korona-kielce-jagiellonia-bialystok-transmisja-live-stream-gdzie-obejrzec-w-tv-cksport-pl-sport-kielce-korona-kielce","status":"publish","type":"post","link":"https:\/\/www.europesays.com\/pl\/358570\/","title":{"rendered":"O kt\u00f3rej mecz Korona Kielce \u2013 Jagiellonia Bia\u0142ystok? Transmisja, Live Stream. Gdzie obejrze\u0107 w TV? &#8211; CKsport.pl &#8211; Sport Kielce | Korona Kielce"},"content":{"rendered":"<p>W pojedynku 28. kolejki PKO BP Ekstraklasy Korona Kielce zmierzy si\u0119 na Exbud Arenie z Jagielloni\u0105 Bia\u0142ystok. Oczywi\u015bcie transmisja \u201e\u017c\u00f3\u0142to-czerwonych derb\u00f3w\u201d b\u0119dzie dost\u0119pna w telewizji oraz w internecie.<\/p>\n<p>Belgijski pomocnik Kielczan Martin Remacle na przedmeczowej konferencji odni\u00f3s\u0142 si\u0119 do atmosfery w dru\u017cynie po ostatnim przegranym meczu w Gda\u0144sku (2:4). \u2013 Po pora\u017cce czujemy z\u0142o\u015b\u0107, ale jest to normalne. Teraz mamy okazj\u0119 si\u0119 pokaza\u0107 u siebie, wiemy, jaka jest sytuacja w lidze, tabela jest sp\u0142aszczona. Gramy w domu, przeciwko bardzo dobrej dru\u017cynie i chcemy si\u0119 pokaza\u0107 z jak najlepszej strony \u2013 <a href=\"https:\/\/www.cksport.pl\/pokazWiadomosc\/33433_remacle_przed_jagiellonia-_znamy_ich_jakosc_ale_wiemy_tez_jakie_mamy_atuty.html\" rel=\"nofollow noopener\" target=\"_blank\">wskaza\u0142<\/a> 28-latek.<\/p>\n<p>\u00a0<\/p>\n<p> <img decoding=\"async\" style=\"height: 45px; width: auto; display: block;\" src=\"https:\/\/www.europesays.com\/pl\/wp-content\/uploads\/2026\/04\/1775862933_206_ck_sport_1.png\" alt=\"CK Sport Logo\"\/> <\/p>\n<p style=\"font-size: 13px; font-weight: bold; color: #ffd700; text-transform: uppercase; letter-spacing: 2.5px; margin: 0px 0px 10px; opacity: 0.9; text-align: center;\">PKO BP Ekstraklasa \u2022 28. Kolejka<\/p>\n<p>\u00a0<\/p>\n<p><img decoding=\"async\" style=\"height: 95px; margin-bottom: 15px; filter: drop-shadow(0 4px 8px rgba(0,0,0,0.5));\" src=\"https:\/\/www.europesays.com\/pl\/wp-content\/uploads\/2026\/04\/1775862934_402_kor_8.png\" alt=\"Korona Kielce\"\/> Korona Kielce<\/p>\n<p>VS<\/p>\n<p><img decoding=\"async\" style=\"height: 95px; margin-bottom: 15px; filter: drop-shadow(0 4px 8px rgba(0,0,0,0.5));\" src=\"https:\/\/www.europesays.com\/pl\/wp-content\/uploads\/2026\/04\/1775862934_73_j_color_onblack_2.png\" alt=\"Jagiellonia Bia\u0142ystok\"\/> Jagiellonia Bia\u0142ystok<\/p>\n<p style=\"font-size: 18px; color: #cfcfcf; margin-bottom: 40px; text-align: center;\">Pi\u0105tek, 10 kwietnia \u2022 Godzina 20.30<\/p>\n<p>CKSPORT LIVE<\/p>\n<p>\u00a0<\/p>\n<p style=\"font-size: 11px; font-weight: bold; color: #ffd700; margin-bottom: 12px; text-transform: uppercase; letter-spacing: 1.2px;\">Transmisja Online<\/p>\n<p><img decoding=\"async\" style=\"height: 25px;\" src=\"https:\/\/www.europesays.com\/pl\/wp-content\/uploads\/2026\/04\/canalonline.png\"\/><\/p>\n<p style=\"margin-top: 40px; font-size: 12px; color: rgba(255, 255, 255, 0.4); font-weight: 600; text-transform: uppercase; letter-spacing: 2px;\">MIEJSCE: Exbud Arena, Kielce<\/p>\n<p>Fot. Grzegorz Ksel<\/p>\n<p><a href=\"https:\/\/dapkielce.pl\/\" target=\"_blank\" rel=\"noopener nofollow\"> <img decoding=\"async\" style=\"width: 100%; height: auto; display: block;\" src=\"https:\/\/www.europesays.com\/pl\/wp-content\/uploads\/2026\/04\/dap_grafika.png\" alt=\"DAP Kielce Grafika\"\/> <\/a><\/p>\n<p>&#8212;&#8212;&#8212;&#8212;<br \/>\nDzi\u0119kujemy, \u017ce jeste\u015b z nami i wspierasz tw\u00f3rczo\u015b\u0107 dost\u0119pn\u0105 na CKsport.pl. Kliknij w link poni\u017cej i postaw naszej redakcji symboliczn\u0105 kaw\u0119.<\/p>\n<p><a href=\"https:\/\/buycoffee.to\/cksportpl\" target=\"_blank\" rel=\"noopener nofollow\"><img decoding=\"async\" style=\"width: 300px; display: block; margin-left: auto; margin-right: auto;\" src=\"https:\/\/buycoffee.to\/btn\/buycoffeeto-btn-primary.svg\" alt=\"Postaw mi kaw\u0119 na buycoffee.to\"\/><\/a><\/p>\n","protected":false},"excerpt":{"rendered":"W pojedynku 28. kolejki PKO BP Ekstraklasy Korona Kielce zmierzy si\u0119 na Exbud Arenie z Jagielloni\u0105 Bia\u0142ystok. Oczywi\u015bcie&hellip;\n","protected":false},"author":2,"featured_media":358571,"comment_status":"","ping_status":"","sticky":false,"template":"","format":"standard","meta":{"footnotes":"","_share_on_mastodon":"0"},"categories":[51614],"tags":[2151,60263,2615,2908,60262,42,38,40,39,41,545],"class_list":["post-358570","post","type-post","status-publish","format-standard","has-post-thumbnail","category-bialystok","tag-bialystok","tag-gdzie-obejrzec-w-tv","tag-jagiellonia-bialystok","tag-korona-kielce","tag-live-stream","tag-pl","tag-poland","tag-polish","tag-polska","tag-polski","tag-transmisja"],"share_on_mastodon":{"url":"https:\/\/pubeurope.com\/@pl\/116383061597905211","error":""},"_links":{"self":[{"href":"https:\/\/www.europesays.com\/pl\/wp-json\/wp\/v2\/posts\/358570","targetHints":{"allow":["GET"]}}],"collection":[{"href":"https:\/\/www.europesays.com\/pl\/wp-json\/wp\/v2\/posts"}],"about":[{"href":"https:\/\/www.europesays.com\/pl\/wp-json\/wp\/v2\/types\/post"}],"author":[{"embeddable":true,"href":"https:\/\/www.europesays.com\/pl\/wp-json\/wp\/v2\/users\/2"}],"replies":[{"embeddable":true,"href":"https:\/\/www.europesays.com\/pl\/wp-json\/wp\/v2\/comments?post=358570"}],"version-history":[{"count":0,"href":"https:\/\/www.europesays.com\/pl\/wp-json\/wp\/v2\/posts\/358570\/revisions"}],"wp:featuredmedia":[{"embeddable":true,"href":"https:\/\/www.europesays.com\/pl\/wp-json\/wp\/v2\/media\/358571"}],"wp:attachment":[{"href":"https:\/\/www.europesays.com\/pl\/wp-json\/wp\/v2\/media?parent=358570"}],"wp:term":[{"taxonomy":"category","embeddable":true,"href":"https:\/\/www.europesays.com\/pl\/wp-json\/wp\/v2\/categories?post=358570"},{"taxonomy":"post_tag","embeddable":true,"href":"https:\/\/www.europesays.com\/pl\/wp-json\/wp\/v2\/tags?post=358570"}],"curies":[{"name":"wp","href":"https:\/\/api.w.org\/{rel}","templated":true}]}}