{"id":358639,"date":"2026-04-11T00:47:14","date_gmt":"2026-04-11T00:47:14","guid":{"rendered":"https:\/\/www.europesays.com\/pl\/358639\/"},"modified":"2026-04-11T00:47:14","modified_gmt":"2026-04-11T00:47:14","slug":"mszyfr-gotowy-polska-ma-wlasny-bezpieczny-komunikator","status":"publish","type":"post","link":"https:\/\/www.europesays.com\/pl\/358639\/","title":{"rendered":"mSzyfr gotowy. Polska ma w\u0142asny, bezpieczny komunikator"},"content":{"rendered":"<p>Narodowy komunikator mSzyfr to rozwi\u0105zanie przygotowano z my\u015bl\u0105 o administracji publicznej oraz podmiotach krajowego systemu cyberbezpiecze\u0144stwa. Nowe narz\u0119dzie \u00a0zapewnia szyfrowanie end-to-end z zaawansowan\u0105 kryptografi\u0105. Z komunikatora b\u0119d\u0105 mog\u0142y korzysta\u0107 instytucje pa\u0144stwowe, a tak\u017ce podmioty wpisane do wykazu podmiot\u00f3w kluczowych i wa\u017cnych. Co istotne, narz\u0119dzie ma by\u0107 dla u\u017cytkownik\u00f3w ko\u0144cowych bezp\u0142atne.<\/p>\n<p>    Dalsza cz\u0119\u015b\u0107 tekstu pod wideo<\/p>\n<p>Jak wyja\u015bnia Ministerstwo Cyfryzacji, chodzi o to, by s\u0142u\u017cbowa komunikacja by\u0142a bezpieczna i pozostawa\u0142a pod pe\u0142n\u0105 kontrol\u0105 pa\u0144stwa. Polska ma tu kontrol\u0119 nie tylko nad samymi danymi, ale te\u017c nad infrastruktur\u0105 serwerow\u0105 i ca\u0142ym cyklem \u017cycia oprogramowania. To oznacza, \u017ce kluczowe elementy systemu nie s\u0105 uzale\u017cnione od zagranicznych platform czy komercyjnych dostawc\u00f3w.<\/p>\n<p>        <img loading=\"lazy\" decoding=\"async\" src=\"https:\/\/www.europesays.com\/pl\/wp-content\/uploads\/2026\/04\/1775809990_130_B32963402.414688363;dc_trk_aid=607216972;dc_trk_cid=228291445;ord=[timestamp];dc_lat=;dc_rdid=;tag_f.gif\" attributionsrc=\"\" border=\"0\" height=\"1\" width=\"1\" alt=\"Advertisement\"\/><\/p>\n<p>Sam komunikator ma szyfrowa\u0107 praktycznie wszystko, co w takim narz\u0119dziu najwa\u017cniejsze. Chodzi nie tylko o wiadomo\u015bci tekstowe i g\u0142osowe, ale te\u017c o po\u0142\u0105czenia audio i wideo, przesy\u0142ane pliki oraz metadane. W praktyce oznacza to, \u017ce zabezpieczona ma by\u0107 nie tylko tre\u015b\u0107 rozmowy, ale r\u00f3wnie\u017c towarzysz\u0105ce jej informacje techniczne, kt\u00f3re w wielu systemach te\u017c mog\u0105 mie\u0107 du\u017ce znaczenie.<\/p>\n<p>\n                                mSzyfr oznacza pe\u0142n\u0105 suwerenno\u015b\u0107 cyfrow\u0105\n            <\/p>\n<p>Tw\u00f3rcy mSzyfru stawiaj\u0105 te\u017c na pe\u0142n\u0105 suwerenno\u015b\u0107 cyfrow\u0105. W tym przypadku nie jest to polityczne has\u0142o, ale bardzo konkretne za\u0142o\u017cenie: organizacja korzystaj\u0105ca z systemu ma zachowa\u0107 pe\u0142n\u0105 kontrol\u0119 nad swoimi danymi, zapleczem serwerowym i sposobem rozwoju oprogramowania. W opisie projektu pojawia si\u0119 tak\u017ce model on-premise, czyli wdro\u017cenie we w\u0142asnej infrastrukturze, co dla cz\u0119\u015bci instytucji mo\u017ce by\u0107 istotne z punktu widzenia bezpiecze\u0144stwa i zgodno\u015bci z wewn\u0119trznymi procedurami.<\/p>\n<p>mSzyfr ma r\u00f3wnie\u017c ogranicza\u0107 zbieranie zb\u0119dnych informacji. Zgodnie z za\u0142o\u017ceniami systemu wra\u017cliwe dane, takie jak klucze szyfruj\u0105ce, maj\u0105 by\u0107 przechowywane bezpiecznie na urz\u0105dzeniach ko\u0144cowych u\u017cytkownik\u00f3w, a nie w centralnym miejscu.\u00a0<\/p>\n<p>Jak podaje resort cyfryzacji, podobnej klasy narodowe rozwi\u0105zania funkcjonuj\u0105 dzi\u015b w Europie tylko we Francji, Niemczech i Estonii. Polska do\u0142\u0105cza wi\u0119c do bardzo w\u0105skiego grona pa\u0144stw, kt\u00f3re rozwijaj\u0105 w\u0142asne, krajowe komunikatory do bezpiecznej komunikacji w sektorze publicznym.<\/p>\n<p>W oficjalnym zestawieniu opublikowanym przez tw\u00f3rc\u00f3w aplikacji mSzyfr komunikator wypada bardzo korzystnie na tle popularnych, komercyjnych rywali takich jak WhatsApp, Signal czy Telegram. Tylko polski projekt operuje na w pe\u0142ni otwartym kodzie \u017ar\u00f3d\u0142owym z jednoczesnym uwzgl\u0119dnieniem zasad Privacy by design (prywatno\u015b\u0107 w fazie projektowania), a wszystkie gromadzone w nim dane podlegaj\u0105 wy\u0142\u0105cznie polskiej jurysdykcji.<\/p>\n<p>        <img decoding=\"async\" src=\"data:image\/png;base64,iVBORw0KGgoAAAANSUhEUgAAAlgAAAGQCAMAAABF6+6qAAAAFXRFWHRDcmVhdGlvbiBUaW1lAAfYBx8NGgTieuHaAAAAB3RJTUUH2AcfDRornKo\/8wAAAAlwSFlzAABcRgAAXEYBFJRDQQAAAANQTFRF\/\/\/\/p8QbyAAAAAF0Uk5TAEDm2GYAAAD\/SURBVHja7cEBDQAAAMKg909tDwcUAAAAAAAAAAAAAAAAAAAAAAAAAAAAAAAAAAAAAAAAAAAAAAAAAAAAAAAAAAAAAAAAAAAAAAAAAAAAAAAAAAAAAAAAAAAAAAAAAAAAAAAAAAAAAAAAAAAAAAAAAAAAAAAAAAAAAAAAAAAAAAAAAAAAAAAAAAAAAAAAAAAAAAAAAAAAAAAAAAAAAAAAAAAAAAAAAAAAAAAAAAAAAAAAAAAAAAAAAAAAAAAAAAAAAAAAAAAAAAAAAAAAAAAAAAAAAAAAAAAAAAAAAAAAAAAAAAAAAAAAAAAAAAAAAAAAAAAAAAAAAAAAAAAAAPBiqz0AAUeOb7kAAAAASUVORK5CYII=\" alt=\"mSzyfr gotowy. Polska ma w\u0142asny, bezpieczny komunikator\" fetchpriority=\"\" data-lazy=\"1\" data-controller=\"lazy-image symfony--ux-lazy-image--lazy-image\" data-symfony--ux-lazy-image--lazy-image-src-value=\"https:\/\/pliki.telepolis.pl\/file\/250938\/original.jpeg\" class=\"image\" width=\"100%\" height=\"auto\"\/><\/p>\n","protected":false},"excerpt":{"rendered":"Narodowy komunikator mSzyfr to rozwi\u0105zanie przygotowano z my\u015bl\u0105 o administracji publicznej oraz podmiotach krajowego systemu cyberbezpiecze\u0144stwa. Nowe narz\u0119dzie&hellip;\n","protected":false},"author":2,"featured_media":358640,"comment_status":"","ping_status":"","sticky":false,"template":"","format":"standard","meta":{"footnotes":"","_share_on_mastodon":"0"},"categories":[12],"tags":[5277,24153,62693,19096,62692,42,38,40,39,41,62694,62691],"class_list":["post-358639","post","type-post","status-publish","format-standard","has-post-thumbnail","category-polska","tag-aplikacje","tag-komunikator","tag-komunikator-narodowy","tag-ministerstwo-cyfryzacji","tag-mszyfr","tag-pl","tag-poland","tag-polish","tag-polska","tag-polski","tag-szyfrowanie-e2e","tag-szyfrowanie-end-to-end"],"share_on_mastodon":{"url":"https:\/\/pubeurope.com\/@pl\/116383320824278089","error":""},"_links":{"self":[{"href":"https:\/\/www.europesays.com\/pl\/wp-json\/wp\/v2\/posts\/358639","targetHints":{"allow":["GET"]}}],"collection":[{"href":"https:\/\/www.europesays.com\/pl\/wp-json\/wp\/v2\/posts"}],"about":[{"href":"https:\/\/www.europesays.com\/pl\/wp-json\/wp\/v2\/types\/post"}],"author":[{"embeddable":true,"href":"https:\/\/www.europesays.com\/pl\/wp-json\/wp\/v2\/users\/2"}],"replies":[{"embeddable":true,"href":"https:\/\/www.europesays.com\/pl\/wp-json\/wp\/v2\/comments?post=358639"}],"version-history":[{"count":0,"href":"https:\/\/www.europesays.com\/pl\/wp-json\/wp\/v2\/posts\/358639\/revisions"}],"wp:featuredmedia":[{"embeddable":true,"href":"https:\/\/www.europesays.com\/pl\/wp-json\/wp\/v2\/media\/358640"}],"wp:attachment":[{"href":"https:\/\/www.europesays.com\/pl\/wp-json\/wp\/v2\/media?parent=358639"}],"wp:term":[{"taxonomy":"category","embeddable":true,"href":"https:\/\/www.europesays.com\/pl\/wp-json\/wp\/v2\/categories?post=358639"},{"taxonomy":"post_tag","embeddable":true,"href":"https:\/\/www.europesays.com\/pl\/wp-json\/wp\/v2\/tags?post=358639"}],"curies":[{"name":"wp","href":"https:\/\/api.w.org\/{rel}","templated":true}]}}