{"id":358807,"date":"2026-04-11T03:27:16","date_gmt":"2026-04-11T03:27:16","guid":{"rendered":"https:\/\/www.europesays.com\/pl\/358807\/"},"modified":"2026-04-11T03:27:16","modified_gmt":"2026-04-11T03:27:16","slug":"wazna-decyzja-w-sprawie-polskich-mysliwcow-usa-daly-zielone-swiatlo-2","status":"publish","type":"post","link":"https:\/\/www.europesays.com\/pl\/358807\/","title":{"rendered":"Wa\u017cna decyzja w sprawie polskich my\u015bliwc\u00f3w. USA da\u0142y zielone \u015bwiat\u0142o"},"content":{"rendered":"<p class=\"Paragraph_desktopParagraph__U31Gm\">Najbli\u017csze lata zapowiadaj\u0105 si\u0119 bardzo ciekawie w kontek\u015bcie polskiego lotnictwa wojskowego. Ju\u017c latem otrzymamy przecie\u017c pierwsze my\u015bliwce F-35, a <a href=\"https:\/\/wiadomosci.onet.pl\/kraj\/niemal-setka-apachey-trafi-do-polski-premier-potwierdza\/k0xdgg7\" id=\"1381254c-4e92-4e36-9bee-02226a078e69\" rel=\"nofollow noopener\" target=\"_blank\">na horyzoncie czaj\u0105 si\u0119 tak\u017ce \u015bmig\u0142owce szturmowe AH-64 Apache<\/a> oraz lekkie my\u015bliwce FA-50PL.<\/p>\n<p class=\"VideoPlayerText_videoPlayerText__iDwyz\">Dalszy ci\u0105g materia\u0142u pod wideo<\/p>\n<p class=\"Paragraph_desktopParagraph__U31Gm\">I to w\u0142a\u015bnie te ostatnie konstrukcje s\u0105 bohaterem wie\u015bci p\u0142yn\u0105cych z USA. Jak poinformowa\u0142o dow\u00f3dztwo polskiej armii, Stany Zjednoczone da\u0142y zielone \u015bwiat\u0142o na integracj\u0119 tych maszyn z pociskami powietrze-powietrze AIM-120 o zasi\u0119gu 90 km.<\/p>\n<p class=\"Paragraph_desktopParagraph__U31Gm\">&#8222;W po\u0142\u0105czeniu z poprzedni\u0105 zgod\u0105 ameryka\u0144sk\u0105 na integracj\u0119 pocisk\u00f3w kr\u00f3tkiego zasi\u0119gu AIM-9X Sidewinder, sprawia, \u017ce FA-50 stanie si\u0119 lekkim samolotem wielozadaniowym w pe\u0142nym tego s\u0142owa znaczeniu&#8221; \u2014 pisz\u0105 eksperci z serwisu Defence24, kt\u00f3rzy okre\u015blaj\u0105 t\u0119 decyzj\u0119 mianem prze\u0142omu. Wed\u0142ug nich nowe uzbrojenie sprawi, \u017ce zakup my\u015bliwca FA-50PL nareszcie nabiera sensu.<\/p>\n<p>FA-50PL \u2014 polska wersja korea\u0144skiego my\u015bliwca <\/p>\n<p class=\"Paragraph_desktopParagraph__U31Gm\">FA-50 Fighting Eagle to lekki dwuosobowy samolot bojowy wywodz\u0105cy si\u0119 z Korei P\u0142d. rozp\u0119dzaj\u0105cy si\u0119 do pr\u0119dko\u015bci 1800 km na godz. i lataj\u0105cy na wysoko\u015bci 14,5 km. Masa w\u0142asna samolotu wynosi 6,47 t, przy maksymalnej masie startowej 12,3 t, co pozwala na przenoszenie r\u00f3\u017cnorodnego uzbrojenia o masie do 4,5 t.<\/p>\n<p><img decoding=\"async\" class=\"Image_image__0tuHp Image_autoHeight__f2n87 \" height=\"559\" width=\"940\" src=\"https:\/\/www.europesays.com\/pl\/wp-content\/uploads\/2026\/04\/6Qnk9kpTURBXy8yNTE4ZDRkNDNlMTU3Zjk5Njg0NzE1Njk5YTUwZjYxMy5qcGeSlQLNA6wAwsOVAgDNAkvCw94AA6EwAaExAaEzw.jpeg\" alt=\"Na zdj\u0119ciu samolot FA-50\" loading=\"lazy\" \/>NurPhoto \/ Contributor \/ Getty Images<\/p>\n<p>Na zdj\u0119ciu samolot FA-50<\/p>\n<p class=\"Paragraph_desktopParagraph__U31Gm\">Polska nab\u0119dzie w sumie 32 samoloty w wersji FA-50PL, a pierwsze maszyny maj\u0105 trafi\u0107 do Polski w 2027 r. Jak podaje polskie wojsko, w tej wersji maszyny doczekaj\u0105 si\u0119 istotnych zmian w zakresie uzbrojenia, zasi\u0119gu operacyjnego, awioniki oraz radaru \u2014 wszystko zgodnie z wymaganiami przedstawionymi przez polskie wojsko.<\/p>\n","protected":false},"excerpt":{"rendered":"Najbli\u017csze lata zapowiadaj\u0105 si\u0119 bardzo ciekawie w kontek\u015bcie polskiego lotnictwa wojskowego. Ju\u017c latem otrzymamy przecie\u017c pierwsze my\u015bliwce F-35,&hellip;\n","protected":false},"author":2,"featured_media":358808,"comment_status":"","ping_status":"","sticky":false,"template":"","format":"standard","meta":{"footnotes":"","_share_on_mastodon":"0"},"categories":[12],"tags":[32,33,36,37,27,27619,67,34,35,2466,28,31,53,25,52,68,51,55,42,38,40,39,41,47,59,29,30,65,50,26,1378],"class_list":["post-358807","post","type-post","status-publish","format-standard","has-post-thumbnail","category-polska","tag-breaking-news","tag-breakingnews","tag-featured-news","tag-featurednews","tag-headlines","tag-inst_tst0","tag-intextvideo_splayer","tag-latest-news","tag-latestnews","tag-lotnictwo_samoloty_samolot_przemysl_lotniczy_linie_lotnicze_lotnictwo_wojskowe_ruch_lotniczy","tag-naglowki","tag-najwazniejsze-artykuly","tag-new_header","tag-news","tag-onet3","tag-onet3d","tag-onet3d_2i","tag-phx","tag-pl","tag-poland","tag-polish","tag-polska","tag-polski","tag-screening_general","tag-stany_zjednoczone_usa","tag-top-stories","tag-topstories","tag-update_me","tag-v2021","tag-wiadomosci","tag-wojsko_polskie_polska_armia_marynarka_lotnictwo"],"share_on_mastodon":{"url":"","error":"Validation failed: Text character limit of 500 exceeded"},"_links":{"self":[{"href":"https:\/\/www.europesays.com\/pl\/wp-json\/wp\/v2\/posts\/358807","targetHints":{"allow":["GET"]}}],"collection":[{"href":"https:\/\/www.europesays.com\/pl\/wp-json\/wp\/v2\/posts"}],"about":[{"href":"https:\/\/www.europesays.com\/pl\/wp-json\/wp\/v2\/types\/post"}],"author":[{"embeddable":true,"href":"https:\/\/www.europesays.com\/pl\/wp-json\/wp\/v2\/users\/2"}],"replies":[{"embeddable":true,"href":"https:\/\/www.europesays.com\/pl\/wp-json\/wp\/v2\/comments?post=358807"}],"version-history":[{"count":0,"href":"https:\/\/www.europesays.com\/pl\/wp-json\/wp\/v2\/posts\/358807\/revisions"}],"wp:featuredmedia":[{"embeddable":true,"href":"https:\/\/www.europesays.com\/pl\/wp-json\/wp\/v2\/media\/358808"}],"wp:attachment":[{"href":"https:\/\/www.europesays.com\/pl\/wp-json\/wp\/v2\/media?parent=358807"}],"wp:term":[{"taxonomy":"category","embeddable":true,"href":"https:\/\/www.europesays.com\/pl\/wp-json\/wp\/v2\/categories?post=358807"},{"taxonomy":"post_tag","embeddable":true,"href":"https:\/\/www.europesays.com\/pl\/wp-json\/wp\/v2\/tags?post=358807"}],"curies":[{"name":"wp","href":"https:\/\/api.w.org\/{rel}","templated":true}]}}