{"id":358973,"date":"2026-04-11T05:50:11","date_gmt":"2026-04-11T05:50:11","guid":{"rendered":"https:\/\/www.europesays.com\/pl\/358973\/"},"modified":"2026-04-11T05:50:11","modified_gmt":"2026-04-11T05:50:11","slug":"prezes-na-podwojnym-gazie-skandaliczna-sytuacja-na-pokladzie-samolotu","status":"publish","type":"post","link":"https:\/\/www.europesays.com\/pl\/358973\/","title":{"rendered":"Prezes na podw\u00f3jnym gazie, Skandaliczna sytuacja na pok\u0142adzie samolotu"},"content":{"rendered":"<p>Lot z Malagi do Warszawy 11 marca jeszcze przed jego rozpocz\u0119ciem zapowiada si\u0119 burzliwie. Czekaj\u0105ca na hiszpa\u0144skim lotnisku grupa oko\u0142o dziesi\u0119ciu os\u00f3b zachowuje si\u0119 w wyj\u0105tkowo ha\u0142a\u015bliwy spos\u00f3b. Postronni pasa\u017cerowie tego samego lotu s\u0142ysz\u0105, jak uczestnicy wycieczki m\u00f3wi\u0105 mi\u0119dzy sob\u0105, \u017ce prezes poszed\u0142 na kielicha. \u2014 Jeszcze przed wej\u015bciem na pok\u0142ad by\u0142 ewidentnie pod wp\u0142ywem alkoholu \u2014 dowiadujemy si\u0119 od pasa\u017cer\u00f3w, z kt\u00f3rymi rozmawiamy.<\/p>\n<p>M\u0119\u017cczyzna nazywany przez cz\u0142onk\u00f3w grupy prezesem to Robert Sk\u0142adowski, szef Og\u00f3lnopolskiej Federacji Przedsi\u0119biorc\u00f3w i Pracodawc\u00f3w, kt\u00f3ra \u2014 wed\u0142ug informacji na jej stronie przedsiebiorcy.pl \u2014 zrzesza ponad 1 200 firm zatrudniaj\u0105cych oko\u0142o 200 tys. pracownik\u00f3w.<\/p>\n<p>Lot z Malagi do Warszawy dla jej pasa\u017cer\u00f3w by\u0142by pewnie niczym wi\u0119cej ni\u017c kilkugodzinn\u0105 uci\u0105\u017cliwo\u015bci\u0105 z powodu rozochoconych zabaw\u0105 podr\u00f3\u017cnik\u00f3w z atrakcyjnego turystycznie miejsca Europy, gdyby nie dosz\u0142o podczas niego do bezpo\u015bredniej konfrontacji, przeszuka\u0144 z udzia\u0142em s\u0142u\u017cb, a na ko\u0144cu doniesienia dotycz\u0105cego konkretnego przest\u0119pstwa.<\/p>\n<p>Jak dowiadujemy si\u0119 od pasa\u017cer\u00f3w, wydarzenia na lotnisku stanowi\u0142y zaledwie preludium do tych, kt\u00f3re rozegra\u0142y si\u0119 na pok\u0142adzie samolotu.<\/p>\n<p>\u2014 Prezes by\u0142 niekwestionowanym liderem tej grupy. Jak tylko wszed\u0142 na pok\u0142ad samolotu, stan\u0105\u0142 pomi\u0119dzy fotelami innych pasa\u017cer\u00f3w i zakomunikowa\u0142 swoim ludziom: &#8222;Kiedy wyl\u0105dujemy w Warszawie, idziemy jeszcze na rozchodniaka!&#8221;. LOT sprzedaje na pok\u0142adzie r\u00f3\u017cnego rodzaju napoje, wi\u0119c szybko musia\u0142 wjecha\u0107 dodatkowy alkohol, bo by\u0142o bardzo g\u0142o\u015bno \u2014 s\u0142yszymy od pasa\u017cer\u00f3w.<\/p>\n<p>Cho\u0107 Polskie Linie Lotnicze LOT potwierdzi\u0142y w e-mailu do nas, \u017ce &#8222;11 marca br. w czasie rejsu LO440 z Malagi do Warszawy odnotowa\u0142y zdarzenie na pok\u0142adzie&#8221;, to zastrzeg\u0142y, \u017ce &#8222;nie udzielaj\u0105 szczeg\u00f3\u0142owych informacji dotycz\u0105cych przebiegu sytuacji, ani os\u00f3b, kt\u00f3rych mog\u0142a ona dotyczy\u0107&#8221;.<\/p>\n<p>Jednak od os\u00f3b, kt\u00f3re szczeg\u00f3\u0142owo znaj\u0105 przebieg wydarze\u0144 od strony LOT, dowiedzieli\u015bmy si\u0119, \u017ce &#8222;lot by\u0142 bardzo intensywny&#8221;, a &#8222;za\u0142oga mia\u0142a co robi\u0107&#8221;, poniewa\u017c prezes &#8222;by\u0142 bardzo g\u0142o\u015bny i \u017cona nie by\u0142a w stanie go uspokoi\u0107&#8221;. To samo \u017ar\u00f3d\u0142o potwierdza relacje innych pasa\u017cer\u00f3w, \u017ce prezes &#8222;sprawia\u0142 wra\u017cenie bycia pod wp\u0142ywem alkoholu&#8221;.<\/p>\n<p> Dalszy ci\u0105g artyku\u0142u pod materia\u0142em wideo <\/p>\n<p>Dowiedzieli\u015bmy si\u0119 te\u017c, \u017ce chocia\u017c tego typu historie zdarzaj\u0105 si\u0119 szczeg\u00f3lnie na kierunkach wakacyjnych, to w tym wypadku wydarzenia eskalowa\u0142y do tego stopnia, \u017ce w spraw\u0119 zaanga\u017cowa\u0142a si\u0119 najwy\u017csza w\u0142adza na pok\u0142adzie. \u2014 Dosta\u0142 ostrze\u017cenie od kapitana, \u017ce je\u017celi si\u0119 nie uspokoi, to albo po l\u0105dowaniu w Warszawie zostanie wezwana policja, albo wr\u0119cz dojdzie do mi\u0119dzyl\u0105dowania w celu wysadzenia go z samolotu \u2014 s\u0142yszymy.<\/p>\n<p>\u2014 Na jaki\u015b czas ten cz\u0142owiek si\u0119 uspokoi\u0142 \u2014 m\u00f3wi nam pasa\u017cerka. \u2014 Za\u0142o\u017cy\u0142am wtedy s\u0142uchawki i ogl\u0105da\u0142am film, ale w pewnym momencie znowu zrobi\u0142o si\u0119 tak g\u0142o\u015bno, \u017ce s\u0142uchawki ju\u017c nie dawa\u0142y rady. To by\u0142o o tyle trudne, \u017ce na pok\u0142adzie znajdowa\u0142y si\u0119 tak\u017ce rodziny z ma\u0142ymi dzie\u0107mi.<\/p>\n<p>Informacj\u0119 o rodzinach z ma\u0142ymi dzie\u0107mi lec\u0105cymi w bezpo\u015brednim s\u0105siedztwie g\u0142o\u015bnego pasa\u017cera potwierdzaj\u0105 nam tak\u017ce nieoficjalnie \u017ar\u00f3d\u0142a urz\u0119dowe.<\/p>\n<p>Pasa\u017cer interweniuje<\/p>\n<p>W ko\u0144cu ze swojego fotela podni\u00f3s\u0142 si\u0119 jeden z pasa\u017cer\u00f3w. \u2014 Przez po\u0142ow\u0119 lotu wytrzyma\u0142em, bo widzia\u0142em tak\u017ce, \u017ce obs\u0142uga samolotu pr\u00f3bowa\u0142a go ucisza\u0107 \u2014 m\u00f3wi nam. \u2014 Natomiast w pewnym momencie nie da\u0142em ju\u017c rady. Wsta\u0142em ze swojego siedzenia, odwr\u00f3ci\u0142em si\u0119 do niego i bardzo spokojnie zwr\u00f3ci\u0142em mu uwag\u0119, \u017ce to przeszkadza. On si\u0119 zachowa\u0142 w bardzo mi\u0142y spos\u00f3b, a mianowicie przeprosi\u0142 i usiad\u0142. Nie min\u0119\u0142o jednak pi\u0119\u0107 minut i si\u0119 odpali\u0142. Zacz\u0105\u0142 na mnie krzycze\u0107, \u017ce jak mi nie pasuje, to \u017cebym poszed\u0142 do pierwszej klasy.<\/p>\n<p>\u2014 Grozi\u0142 pasa\u017cerowi, \u017ce go &#8222;dojedzie&#8221; \u2014 m\u00f3wi nam inna pasa\u017cerka. Inna gro\u017aba o zamiarze &#8222;zniszczenia&#8221; pasa\u017cera zosta\u0142a uj\u0119ta w p\u00f3\u017aniejszym zawiadomieniu na policj\u0119.<\/p>\n<p>Mi\u0119dzy pasa\u017cerem a prezesem dosz\u0142o do s\u0142ownej sprzeczki, kt\u00f3ra spowodowa\u0142a, \u017ce znowu pojawi\u0142 si\u0119 steward, kt\u00f3ry uspokaja\u0142 prezesa Sk\u0142adowskiego.<\/p>\n<p> <img decoding=\"async\" src=\"https:\/\/www.europesays.com\/pl\/wp-content\/uploads\/2026\/04\/oPpk9lBaHR0cHM6Ly9vY2RuLmV1L3B1bHNjbXMvTURBXy9iMTkzYTUyNzMzMTZlNTJkMGVlOWVkZWY4MWQzODhmYy5qcGeRlQLNB.jpeg\" height=\"627\" width=\"940\" alt=\"Nale\u017c\u0105cy do PLL LOT samolot pasa\u017cerski Boeing 737 Max \" loading=\"lazy\" class=\"ods-c-image__img ods-c-image__img--viewport-width\"\/> <\/p>\n<p>Nale\u017c\u0105cy do PLL LOT samolot pasa\u017cerski Boeing 737 MaxDarek Delmanowicz \/ PAP<\/p>\n<p>Kr\u00f3tko potem pasa\u017cer zobaczy\u0142 prezesa, kt\u00f3ry stoi nad nim i robi mu zdj\u0119cia. Odtr\u0105ci\u0142 telefon, jednak by\u0142 przekonany, \u017ce intruz zd\u0105\u017cy\u0142 go sfotografowa\u0107. Znowu pojawi\u0142 si\u0119 steward, kt\u00f3ry zapyta\u0142 pasa\u017cera, czy chce, aby na lotnisku czeka\u0142a policja, \u017ceby m\u00f3g\u0142 z\u0142o\u017cy\u0107 zawiadomienie na zachowanie prezesa.<\/p>\n<p>\u2014 Nie jestem cz\u0142owiekiem sk\u0142onnym do awantur \u2014 s\u0142yszymy od pasa\u017cera. \u2014 Powiedzia\u0142em wi\u0119c stewardowi, \u017ce je\u015bli moje zdj\u0119cia z tego telefonu zostan\u0105 wykasowane, to dla mnie temat jest zako\u0144czony. Steward zapewni\u0142 mnie, \u017ce \u017cadnych zdj\u0119\u0107 w telefonie tego m\u0119\u017cczyzny ju\u017c nie ma. Jak si\u0119 p\u00f3\u017aniej okaza\u0142o, to nie by\u0142a prawda.<\/p>\n<p>     Czy ten pan ma narkotyki? <\/p>\n<p>Po wyl\u0105dowaniu samolotu prezes ze swoim towarzystwem oddalili si\u0119, niezatrzymywani przez nikogo.<\/p>\n<p>Tymczasem na pasa\u017cera, kt\u00f3ry pr\u00f3bowa\u0142 uspokoi\u0107 Roberta Sk\u0142adowskiego, czekali funkcjonariusze Stra\u017cy Granicznej i Krajowej Administracji Skarbowej. Zatrzymali go i zacz\u0119li por\u00f3wnywa\u0107 jego twarz z fotografi\u0105 na telefonie jednego z funkcjonariuszy. \u2014 Zajrza\u0142em do telefonu i ze zdziwieniem odkry\u0142em, \u017ce jest to moje zdj\u0119cie wykonane dok\u0142adnie z tego k\u0105ta, z jakiego fotografowa\u0142 mnie prezes \u2014 m\u00f3wi nam m\u0119\u017cczyzna.<\/p>\n<p>Istnienie tego zdj\u0119cia potwierdza nam inne nasze \u017ar\u00f3d\u0142o na lotnisku, kt\u00f3re je widzia\u0142o. W jaki jednak spos\u00f3b zdj\u0119cie dotar\u0142o do funkcjonariuszy Stra\u017cy Granicznej? Rzeczniczka Nadwi\u015bla\u0144skiego Oddzia\u0142u Stra\u017cy Granicznej mjr Dagmara Bielec zapewnia nas, \u017ce &#8222;wszelkie materia\u0142y w tym tak\u017ce zdj\u0119cia, trafiaj\u0105 do funkcjonariuszy za po\u015brednictwem dost\u0119pnych publicznie i przeznaczonych do tego kana\u0142\u00f3w kontaktu, takich jak telefony interwencyjne, s\u0142u\u017cby dy\u017curne itp. czy adresy e-mailowe&#8221;. Odmawia jednak podania konkretnej \u015bcie\u017cki przesy\u0142ania tego zdj\u0119cia.<\/p>\n<p>Jest to o tyle wa\u017cne, \u017ce z dw\u00f3ch niezale\u017cnych \u017ar\u00f3de\u0142 dowiedzieli\u015bmy si\u0119, \u017ce zdj\u0119cie trafi\u0142o do funkcjonariuszy Stra\u017cy Granicznej drog\u0105 &#8222;nieformaln\u0105&#8221; i kana\u0142ami prywatnymi.<\/p>\n<p>Na lotnisku funkcjonariusze poinformowali pasa\u017cera, \u017ce zostanie przeszukany pod k\u0105tem niedozwolonych substancji. W trakcie dalszej rozmowy wysz\u0142o, \u017ce chodzi konkretnie o narkotyki. Dodatkowo sprawdzili jego bluz\u0119 pod k\u0105tem \u015blad\u00f3w materia\u0142\u00f3w wybuchowych.<\/p>\n<p>Przy m\u0119\u017cczy\u017anie nie znaleziono \u017cadnych niedozwolonych substancji, a sprawdzenie jego dokument\u00f3w wykaza\u0142o, \u017ce nigdy wcze\u015bniej nie by\u0142 karany.<\/p>\n<p>Wtedy pasa\u017cer postanowi\u0142 z\u0142o\u017cy\u0107 zawiadomienie na policji. \u2014 Nadu\u017cywanie alkoholu i wywo\u0142ywanie sprzeczek zdarza si\u0119 ludziom, ale to by\u0142o \u015bwiadome powiadomienie o pope\u0142nieniu przest\u0119pstwa, kt\u00f3re si\u0119 nie wydarzy\u0142o \u2014 m\u00f3wi nam w rozmowie pasa\u017cer lotu z Malagi.<\/p>\n<p>W odpowiedzi na nasze pytania st. asp. Dariusz \u015awiderski z Wydzia\u0142u Prewencji Komisariatu Policji Portu Lotniczego Warszawa Ok\u0119cie, gdzie zosta\u0142o z\u0142o\u017cone zawiadomienie, potwierdzi\u0142, \u017ce &#8222;obecnie prowadzone s\u0105 czynno\u015bci sprawdzaj\u0105ce, w toku kt\u00f3rych zostanie jak najdok\u0142adniej ustalony stan faktyczny&#8221;, dodaj\u0105c, \u017ce &#8222;na etapie zako\u0144czenia czynno\u015bci sprawdzaj\u0105cych zebrany materia\u0142 zostanie oceniony pod k\u0105tem ewentualnego wyczerpania znamion przest\u0119pstwa okre\u015blonego w art. 238 kk&#8221;.<\/p>\n<p>Artyku\u0142 238 kodeksu karnego penalizuje fa\u0142szywe zawiadomienie o przest\u0119pstwie lub przest\u0119pstwie skarbowym. Przewiduje on kar\u0119 ograniczenia wolno\u015bci lub pozbawienia wolno\u015bci do 2 lat.<\/p>\n<p>Oddzielnie kroki prawne planuje podj\u0105\u0107 pasa\u017cer lotu z Malagi. \u2014 Aktualnie analizujemy spraw\u0119 i rozwa\u017camy podj\u0119cie akcji prawnych w imieniu naszego mocodawcy. Nikt nie chcia\u0142by znale\u017a\u0107 si\u0119 w jego sytuacji, kiedy w miejscu publicznym jest zatrzymywany przez umundurowanych funkcjonariuszy, podczas gdy nie ma do tego \u017cadnych podstaw \u2014 informuje nas adwokat Micha\u0142 Krysztofowicz z kancelarii Karnisci.pl.<\/p>\n<p>     Prezes niedost\u0119pny <\/p>\n<p>Z prezesem Robertem Sk\u0142adowskim pr\u00f3bowali\u015bmy skontaktowa\u0107 si\u0119 na wiele sposob\u00f3w. Kilka razy przekazywali\u015bmy mu pro\u015bby o kontakt poprzez jego sekretariat. Usi\u0142owali\u015bmy dodzwoni\u0107 si\u0119 do niego bezpo\u015brednio. Wys\u0142ali\u015bmy mu tak\u017ce pytania na e-maila. Prezes nie odpowiedzia\u0142 w \u017caden spos\u00f3b.<\/p>\n","protected":false},"excerpt":{"rendered":"Lot z Malagi do Warszawy 11 marca jeszcze przed jego rozpocz\u0119ciem zapowiada si\u0119 burzliwie. Czekaj\u0105ca na hiszpa\u0144skim lotnisku&hellip;\n","protected":false},"author":2,"featured_media":358974,"comment_status":"","ping_status":"","sticky":false,"template":"","format":"standard","meta":{"footnotes":"","_share_on_mastodon":"0"},"categories":[12],"tags":[56,61195,32,33,36,37,27,34,35,28,31,48,25,46,42,38,40,39,41,47,515,29,30,341,26],"class_list":["post-358973","post","type-post","status-publish","format-standard","has-post-thumbnail","category-polska","tag-article_premium","tag-bottomfeed_styl","tag-breaking-news","tag-breakingnews","tag-featured-news","tag-featurednews","tag-headlines","tag-latest-news","tag-latestnews","tag-naglowki","tag-najwazniejsze-artykuly","tag-nat_styl","tag-news","tag-omp","tag-pl","tag-poland","tag-polish","tag-polska","tag-polski","tag-screening_general","tag-straz_graniczna","tag-top-stories","tag-topstories","tag-tylko_w_onecie","tag-wiadomosci"],"share_on_mastodon":{"url":"https:\/\/pubeurope.com\/@pl\/116384512338190931","error":""},"_links":{"self":[{"href":"https:\/\/www.europesays.com\/pl\/wp-json\/wp\/v2\/posts\/358973","targetHints":{"allow":["GET"]}}],"collection":[{"href":"https:\/\/www.europesays.com\/pl\/wp-json\/wp\/v2\/posts"}],"about":[{"href":"https:\/\/www.europesays.com\/pl\/wp-json\/wp\/v2\/types\/post"}],"author":[{"embeddable":true,"href":"https:\/\/www.europesays.com\/pl\/wp-json\/wp\/v2\/users\/2"}],"replies":[{"embeddable":true,"href":"https:\/\/www.europesays.com\/pl\/wp-json\/wp\/v2\/comments?post=358973"}],"version-history":[{"count":0,"href":"https:\/\/www.europesays.com\/pl\/wp-json\/wp\/v2\/posts\/358973\/revisions"}],"wp:featuredmedia":[{"embeddable":true,"href":"https:\/\/www.europesays.com\/pl\/wp-json\/wp\/v2\/media\/358974"}],"wp:attachment":[{"href":"https:\/\/www.europesays.com\/pl\/wp-json\/wp\/v2\/media?parent=358973"}],"wp:term":[{"taxonomy":"category","embeddable":true,"href":"https:\/\/www.europesays.com\/pl\/wp-json\/wp\/v2\/categories?post=358973"},{"taxonomy":"post_tag","embeddable":true,"href":"https:\/\/www.europesays.com\/pl\/wp-json\/wp\/v2\/tags?post=358973"}],"curies":[{"name":"wp","href":"https:\/\/api.w.org\/{rel}","templated":true}]}}