{"id":359362,"date":"2026-04-11T10:47:07","date_gmt":"2026-04-11T10:47:07","guid":{"rendered":"https:\/\/www.europesays.com\/pl\/359362\/"},"modified":"2026-04-11T10:47:07","modified_gmt":"2026-04-11T10:47:07","slug":"niezidentyfikowany-balon-znaleziony-przy-granicy-warszawy-onet","status":"publish","type":"post","link":"https:\/\/www.europesays.com\/pl\/359362\/","title":{"rendered":"Niezidentyfikowany balon znaleziony przy granicy Warszawy. &#8211; Onet"},"content":{"rendered":"<ol>\n<li><a href=\"https:\/\/news.google.com\/rss\/articles\/CBMitwFBVV95cUxOcXNOeDBObnA2eXBTR2d5SDNmbkJ0eVYxMU1pSXhWQnpRVG43RzdUSUc3LWNMU0lKRmZJV2JNOUFqYzV1VkZJaHBnY3pWSTktLVBOcTZDb0FGeTNaazE2Y1ZjUlh6eU9YV3ZhckE5T0trN0E2NFJjalNZWFRaX00wN0JMMUxkajJ5MmRSYmFQMDA5Yk1UaVl0dFdkSmdIRkN3MlZYTWJLaExXX1NodmNTU21lczBGMDg?oc=5\" target=\"_blank\" rel=\"nofollow noopener\">Niezidentyfikowany balon znaleziony przy granicy Warszawy.<\/a>&nbsp;&nbsp;Onet<\/li>\n<li><a href=\"https:\/\/news.google.com\/rss\/articles\/CBMipgFBVV95cUxOemUteEQ1elAyMUxaRzFsUWlNdkJuX2pLZktCQXM5OG1qcmM1N1VOQThCc1NyY0QwRUk0QXRobkEySnd3eXJ2MWFLT3h3RUZhbVJSTWxSQWxuSFBXdWdLRU1RZDVrbEhvRm5sa0o0SHBRN2dxMVRZelpJOURrSEsxRGpqZXlpckVyd213VXVEeVlWc1p4QlE2OHpYWXlnZGh3U3ZDM3NR?oc=5\" target=\"_blank\" rel=\"nofollow noopener\">Niezidentyfikowany balon pod Warszaw\u0105<\/a>&nbsp;&nbsp;RMF24<\/li>\n<li><a href=\"https:\/\/news.google.com\/rss\/articles\/CBMikgFBVV95cUxPNk5hdC1xSDdlNEplVk9nZVNNNkFwY0JCRGdnWjh2Z3l5VHBhdWFTZ2VjbFFUdTNZNldtcU15TFhwMmoyaXFlOU1iUWRkV0RCU05ZRnZvMEUzakxCUXBXbndIY191SVFsRldzX3dfQnFTRVpGQ2pNWkxRSkFrUXZCU2UxUVRNV2w0SGk2UTNvTHVBdw?oc=5\" target=\"_blank\" rel=\"nofollow noopener\">Liczne balony nad Polsk\u0105. Wiadomo, co przenosi\u0142y<\/a>&nbsp;&nbsp;TVN24<\/li>\n<li><a href=\"https:\/\/news.google.com\/rss\/articles\/CBMizwFBVV95cUxNeWxNd0ZpaWRpSXFGV013anhja1hoR3JUcGJxa3hQb1BkSUNRZGRPV044by14bTZqTWpJaGFkRG45bE4wS0VUdldaTnVSYXZ0X2ZPU1lCenVBVk5qWkVDUlBxZVo3STFwRzZZZWZZSmtSNU5vZE1QVllUZXRFSWhkVWJUczVXbnpQNndranhVZWVUc0xfd1JIUVhRSFpvYjJ1UXRESDF1WmpvRkJKYlIxSkpxc010V082dmRja3d1U3lfU2xqWmJKaldONldzUEU?oc=5\" target=\"_blank\" rel=\"nofollow noopener\">Balon z podczepion\u0105 paczk\u0105 znaleziony w powiecie siemiatyckim. Policja apeluje o ostro\u017cno\u015b\u0107<\/a>&nbsp;&nbsp;Podlasie24<\/li>\n<li><a href=\"https:\/\/news.google.com\/rss\/articles\/CBMivAFBVV95cUxNU3lzYXJ1Qk5FMDZqSFo5Wl9IZWx1RkVxREZ3cDhhSHp0M0J2b0FOOGtQcm0ybUZ2NjZ2TnFXcW1IM2JOaWptZG9sVG5kYjFHRzNRSFVBQ20zRXdPOHUtdFNSRWdxSXhVLTNZWDd0VDlxeU1xZXlkSGMxNXJYbkZiWklhdnlORVRfRGRLdW1qX2NqUFFrbnBpRXNNbFVUZC1xTWtsN0l3ejZaS1ZDRHRLLTRzc3E0UThUV28wdQ?oc=5\" target=\"_blank\" rel=\"nofollow noopener\">Od samego rana sp\u0142ywaj\u0105 zg\u0142oszenia. Balony nad Polsk\u0105, policja sprawdza zawarto\u015b\u0107 paczek<\/a>&nbsp;&nbsp;Wydarzenia w INTERIA.PL<\/li>\n<\/ol>\n","protected":false},"excerpt":{"rendered":"Niezidentyfikowany balon znaleziony przy granicy Warszawy.&nbsp;&nbsp;Onet Niezidentyfikowany balon pod Warszaw\u0105&nbsp;&nbsp;RMF24 Liczne balony nad Polsk\u0105. Wiadomo, co przenosi\u0142y&nbsp;&nbsp;TVN24 Balon&hellip;\n","protected":false},"author":2,"featured_media":212684,"comment_status":"","ping_status":"","sticky":false,"template":"","format":"standard","meta":{"footnotes":"","_share_on_mastodon":"0"},"categories":[12],"tags":[864,32,33,244,36,37,27,6501,34,35,28,31,53,25,52,68,51,12954,62939,55,42,38,251,40,39,41,1865,47,29,30,65,50,26],"class_list":["post-359362","post","type-post","status-publish","format-standard","has-post-thumbnail","category-polska","tag-bialorus_bialorusin_bialorusinka_bialorusini","tag-breaking-news","tag-breakingnews","tag-ctr_tst","tag-featured-news","tag-featurednews","tag-headlines","tag-kontrabanda","tag-latest-news","tag-latestnews","tag-naglowki","tag-najwazniejsze-artykuly","tag-new_header","tag-news","tag-onet3","tag-onet3d","tag-onet3d_2i","tag-otwock","tag-papierosy_papieros_palenie_papierosow_e_papieros_e_papierosy_tyton","tag-phx","tag-pl","tag-poland","tag-policja_policjanci_policjant_policjantka_policjantki","tag-polish","tag-polska","tag-polski","tag-przemyt","tag-screening_general","tag-top-stories","tag-topstories","tag-update_me","tag-v2021","tag-wiadomosci"],"share_on_mastodon":{"url":"","error":"Validation failed: Text character limit of 500 exceeded"},"_links":{"self":[{"href":"https:\/\/www.europesays.com\/pl\/wp-json\/wp\/v2\/posts\/359362","targetHints":{"allow":["GET"]}}],"collection":[{"href":"https:\/\/www.europesays.com\/pl\/wp-json\/wp\/v2\/posts"}],"about":[{"href":"https:\/\/www.europesays.com\/pl\/wp-json\/wp\/v2\/types\/post"}],"author":[{"embeddable":true,"href":"https:\/\/www.europesays.com\/pl\/wp-json\/wp\/v2\/users\/2"}],"replies":[{"embeddable":true,"href":"https:\/\/www.europesays.com\/pl\/wp-json\/wp\/v2\/comments?post=359362"}],"version-history":[{"count":0,"href":"https:\/\/www.europesays.com\/pl\/wp-json\/wp\/v2\/posts\/359362\/revisions"}],"wp:featuredmedia":[{"embeddable":true,"href":"https:\/\/www.europesays.com\/pl\/wp-json\/wp\/v2\/media\/212684"}],"wp:attachment":[{"href":"https:\/\/www.europesays.com\/pl\/wp-json\/wp\/v2\/media?parent=359362"}],"wp:term":[{"taxonomy":"category","embeddable":true,"href":"https:\/\/www.europesays.com\/pl\/wp-json\/wp\/v2\/categories?post=359362"},{"taxonomy":"post_tag","embeddable":true,"href":"https:\/\/www.europesays.com\/pl\/wp-json\/wp\/v2\/tags?post=359362"}],"curies":[{"name":"wp","href":"https:\/\/api.w.org\/{rel}","templated":true}]}}