{"id":359590,"date":"2026-04-11T13:37:17","date_gmt":"2026-04-11T13:37:17","guid":{"rendered":"https:\/\/www.europesays.com\/pl\/359590\/"},"modified":"2026-04-11T13:37:17","modified_gmt":"2026-04-11T13:37:17","slug":"pola-matysiak-i-kazik-glosowali-na-nawrockiego-pis-owcy-nic-podobnego","status":"publish","type":"post","link":"https:\/\/www.europesays.com\/pl\/359590\/","title":{"rendered":"Pola Matysiak i Kazik g\u0142osowali na Nawrockiego. PiS-owcy? Nic podobnego"},"content":{"rendered":"<p class=\"western\">Pola Matysiak w\u00a0programie Roberta Mazurka, a\u00a0Kazik Staszewski u\u00a0Bogdana Rymanowskiego przyznali, \u017ce\u00a0w\u00a0drugiej turze g\u0142osowali na\u00a0Karola Nawrockiego. Liberalny komentariat zap\u0142on\u0105\u0142 gniewem i\u00a0szyder\u0105: \u201eTo PiS-owcy!\u201d. Prawda jest jednak zupe\u0142nie inna.<\/p>\n<p><a href=\"https:\/\/klubjagiellonski.pl\/1_procent_dla_klubu_jagiellonskiego\/\" rel=\"nofollow noopener\" target=\"_blank\"><img decoding=\"async\" src=\"https:\/\/www.europesays.com\/pl\/wp-content\/uploads\/2026\/02\/kiedyniemadzieci-ramka-720x430.jpg\"\/><\/a><\/p>\n<p class=\"western\">Zar\u00f3wno pos\u0142anka z\u00a0Kutna, jak i\u00a0lider zespo\u0142u Kult u\u017cyli tego samego argumentu: l\u0119ku przed\u00a0monopolem w\u0142adzy. Nie\u00a0mogli zag\u0142osowa\u0107 na\u00a0Rafa\u0142a Trzaskowskiego, poniewa\u017c jego zwyci\u0119stwo oznacza\u0142oby absolutn\u0105 dominacj\u0119 Koalicji Obywatelskiej.<\/p>\n<p class=\"western\">Jej zagorzali zwolennicy pukaj\u0105 si\u0119 po\u00a0czo\u0142ach \u2013 co\u00a0to\u00a0za\u00a0absurdalny argument? Przecie\u017c w\u0142a\u015bnie o\u00a0to\u00a0chodzi\u0142o, \u017ceby\u00a0\u201eodzyska\u0107 pa\u0144stwo\u201d z\u00a0r\u0105k Prawa i\u00a0Sprawiedliwo\u015bci. A\u00a0jednak Nawrocki wygra\u0142. I\u00a0to\u00a0w\u0142a\u015bnie dzi\u0119ki takim nieoczywistym wyborcom jak Matysiak i\u00a0Kazik. Dlaczego?<\/p>\n<p class=\"western\">Oboje si\u0119gn\u0119li po\u00a0argument jakby wyj\u0119ty z\u00a0pism sarmackich XVI i\u00a0XVII wieku. L\u0119k przed\u00a0absolutum dominium zakorzeniony jest w\u00a0polskiej duszy mocniej, ni\u017c powszechnie uwa\u017camy. Od\u00a0500 lat niewiele si\u0119 tu\u00a0zmieni\u0142o.<\/p>\n<p class=\"western\">W\u00a0dawnej Rzeczypospolitej u\u017cywano tego argumentu, aby monarcha, cho\u0107 wybrany woln\u0105 elekcj\u0105, nie\u00a0m\u00f3g\u0142 pozwala\u0107 sobie na\u00a0zbyt wiele. We\u00a0wsp\u00f3\u0142czesnej Polsce ogl\u0105damy dalekie powidoki tego sposobu my\u015blenia \u2013 zar\u00f3wno na\u00a0poziomie ustroju, jak i\u00a0podstawowych motywacji wyborczych.<\/p>\n<p class=\"western\">To\u00a0nie\u00a0tylko\u00a0podw\u00f3jna egzekutywa \u2013 niefunkcjonalna, lecz\u00a0maj\u0105ca zapewnia\u0107 r\u00f3wnowag\u0119 si\u0142 \u2013 lecz\u00a0tak\u017ce prosty odruch republika\u0144skiej wolno\u015bci, dzia\u0142aj\u0105cy w\u00a0Polsce jak ma\u0142o gdzie.<\/p>\n<p class=\"western\">Wolno\u015b\u0107 polityczna to\u00a0wolno\u015b\u0107 od\u00a0dominacji. Lepszy jest instytucjonalnie zorganizowany chaos i\u00a0wyczerpuj\u0105cy teatr polityczny ni\u017c absolutna w\u0142adza skupiona w\u00a0jednych r\u0119kach. Bo\u00a0w\u0142adza korumpuje nawet najlepszych, a\u00a0w\u0142adza skoncentrowana i\u00a0skorumpowana staje si\u0119 zagro\u017ceniem dla obywateli.<\/p>\n<p class=\"western\">Bali\u015bmy si\u0119 jedynow\u0142adztwa Donalda Tuska, wi\u0119c\u00a0\u2013 po\u00a0sarmacku \u2013 zamiast kandydata namaszczonego przez\u00a0\u201eprezydenta Europy\u201d, wybrali\u015bmy \u201epiasta\u201d z\u00a0gda\u0144skiego blokowiska.<\/p>\n<p class=\"western\">I\u00a0jest w\u00a0tym co\u015b na\u00a0sw\u00f3j spos\u00f3b pi\u0119knego: \u017ce\u00a0lewicowa zwolenniczka prawa do\u00a0aborcji, jeszcze niedawno nale\u017c\u0105ca do\u00a0partii Razem, oraz\u00a0stary, konsekwentnie antysystemowy warszawski rockman zag\u0142osowali na\u00a0Karola Nawrockiego.<\/p>\n<p class=\"western\">Warto by\u0142oby jednak t\u0119\u00a0republika\u0144sk\u0105 czujno\u015b\u0107 utrzymywa\u0107 nie\u00a0tylko\u00a0w\u00a0trakcie wybor\u00f3w. Gdy\u00a0wi\u0119c\u00a0obserwuj\u0119 w\u00a0studiach telewizyjnych ob\u0142udne rozdzieranie szat i\u00a0walk\u0119 o\u00a0tzw. praworz\u0105dno\u015b\u0107 \u2013 zar\u00f3wno ze\u00a0strony PiS-owc\u00f3w, jak i\u00a0cz\u0142onk\u00f3w koalicji rz\u0105dz\u0105cej \u2013 widz\u0119 przede wszystkim \u017cenuj\u0105cy teatr. Te\u00a0wszystkie \u201em\u0105dre g\u0142owy\u201d sk\u0142adaj\u0105ce \u015blubowanie wobec prezydenta, lecz\u00a0nie\u00a0w\u00a0jego obecno\u015bci, nie\u00a0robi\u0105 ju\u017c na\u00a0nikim powa\u017cnym wi\u0119kszego wra\u017cenia.<\/p>\n<p class=\"western\">Pod\u00a0tym coraz bardziej groteskowym spektaklem kryje si\u0119 jednak realne niebezpiecze\u0144stwo \u2013 to\u00a0samo, przed\u00a0kt\u00f3rym\u00a0zaprotestowali Matysiak i\u00a0Staszewski. Polska bowiem faktycznie rozmontowa\u0142a Trybuna\u0142 Konstytucyjny, czyli organ maj\u0105cy sprawowa\u0107 konstytucyjn\u0105 kontrol\u0119 w\u0142adzy.<\/p>\n<p class=\"western\">Skala zagmatwania i\u00a0oczywistego bezprawia, kt\u00f3rego\u00a0dopuszcza\u0142y si\u0119 obie strony sporu, jest dzi\u015b a\u017c\u00a0nazbyt widoczna. Do\u00a0wywo\u0142ania potrzebnego resetu ustrojowego \u2013 do\u00a0kt\u00f3rego\u00a0Klub Jagiello\u0144ski nawo\u0142uje od\u00a0dawna \u2013 brakuje jednego elementu: powszechnego przekonania, \u017ce\u00a0brak konstytucyjnej kontroli w\u0142adzy godzi w\u00a0interesy wszystkich Polak\u00f3w, niezale\u017cnie od\u00a0ich wybor\u00f3w politycznych.<\/p>\n<p class=\"western\">Niech\u00a0si\u0119 w\u00a0ko\u0144cu dogadaj\u0105 na\u00a0minimalny kompromis. Niech\u00a0pozwol\u0105 na\u00a0realn\u0105 kontrol\u0119 swoich rz\u0105d\u00f3w. A\u00a0nam dadz\u0105 \u015bwi\u0119ty spok\u00f3j. Po\u00a0republika\u0144sku.<\/p>\n<p>Publikacja nie\u00a0zosta\u0142a sfinansowana ze\u00a0\u015brodk\u00f3w grantu kt\u00f3regokolwiek ministerstwa w\u00a0ramach jakiegokolwiek konkursu. Powsta\u0142a dzi\u0119ki <a href=\"https:\/\/klubjagiellonski.pl\/zbiorka\/wesprzyj-nas\/\" rel=\"nofollow noopener\" target=\"_blank\">Darczy\u0144com Klubu Jagiello\u0144skiego<\/a>, kt\u00f3rym\u00a0jeste\u015bmy wdzi\u0119czni za\u00a0mo\u017cliwo\u015b\u0107 dzia\u0142ania.<\/p>\n<p>Dlatego dzielimy si\u0119 tym dzie\u0142em otwarcie. Ten utw\u00f3r (z\u00a0wy\u0142\u0105czeniem grafik) jest udost\u0119pniony na\u00a0licencji <a href=\"https:\/\/creativecommons.org\/licenses\/by\/4.0\/\" rel=\"nofollow noopener\" target=\"_blank\">Creative Commons Uznanie Autorstwa 4.0 Mi\u0119dzynarodowe<\/a>. Zach\u0119camy do\u00a0jego przedruku i\u00a0wykorzystania. Prosimy jednak o\u00a0podanie linku do\u00a0naszej strony.<\/p>\n","protected":false},"excerpt":{"rendered":"Pola Matysiak w\u00a0programie Roberta Mazurka, a\u00a0Kazik Staszewski u\u00a0Bogdana Rymanowskiego przyznali, \u017ce\u00a0w\u00a0drugiej turze g\u0142osowali na\u00a0Karola Nawrockiego. Liberalny komentariat zap\u0142on\u0105\u0142&hellip;\n","protected":false},"author":2,"featured_media":359591,"comment_status":"","ping_status":"","sticky":false,"template":"","format":"standard","meta":{"footnotes":"","_share_on_mastodon":"0"},"categories":[62712],"tags":[62975,62974,690,62973,23211,9814,20943,62979,62976,62978,62977,2837],"class_list":["post-359590","post","type-post","status-publish","format-standard","has-post-thumbnail","category-karol-nawrocki","tag-coming-out","tag-druga-tura-wyborow","tag-karol-nawrocki","tag-kazik-staszewski","tag-kult","tag-partia-razem","tag-paulina-matysiak","tag-paulina-matysiak-pis","tag-pis-owcy","tag-polska-b","tag-poslanka-z-kutna","tag-rafal-trzaskowski"],"share_on_mastodon":{"url":"https:\/\/pubeurope.com\/@pl\/116386348635483973","error":""},"_links":{"self":[{"href":"https:\/\/www.europesays.com\/pl\/wp-json\/wp\/v2\/posts\/359590","targetHints":{"allow":["GET"]}}],"collection":[{"href":"https:\/\/www.europesays.com\/pl\/wp-json\/wp\/v2\/posts"}],"about":[{"href":"https:\/\/www.europesays.com\/pl\/wp-json\/wp\/v2\/types\/post"}],"author":[{"embeddable":true,"href":"https:\/\/www.europesays.com\/pl\/wp-json\/wp\/v2\/users\/2"}],"replies":[{"embeddable":true,"href":"https:\/\/www.europesays.com\/pl\/wp-json\/wp\/v2\/comments?post=359590"}],"version-history":[{"count":0,"href":"https:\/\/www.europesays.com\/pl\/wp-json\/wp\/v2\/posts\/359590\/revisions"}],"wp:featuredmedia":[{"embeddable":true,"href":"https:\/\/www.europesays.com\/pl\/wp-json\/wp\/v2\/media\/359591"}],"wp:attachment":[{"href":"https:\/\/www.europesays.com\/pl\/wp-json\/wp\/v2\/media?parent=359590"}],"wp:term":[{"taxonomy":"category","embeddable":true,"href":"https:\/\/www.europesays.com\/pl\/wp-json\/wp\/v2\/categories?post=359590"},{"taxonomy":"post_tag","embeddable":true,"href":"https:\/\/www.europesays.com\/pl\/wp-json\/wp\/v2\/tags?post=359590"}],"curies":[{"name":"wp","href":"https:\/\/api.w.org\/{rel}","templated":true}]}}