{"id":35961,"date":"2025-10-07T09:51:09","date_gmt":"2025-10-07T09:51:09","guid":{"rendered":"https:\/\/www.europesays.com\/pl\/35961\/"},"modified":"2025-10-07T09:51:09","modified_gmt":"2025-10-07T09:51:09","slug":"dlatego-powiedzial-dosc-mama-wojciecha-szczesnego-wyjawia","status":"publish","type":"post","link":"https:\/\/www.europesays.com\/pl\/35961\/","title":{"rendered":"Dlatego powiedzia\u0142 &#8222;do\u015b\u0107&#8221;. Mama Wojciecha Szcz\u0119snego wyjawia"},"content":{"rendered":"\n<p class=\"contentpart contentpart--default contentpart--text\" data-position=\"0\">Kobieta wraz z rodzin\u0105 obejrza\u0142a w poniedzia\u0142ek premier\u0119 filmu o swoim synu (dost\u0119pny od pi\u0105tku w Prime Video). Jak m\u00f3wi, wzruszy\u0142a si\u0119 wiele razy. &#8211; Wojtek nie chcia\u0142 mi tego wcze\u015bniej pokaza\u0107. Chcia\u0142 mi zrobi\u0107 niespodziank\u0119. Od\u017cy\u0142y wspomnienia &#8211; komentuje mama zawodnika.<\/p>\n<p class=\"contentpart contentpart--default contentpart--text\" data-position=\"1\">Prawie dwugodzinna projekcja przedstawi\u0142a wszystkie wa\u017cne momenty w karierze by\u0142ego reprezentanta kraju.<\/p>\n<p> <img role=\"presentation\" src=\"https:\/\/std.wpcdn.pl\/images\/adv\/placeholder_wp.svg\" loading=\"lazy\" decoding=\"async\"\/>  <\/p>\n<p class=\"contentpart contentpart--default contentpart--text\" data-position=\"2\">Alicja Szcz\u0119sna przyznaje, \u017ce dalej prze\u017cywa czerwon\u0105 kartk\u0119 bramkarza w meczu Polska &#8211; Grecja (1:1) z mistrzostw Europy w 2012 roku. &#8211; Nawet nie chce tego wspomina\u0107! &#8211; u\u015bmiecha si\u0119. &#8211; Dla mnie Wojtek nie jest bramkarzem, tylko synem. Inaczej go odbieram. Od zawsze bardzo wzruszam si\u0119 na meczach syna. Prze\u017cywam bardzo du\u017ce emocje &#8211;\u00a0t\u0142umaczy.<br \/>Pok\u0142osie decyzji Juventusu<\/p>\n<p class=\"contentpart contentpart--default contentpart--text\" data-position=\"3\">Alicja Szcz\u0119sna zosta\u0142a przedstawiona w filmie jako silna kobieta, kt\u00f3ra ju\u017c od wczesnych lat \u017cycia Wojtka i brata Jana musia\u0142a sama opiekowa\u0107 si\u0119 synami. M\u0105\u017c Maciej Szcz\u0119sny, wieloletni bramkarz Legii, odszed\u0142 od kobiety.<\/p>\n<p>  <img decoding=\"async\" src=\"https:\/\/www.europesays.com\/pl\/wp-content\/uploads\/2025\/10\/MDE1NTkuYiUkUzhnRA5vMGcLbD0CV2FmMBN0dkRCenQ9Hj0yRhIsKClUPC1FAj0nIV9gJAdaPSwqRSEnREN1IXFVd20IQCx9JgR9.jpeg\" alt=\"Alicja Szcz\u0119sna z synami\" width=\"770\" height=\"\" loading=\"lazy\"\/> Alicja Szcz\u0119sna z synami  <\/p>\n<p class=\"contentpart contentpart--default contentpart--text\" data-position=\"5\">&#8211; Zobaczy\u0142am archiwalne nagrania wideo i to, jak kiedy\u015b \u017cyli\u015bmy. Przypomnia\u0142o mi si\u0119, ile by\u0142o wzlot\u00f3w i upadk\u00f3w. Puenta jest taka: mimo \u017ce by\u0142o r\u00f3\u017cnie w \u017cyciu &#8211; warto by\u0142o. Mog\u0119 by\u0107 dumna z syna, jakim sta\u0142 si\u0119 cz\u0142owiekiem, sportowcem, synem, m\u0119\u017cem, ojcem. Dla mamy to najwi\u0119ksza rado\u015b\u0107. Duma mnie rozpiera, \u017ce mam takiego fajnego syna &#8211; komentuje.<\/p>\n<p> <img role=\"presentation\" src=\"https:\/\/std.wpcdn.pl\/images\/adv\/placeholder_wp.svg\" loading=\"lazy\" decoding=\"async\"\/>  <\/p>\n<p class=\"contentpart contentpart--default contentpart--text\" data-position=\"6\">Kobieta cieszy si\u0119, \u017ce <a href=\"https:\/\/sportowefakty.wp.pl\/pilka-nozna\/wojciech-szczesny\" rel=\"nofollow noopener\" target=\"_blank\">Wojciech Szcz\u0119sny<\/a>\u00a0nie zako\u0144czy\u0142 ostatecznie kariery po odej\u015bciu z Juventusu i przyj\u0105\u0142 ofert\u0119 Barcelony. &#8211; Czu\u0142am wtedy wielk\u0105 rado\u015b\u0107 &#8211; m\u00f3w.<\/p>\n<p class=\"contentpart contentpart--default contentpart--text\" data-position=\"7\">&#8211; Zawsze wspiera\u0142am Wojtka i szanowa\u0142am jego decyzje. W g\u0142\u0119bi serca wiedzia\u0142am jednak, \u017ce jest &#8222;w gazie&#8221;. By\u0142o mi szkoda, \u017ce to ju\u017c jest koniec. Wiem, \u017ce jego decyzja by\u0142a pok\u0142osiem, jak potraktowa\u0142 go Juventus. Gdyby klub go nie po\u017cegna\u0142, Wojtek nie my\u015bla\u0142by o przej\u015bciu na emerytur\u0119. Ta sytuacja zmusi\u0142a go do podj\u0119cia takiej decyzji &#8211; opowiada. <br \/>P\u0142akali wszyscy<\/p>\n<p class=\"contentpart contentpart--default contentpart--text\" data-position=\"8\">Ale jednak, po kilku miesi\u0105cach odpoczynku, Szcz\u0119sny wr\u00f3ci\u0142 do gry. &#8211; Pomy\u015bla\u0142am: znowu b\u0119d\u0119 emocje, b\u0119d\u0119 szale\u0107 na trybunach! &#8211; wspomina. &#8211; Kilka razy by\u0142am na meczach Barcelony, widzia\u0142am Wojtka w akcji, \u015bwietne emocje &#8211; komentuje.<\/p>\n<p class=\"contentpart contentpart--default contentpart--text\" data-position=\"9\">Kobieta wraca do sytuacji po ubieg\u0142orocznym El Clasico. Barcelona pokona\u0142a Real Madryt na swoim stadionie po szalonym meczu 4:3. Po spotkaniu Wojciech Szcz\u0119sny usiad\u0142 na murawie i si\u0119 rozp\u0142aka\u0142.<\/p>\n<p> <img role=\"presentation\" src=\"https:\/\/std.wpcdn.pl\/images\/adv\/placeholder_wp.svg\" loading=\"lazy\" decoding=\"async\"\/>  <\/p>\n<p class=\"contentpart contentpart--default contentpart--text\" data-position=\"10\">&#8211; Gdy widzi si\u0119 p\u0142acz\u0105cego syna, to si\u0142\u0105 rzeczy serce matki p\u0119ka. Po tamtym meczu te\u017c p\u0142aka\u0142am. Wszyscy razem p\u0142akali\u015bmy. To s\u0105 bezcenne chwile, dla takich warto \u017cy\u0107 &#8211; wraca pami\u0119ci\u0105. <br \/>Lehmann jej nie odm\u00f3wi\u0142<\/p>\n<p class=\"contentpart contentpart--default contentpart--text\" data-position=\"11\">Alicja Szcz\u0119sna nie mia\u0142a jeszcze okazji pozna\u0107 dru\u017cyny. Inaczej by\u0142o w poprzednich klubach syna. &#8211; W Barcelonie jest troch\u0119 inaczej, trudniej dosta\u0107 si\u0119 do zespo\u0142u &#8211; opowiada. &#8211; Pozna\u0142am dru\u017cyn\u0119 Romy, Juventusu, Arsenalu &#8211; wylicza. I przypomina sobie sytuacj\u0119 z Jensem Lehmannem, by\u0142ym bramkarzem Arsenalu, z kt\u00f3rym Szcz\u0119sny rywalizowa\u0142 p\u00f3\u017aniej o miejsce w pierwszym sk\u0142adzie.<\/p>\n<p class=\"contentpart contentpart--default contentpart--text\" data-position=\"12\">&#8211; To by\u0142y pocz\u0105tki Wojtka w Londynie. Przyjechali\u015bmy na spotkanie do klubu, do restauracji. Zwyczaj by\u0142 taki, \u017ce z prawej strony lokalu siedzieli zawodnicy wyst\u0119puj\u0105cy w pierwszym zespole, a po drugiej: ch\u0142opcy, kt\u00f3rzy dopiero zaczynaj\u0105 swoj\u0105 przygod\u0119. Zobaczy\u0142am Lehmanna&#8230; a \u017ce mam s\u0142abo\u015b\u0107 do bramkarzy&#8230; powiedzia\u0142am: &#8222;Wojtu\u015b, ja ci\u0119 bardzo prosz\u0119, ja musz\u0119 mie\u0107 z tym Lehmannem zdj\u0119cie!&#8221; &#8211; \u015bmieje si\u0119 kobieta.<\/p>\n<p> <img role=\"presentation\" src=\"https:\/\/std.wpcdn.pl\/images\/adv\/placeholder_wp.svg\" loading=\"lazy\" decoding=\"async\"\/>  <\/p>\n<p class=\"contentpart contentpart--default contentpart--text\" data-position=\"13\">&#8211; Teraz pewnie by mnie Wojtek nie pos\u0142ucha\u0142. Ale wtedy? &#8222;Mamo, spr\u00f3buje co\u015b za\u0142atwi\u0107&#8221; &#8211; odpowiedzia\u0142. Przeszed\u0142 na ich stron\u0119 i zapyta\u0142. Wszyscy byli w szoku, bo Lehmann nie lubi\u0142 pozowania do zdj\u0119\u0107. Nie chcia\u0142 takich rzeczy robi\u0107. Ale spojrza\u0142 na mnie&#8230; u\u015bmiechn\u0105\u0142 si\u0119 i podszed\u0142. Zrobili\u015bmy sobie to zdj\u0119cie &#8211; wspomina Alicja Szcz\u0119sna.\u00a0<br \/>W czepku urodzony <\/p>\n<p class=\"contentpart contentpart--default contentpart--text\" data-position=\"14\">Alicja Szcz\u0119sna jeszcze raz przypomina, jak bardzo cieszy si\u0119, \u017ce jej syn kontynuuje karier\u0119. &#8211; Ba\u0142am si\u0119, \u017ce to ju\u017c koniec. Bardzo tego \u017ca\u0142owa\u0142am. By\u0142 w takim wieku, \u017ce szkoda by\u0142oby ju\u017c ko\u0144czy\u0107 &#8211; wraca do sytuacji sprzed roku, z lata. &#8211; Poczu\u0142am ulg\u0119, gdy Wojtek podpisa\u0142 umow\u0119 z Barcelon\u0105. Nale\u017ca\u0142 mu si\u0119 ten powr\u00f3t zw\u0142aszcza po tym, jak zosta\u0142 potraktowany przez Juventus &#8211; twierdzi.<\/p>\n<p class=\"contentpart contentpart--default contentpart--text\" data-position=\"15\">Ile zatem jeszcze b\u0119dziemy ogl\u0105dali bramkarza w akcji? &#8211; Zobaczymy, ile b\u0119dzie mia\u0142 w sobie si\u0142y, werwy. Kontrakt z klubem ma na kolejny sezon. Trzymam za niego kciuki: zawsze i wsz\u0119dzie. On jest w czepku urodzony &#8211; ko\u0144czy Alicja Szcz\u0119sna. <br \/>Mateusz Skwierawski, WP SportoweFakty<\/p>\n","protected":false},"excerpt":{"rendered":"Kobieta wraz z rodzin\u0105 obejrza\u0142a w poniedzia\u0142ek premier\u0119 filmu o swoim synu (dost\u0119pny od pi\u0105tku w Prime Video).&hellip;\n","protected":false},"author":2,"featured_media":35962,"comment_status":"","ping_status":"","sticky":false,"template":"","format":"standard","meta":{"footnotes":""},"categories":[5],"tags":[1157,32,33,272,36,37,27,267,541,538,34,35,28,31,25,269,540,278,42,38,40,39,41,537,539,4680,29,30,26,1876],"class_list":{"0":"post-35961","1":"post","2":"type-post","3":"status-publish","4":"format-standard","5":"has-post-thumbnail","7":"category-naglowki","8":"tag-barcelona","9":"tag-breaking-news","10":"tag-breakingnews","11":"tag-fc-barcelona","12":"tag-featured-news","13":"tag-featurednews","14":"tag-headlines","15":"tag-hiszpania","16":"tag-kadra-polski","17":"tag-la-liga","18":"tag-latest-news","19":"tag-latestnews","20":"tag-naglowki","21":"tag-najwazniejsze-artykuly","22":"tag-news","23":"tag-pilka-nozna","24":"tag-pilka-nozna-w-hiszpanii","25":"tag-pilka-w-europie","26":"tag-pl","27":"tag-poland","28":"tag-polish","29":"tag-polska","30":"tag-polski","31":"tag-reprezentacja-polski","32":"tag-reprezentacje","33":"tag-spotify-camp-nou-w-barcelonie","34":"tag-top-stories","35":"tag-topstories","36":"tag-wiadomosci","37":"tag-wojciech-szczesny"},"share_on_mastodon":{"url":"","error":""},"_links":{"self":[{"href":"https:\/\/www.europesays.com\/pl\/wp-json\/wp\/v2\/posts\/35961","targetHints":{"allow":["GET"]}}],"collection":[{"href":"https:\/\/www.europesays.com\/pl\/wp-json\/wp\/v2\/posts"}],"about":[{"href":"https:\/\/www.europesays.com\/pl\/wp-json\/wp\/v2\/types\/post"}],"author":[{"embeddable":true,"href":"https:\/\/www.europesays.com\/pl\/wp-json\/wp\/v2\/users\/2"}],"replies":[{"embeddable":true,"href":"https:\/\/www.europesays.com\/pl\/wp-json\/wp\/v2\/comments?post=35961"}],"version-history":[{"count":0,"href":"https:\/\/www.europesays.com\/pl\/wp-json\/wp\/v2\/posts\/35961\/revisions"}],"wp:featuredmedia":[{"embeddable":true,"href":"https:\/\/www.europesays.com\/pl\/wp-json\/wp\/v2\/media\/35962"}],"wp:attachment":[{"href":"https:\/\/www.europesays.com\/pl\/wp-json\/wp\/v2\/media?parent=35961"}],"wp:term":[{"taxonomy":"category","embeddable":true,"href":"https:\/\/www.europesays.com\/pl\/wp-json\/wp\/v2\/categories?post=35961"},{"taxonomy":"post_tag","embeddable":true,"href":"https:\/\/www.europesays.com\/pl\/wp-json\/wp\/v2\/tags?post=35961"}],"curies":[{"name":"wp","href":"https:\/\/api.w.org\/{rel}","templated":true}]}}