{"id":359767,"date":"2026-04-11T15:57:14","date_gmt":"2026-04-11T15:57:14","guid":{"rendered":"https:\/\/www.europesays.com\/pl\/359767\/"},"modified":"2026-04-11T15:57:14","modified_gmt":"2026-04-11T15:57:14","slug":"byly-prezydent-ostro-o-sytuacji-w-krakowie-majchrowski-uderza-w-miszalskiego-i-referendum","status":"publish","type":"post","link":"https:\/\/www.europesays.com\/pl\/359767\/","title":{"rendered":"By\u0142y prezydent ostro o sytuacji w Krakowie. Majchrowski uderza w Miszalskiego i referendum"},"content":{"rendered":"<p class=\"Paragraph_desktopParagraph__U31Gm\">By\u0142y prezydent Krakowa Jacek Majchrowski ostro oceni\u0142 obecn\u0105 sytuacj\u0119 polityczn\u0105 w mie\u015bcie oraz dzia\u0142ania swojego nast\u0119pcy. W pi\u0105tkowej rozmowie w Radiu Krak\u00f3w odni\u00f3s\u0142 si\u0119 do planowanego referendum w sprawie odwo\u0142ania Aleksandra Miszalskiego, wskazuj\u0105c, \u017ce niezale\u017cnie od jego wyniku, konsekwencje b\u0119d\u0105 dla w\u0142adz miasta trudne. Zdaniem wieloletniego w\u0142odarza Krakowa, inicjatywa referendalna to przede wszystkim efekt dzia\u0142ania silnej opozycji. \u2013 S\u0105dz\u0119, \u017ce wi\u0119kszo\u015b\u0107 tej grupy, kt\u00f3ra zorganizowa\u0142a referendum, niezale\u017cnie od tego, jakie dzia\u0142ania by podejmowa\u0142, i tak by go krytykowa\u0142a i wyst\u0105pi\u0142a o referendum \u2013 powiedzia\u0142 dla Radia Krak\u00f3w.<\/p>\n<p class=\"Paragraph_desktopParagraph__U31Gm\">Majchrowski zwr\u00f3ci\u0142 uwag\u0119, \u017ce \u015brodowisko stoj\u0105ce za referendum od lat d\u0105\u017cy\u0142o do przej\u0119cia w\u0142adzy w mie\u015bcie. \u2013 Je\u017celi kto\u015b od siedemnastu lat ubiega si\u0119 o to, \u017ceby zosta\u0107 prezydentem, to trudno si\u0119 dziwi\u0107. To jest grupa, kt\u00f3ra zjednoczy\u0142a si\u0119 wok\u00f3\u0142 okre\u015blonego celu. Gdy ten cel zostanie osi\u0105gni\u0119ty, rozejd\u0105 si\u0119 \u2013 oceni\u0142 dla Radia Krak\u00f3w.<\/p>\n<p class=\"Paragraph_desktopParagraph__U31Gm\">By\u0142y prezydent nie szcz\u0119dzi\u0142 r\u00f3wnie\u017c krytyki pod adresem stylu sprawowania urz\u0119du przez Aleksandra Miszalskiego. Zapytany na antenie Radia Krak\u00f3w o to, co mia\u0142o wi\u0119ksze znaczenie: wizerunek czy decyzje podejmowane przez prezydenta Miszalskiego, prof. Majchrowski stwierdzi\u0142: \u2013 To s\u0105 obie kwestie bardzo wa\u017cne. W takim mie\u015bcie jak Krak\u00f3w potrzebna jest pewna doza dostoje\u0144stwa. To nie mo\u017ce by\u0107 kto\u015b, kto ta\u0144czy na dachu czy wykonuje takie dzia\u0142ania, jakie widzia\u0142em na nagraniach. Uwa\u017cam te\u017c, \u017ce prezydent ma fatalnych doradc\u00f3w i to si\u0119 na nim m\u015bci.<\/p>\n<p class=\"Paragraph_desktopParagraph__U31Gm\">Z kolei odnosz\u0105c si\u0119 do decyzji o SCT podejmowanych przez obecne w\u0142adze miasta, wskaza\u0142, \u017ce niezale\u017cnie od kierunku dzia\u0142a\u0144, krytyka i tak by\u0142aby nieunikniona. \u2013 W du\u017cej mierze nie dotyczy ona krakowian, tylko os\u00f3b spoza miasta, kt\u00f3re nie g\u0142osuj\u0105 w wyborach. Niezale\u017cnie od tego, jaka by by\u0142a decyzja, by\u0142aby krytyka \u2013 m\u00f3wi\u0142.<\/p>\n<p class=\"Paragraph_desktopParagraph__U31Gm\">Majchrowski skrytykowa\u0142 tak\u017ce wycofywanie si\u0119 Miszalskiego z wcze\u015bniej podj\u0119tych decyzji. \u2013 Moim zdaniem to b\u0142\u0119dna strategia. Je\u015bli podejmuje si\u0119 decyzj\u0119, powinna by\u0107 ona merytorycznie uzasadniona i w\u0142a\u015bciwa. Wtedy si\u0119 jej broni, a nie wycofuje po miesi\u0105cu \u2013 podkre\u015bli\u0142 dla Radia Krak\u00f3w.<\/p>\n<p class=\"Paragraph_desktopParagraph__U31Gm\">Najwi\u0119cej emocji budzi jednak mo\u017cliwy scenariusz po referendum. By\u0142y prezydent nie pozostawia z\u0142udze\u0144, \u017ce niezale\u017cnie od wyniku sytuacja b\u0119dzie trudna. \u2013 I tak b\u0119dzie poobijany. Nawet je\u015bli referendum b\u0119dzie niewa\u017cne, to przyjd\u0105 g\u0142\u00f3wnie przeciwnicy i b\u0119d\u0105 pokazywa\u0107, \u017ce du\u017ca liczba os\u00f3b jest za jego odwo\u0142aniem. Ka\u017cda sytuacja jest nienajlepsza \u2013 zaznaczy\u0142 dla Radia Krak\u00f3w.<\/p>\n<p class=\"Paragraph_desktopParagraph__U31Gm\">W przypadku odwo\u0142ania prezydenta, jego zdaniem, miasto czeka okres zastoju. \u2013 Czeka nas stagnacja, kt\u00f3ra ju\u017c si\u0119 zacz\u0119\u0142a i potrwa kilka miesi\u0119cy. Nie s\u0105 podejmowane decyzje \u2013 nie tylko kontrowersyjne, ale te\u017c zwyk\u0142e \u2013 oceni\u0142.<\/p>\n<p class=\"Paragraph_desktopParagraph__U31Gm\">Majchrowski odni\u00f3s\u0142 si\u0119 r\u00f3wnie\u017c do zarzut\u00f3w dotycz\u0105cych zad\u0142u\u017cenia Krakowa w czasie jego rz\u0105d\u00f3w. Podkre\u015bli\u0142, \u017ce inwestycje finansowane kredytami by\u0142y konieczne dla rozwoju miasta. \u2013 Kto pierwszy zacz\u0105\u0142 zad\u0142u\u017ca\u0107 Krak\u00f3w? J\u00f3zef Dietl. I nikt dzi\u015b nie pami\u0119ta, ile zad\u0142u\u017cy\u0142, tylko co zrobi\u0142. Wszyscy jego nast\u0119pcy zad\u0142u\u017cali miasto dalej \u2013 powiedzia\u0142 dla Radia Krak\u00f3w, dodaj\u0105c, \u017ce kluczowe jest przeznaczenie po\u017cyczonych \u015brodk\u00f3w na rozw\u00f3j, a nie bie\u017c\u0105ce wydatki.<\/p>\n<p class=\"Paragraph_desktopParagraph__U31Gm\">Na koniec skomentowa\u0142 tak\u017ce pomys\u0142 budowy metra w Krakowie. \u2013 Dla mnie w og\u00f3le idea metra jest bez sensu. Nawet osoby znaj\u0105ce si\u0119 na komunikacji przyznaj\u0105, \u017ce to rozwi\u0105zanie nie jest potrzebne, ale temat si\u0119 nakr\u0119ca, bo wszyscy o nim m\u00f3wi\u0105 \u2013 stwierdzi\u0142 dla Radia Krak\u00f3w.<\/p>\n","protected":false},"excerpt":{"rendered":"By\u0142y prezydent Krakowa Jacek Majchrowski ostro oceni\u0142 obecn\u0105 sytuacj\u0119 polityczn\u0105 w mie\u015bcie oraz dzia\u0142ania swojego nast\u0119pcy. W pi\u0105tkowej&hellip;\n","protected":false},"author":2,"featured_media":359768,"comment_status":"","ping_status":"","sticky":false,"template":"","format":"standard","meta":{"footnotes":"","_share_on_mastodon":"0"},"categories":[51606],"tags":[244,561,1304,368,53,52,68,51,55,42,38,40,39,41,47,50,26],"class_list":["post-359767","post","type-post","status-publish","format-standard","has-post-thumbnail","category-krakow","tag-ctr_tst","tag-kch","tag-krakow","tag-krakowdlawas","tag-new_header","tag-onet3","tag-onet3d","tag-onet3d_2i","tag-phx","tag-pl","tag-poland","tag-polish","tag-polska","tag-polski","tag-screening_general","tag-v2021","tag-wiadomosci"],"share_on_mastodon":{"url":"https:\/\/pubeurope.com\/@pl\/116386899345151768","error":""},"_links":{"self":[{"href":"https:\/\/www.europesays.com\/pl\/wp-json\/wp\/v2\/posts\/359767","targetHints":{"allow":["GET"]}}],"collection":[{"href":"https:\/\/www.europesays.com\/pl\/wp-json\/wp\/v2\/posts"}],"about":[{"href":"https:\/\/www.europesays.com\/pl\/wp-json\/wp\/v2\/types\/post"}],"author":[{"embeddable":true,"href":"https:\/\/www.europesays.com\/pl\/wp-json\/wp\/v2\/users\/2"}],"replies":[{"embeddable":true,"href":"https:\/\/www.europesays.com\/pl\/wp-json\/wp\/v2\/comments?post=359767"}],"version-history":[{"count":0,"href":"https:\/\/www.europesays.com\/pl\/wp-json\/wp\/v2\/posts\/359767\/revisions"}],"wp:featuredmedia":[{"embeddable":true,"href":"https:\/\/www.europesays.com\/pl\/wp-json\/wp\/v2\/media\/359768"}],"wp:attachment":[{"href":"https:\/\/www.europesays.com\/pl\/wp-json\/wp\/v2\/media?parent=359767"}],"wp:term":[{"taxonomy":"category","embeddable":true,"href":"https:\/\/www.europesays.com\/pl\/wp-json\/wp\/v2\/categories?post=359767"},{"taxonomy":"post_tag","embeddable":true,"href":"https:\/\/www.europesays.com\/pl\/wp-json\/wp\/v2\/tags?post=359767"}],"curies":[{"name":"wp","href":"https:\/\/api.w.org\/{rel}","templated":true}]}}