{"id":359859,"date":"2026-04-11T17:06:09","date_gmt":"2026-04-11T17:06:09","guid":{"rendered":"https:\/\/www.europesays.com\/pl\/359859\/"},"modified":"2026-04-11T17:06:09","modified_gmt":"2026-04-11T17:06:09","slug":"niezidentyfikowany-balon-znaleziony-pod-warszawa-na-miejscu-sluzby-onet","status":"publish","type":"post","link":"https:\/\/www.europesays.com\/pl\/359859\/","title":{"rendered":"Niezidentyfikowany balon znaleziony pod Warszaw\u0105. Na miejscu s\u0142u\u017cby &#8211; Onet"},"content":{"rendered":"<ol>\n<li><a href=\"https:\/\/news.google.com\/rss\/articles\/CBMixwFBVV95cUxNN21Gc0pheFZLWUxoUzFJQ19DVnRDclk4ZFB6bURoWkpEa2VldDBuNHFRb2JUZkRKTFJkVmNYalJwNTYxb3hCTzg3cmFwYXgzdzlvZ3dzNEV4X1JMMlU1Ty1VUjdxRVB4U09seFV0WjlONGxwNWxzcGN0dkEzeklDaWRMOEhTekVsYnU5OXJXTWlMaGVESzVmd2VLZTdHT25EajRyWUpSOU9XMno0NURlSlNkVDFNZ2xhYUJQc3dXTkpxeUNickVr?oc=5\" target=\"_blank\" rel=\"nofollow noopener\">Niezidentyfikowany balon znaleziony pod Warszaw\u0105. Na miejscu s\u0142u\u017cby<\/a>&nbsp;&nbsp;Onet<\/li>\n<li><a href=\"https:\/\/news.google.com\/rss\/articles\/CBMiuwFBVV95cUxNekRndDRtaUc4bHdXM2ZfVXF4ZGdIcDBBX2hsQms5RjBMNmtFeFh4QndKV1RsOWZVaUdZQ1NYZ1owQUlkR1Z2Yk9Pd0diX1A3WXFVQ1J3aThuQnNZX3RaUUR6TWtLZ0lxRnAxcDEzVnZKdUhHOGRhWlc5MEcyT0V1VFQ2WkxLVWcySXNaWHJ6TWpiaFVIRlZwSE5DTW9Ec3VNYUhQSVl6d05FVXRnbFF6OWdSdFA0SWVMZVJz?oc=5\" target=\"_blank\" rel=\"nofollow noopener\">Niezidentyfikowany balon pod Warszaw\u0105. Na miejscu trwa akcja s\u0142u\u017cb<\/a>&nbsp;&nbsp;Wydarzenia w INTERIA.PL<\/li>\n<li><a href=\"https:\/\/news.google.com\/rss\/articles\/CBMinAFBVV95cUxNcy1lZHBVTnN2VXUxbk1HZ2c5TUpvOGpGdU5ELVJJWmZBWEtXT3VaS0tjbTlzWmVKMWJNZmxaWGdSay1qWDdkQkNnN3BGUGczaThLSXdhalVqMTVYRW9RbFZ4em1Nd1RDLWNGam01SUVsWGYzTHNKZ3h5UTlGM2luVk82NXJGZm50ZVROYl8tUFFKXzU5VVlkT2ZlVjk?oc=5\" target=\"_blank\" rel=\"nofollow noopener\">Tajemnicze balony z pakunkami. Policja w akcji od rana<\/a>&nbsp;&nbsp;WP Wiadomo\u015bci<\/li>\n<li><a href=\"https:\/\/news.google.com\/rss\/articles\/CBMizwFBVV95cUxNeWxNd0ZpaWRpSXFGV013anhja1hoR3JUcGJxa3hQb1BkSUNRZGRPV044by14bTZqTWpJaGFkRG45bE4wS0VUdldaTnVSYXZ0X2ZPU1lCenVBVk5qWkVDUlBxZVo3STFwRzZZZWZZSmtSNU5vZE1QVllUZXRFSWhkVWJUczVXbnpQNndranhVZWVUc0xfd1JIUVhRSFpvYjJ1UXRESDF1WmpvRkJKYlIxSkpxc010V082dmRja3d1U3lfU2xqWmJKaldONldzUEU?oc=5\" target=\"_blank\" rel=\"nofollow noopener\">Balon z podczepion\u0105 paczk\u0105 znaleziony w powiecie siemiatyckim. Policja apeluje o ostro\u017cno\u015b\u0107<\/a>&nbsp;&nbsp;Podlasie24<\/li>\n<li><a href=\"https:\/\/news.google.com\/rss\/articles\/CBMigAFBVV95cUxNcnJoV0ZHY0tldmdTTGdEOG9pdGtZMmlodFlqQzBkN05veWg0Rjg5SmUzMXNocGc0MVZULXhtYnFDaDNONVc0MWxQaGtrR2FlVk50UFc1WGs0X0x2R3BCTmdCZnlqQmQ2anczWlpZOUlIVWtnTFRxNXZVZWdaRGJ6Qw?oc=5\" target=\"_blank\" rel=\"nofollow noopener\">Pod Otwockiem spad\u0142 balon. Na miejscu pracuje policja<\/a>&nbsp;&nbsp;TVN24<\/li>\n<\/ol>\n","protected":false},"excerpt":{"rendered":"Niezidentyfikowany balon znaleziony pod Warszaw\u0105. Na miejscu s\u0142u\u017cby&nbsp;&nbsp;Onet Niezidentyfikowany balon pod Warszaw\u0105. Na miejscu trwa akcja s\u0142u\u017cb&nbsp;&nbsp;Wydarzenia w&hellip;\n","protected":false},"author":2,"featured_media":359860,"comment_status":"","ping_status":"","sticky":false,"template":"","format":"standard","meta":{"footnotes":"","_share_on_mastodon":"0"},"categories":[12],"tags":[864,32,33,36,37,27,67,6501,34,35,28,31,53,25,52,68,51,12954,62939,55,42,38,251,40,39,41,1865,47,29,30,65,50,26],"class_list":["post-359859","post","type-post","status-publish","format-standard","has-post-thumbnail","category-polska","tag-bialorus_bialorusin_bialorusinka_bialorusini","tag-breaking-news","tag-breakingnews","tag-featured-news","tag-featurednews","tag-headlines","tag-intextvideo_splayer","tag-kontrabanda","tag-latest-news","tag-latestnews","tag-naglowki","tag-najwazniejsze-artykuly","tag-new_header","tag-news","tag-onet3","tag-onet3d","tag-onet3d_2i","tag-otwock","tag-papierosy_papieros_palenie_papierosow_e_papieros_e_papierosy_tyton","tag-phx","tag-pl","tag-poland","tag-policja_policjanci_policjant_policjantka_policjantki","tag-polish","tag-polska","tag-polski","tag-przemyt","tag-screening_general","tag-top-stories","tag-topstories","tag-update_me","tag-v2021","tag-wiadomosci"],"share_on_mastodon":{"url":"","error":"Validation failed: Text character limit of 500 exceeded"},"_links":{"self":[{"href":"https:\/\/www.europesays.com\/pl\/wp-json\/wp\/v2\/posts\/359859","targetHints":{"allow":["GET"]}}],"collection":[{"href":"https:\/\/www.europesays.com\/pl\/wp-json\/wp\/v2\/posts"}],"about":[{"href":"https:\/\/www.europesays.com\/pl\/wp-json\/wp\/v2\/types\/post"}],"author":[{"embeddable":true,"href":"https:\/\/www.europesays.com\/pl\/wp-json\/wp\/v2\/users\/2"}],"replies":[{"embeddable":true,"href":"https:\/\/www.europesays.com\/pl\/wp-json\/wp\/v2\/comments?post=359859"}],"version-history":[{"count":0,"href":"https:\/\/www.europesays.com\/pl\/wp-json\/wp\/v2\/posts\/359859\/revisions"}],"wp:featuredmedia":[{"embeddable":true,"href":"https:\/\/www.europesays.com\/pl\/wp-json\/wp\/v2\/media\/359860"}],"wp:attachment":[{"href":"https:\/\/www.europesays.com\/pl\/wp-json\/wp\/v2\/media?parent=359859"}],"wp:term":[{"taxonomy":"category","embeddable":true,"href":"https:\/\/www.europesays.com\/pl\/wp-json\/wp\/v2\/categories?post=359859"},{"taxonomy":"post_tag","embeddable":true,"href":"https:\/\/www.europesays.com\/pl\/wp-json\/wp\/v2\/tags?post=359859"}],"curies":[{"name":"wp","href":"https:\/\/api.w.org\/{rel}","templated":true}]}}