{"id":359927,"date":"2026-04-11T17:57:07","date_gmt":"2026-04-11T17:57:07","guid":{"rendered":"https:\/\/www.europesays.com\/pl\/359927\/"},"modified":"2026-04-11T17:57:07","modified_gmt":"2026-04-11T17:57:07","slug":"gigantyczna-wtopa-radoslawa-piesiewicza-na-gali-pkol-wszystko-nagraly-kamery","status":"publish","type":"post","link":"https:\/\/www.europesays.com\/pl\/359927\/","title":{"rendered":"Gigantyczna wtopa Rados\u0142awa Piesiewicza na gali PKOl. Wszystko nagra\u0142y kamery"},"content":{"rendered":"<p>Ju\u017c kilka dni temu by\u0142o jasne, \u017ce na Gali Olimpijskiej, gdzie wr\u0119czone b\u0119d\u0105 nagrody za igrzyska Mediolan-Cortina 2026, pojawi\u0105 si\u0119 wszyscy polscy medali\u015bci i ich trenerzy. &#8222;Zabraknie kilku olimpijczyk\u00f3w, kt\u00f3rzy zaj\u0119li miejsca 4-8&#8221; \u2014 poinformowa\u0142a PAP rzeczniczka PKOl Katarzyna Kochaniak-Roman.<\/p>\n<p> Dalszy ci\u0105g artyku\u0142u pod materia\u0142em wideo <\/p>\n<p>Tym samym w Warszawie nie mog\u0142o zabrakn\u0105\u0107 Tomasiaka, najwi\u0119kszego bohatera polskiej kadry, kt\u00f3ry z W\u0142och wr\u00f3ci\u0142 z trzema medalami. Niestety, podczas wr\u0119czania nagrody dosz\u0142o do kuriozalnej wpadki. Na czeku opiewaj\u0105cym na 300 tys. z\u0142, kt\u00f3ry prezes PKOl Rados\u0142aw Piesiewicz przekaza\u0142 skoczkowi, znalaz\u0142 si\u0119 b\u0142\u0105d. Zamiast &#8222;Tomasiak&#8221; widnia\u0142o&#8230; &#8222;Tomasik&#8221;<\/p>\n<p>.<\/p>\n<p>Kiedy szef PKOl zorientowa\u0142 si\u0119 w sytuacji, czek zosta\u0142 b\u0142yskawicznie odwr\u00f3cony na drug\u0105 stron\u0119. Co ciekawe, tam nazwisko m\u0142odego zawodnika zapisane by\u0142o ju\u017c poprawnie.<\/p>\n<p>Rados\u0142aw Piesiewicz ju\u017c raz pomyli\u0142 nazwisko Kacpra Tomasiaka<\/p>\n<p>Sytuacja nabiera jeszcze bardziej groteskowego wymiaru, gdy przypomnimy sobie to, co dzia\u0142o si\u0119 po zdobyciu przez 19-latka pierwszego medalu. Tu\u017c po sukcesie przed kamer\u0105 Eurosportu pojawi\u0142 si\u0119 Piesiewicz, kt\u00f3ry przekr\u0119ci\u0142 jego nazwisko w identyczny spos\u00f3b!<\/p>\n<p>\u2014 Obieca\u0142em, \u017ce b\u0119dzie medal Tomasika? Obieca\u0142em. I jest! I ciesz\u0119 si\u0119 bardzo z tego. Jest niesamowity, m\u0142ody cz\u0142owiek, kt\u00f3ry potrafi spe\u0142nia\u0107 swoje marzenia i to jest najwa\u017cniejsze. On dzi\u015b udowodni\u0142, \u017ce niemo\u017cliwe nie istnieje. Dawid Kubacki cztery lata temu i teraz Tomasik. Jeste\u015b wielki! Jeste\u015b najlepszy! \u2014 krzycza\u0142 szef PKOl.<\/p>\n<p>     Wi\u0119cej o tym, co dzia\u0142o si\u0119 przed Gal\u0105 Olimpijsk\u0105 mo\u017cna przeczyta\u0107 <a href=\"https:\/\/przegladsportowy.onet.pl\/igrzyska-olimpijskie\/wrze-wokol-pkol-przed-wielka-gala-minister-rzadu-tuska-stawia-sprawe-jasno\/qqb5bgx\" id=\"21dd1240-31ce-4aab-aef1-e3826b4797cf\" rel=\"nofollow noopener\" target=\"_blank\">&gt;&gt;&gt; TUTAJ<\/a><\/p>\n","protected":false},"excerpt":{"rendered":"Ju\u017c kilka dni temu by\u0142o jasne, \u017ce na Gali Olimpijskiej, gdzie wr\u0119czone b\u0119d\u0105 nagrody za igrzyska Mediolan-Cortina 2026,&hellip;\n","protected":false},"author":2,"featured_media":359928,"comment_status":"","ping_status":"","sticky":false,"template":"","format":"standard","meta":{"footnotes":"","_share_on_mastodon":"0"},"categories":[24],"tags":[61195,2399,15023,48,46,15347,42,38,40,39,41,15346,47,127,126,130],"class_list":["post-359927","post","type-post","status-publish","format-standard","has-post-thumbnail","category-sport","tag-bottomfeed_styl","tag-igrzyska_olimpijskie","tag-kacper_tomasiak","tag-nat_styl","tag-omp","tag-pkol","tag-pl","tag-poland","tag-polish","tag-polska","tag-polski","tag-radoslaw_piesiewicz","tag-screening_general","tag-sport","tag-sports","tag-wiadomosci_sportowe"],"share_on_mastodon":{"url":"https:\/\/pubeurope.com\/@pl\/116387371075879691","error":""},"_links":{"self":[{"href":"https:\/\/www.europesays.com\/pl\/wp-json\/wp\/v2\/posts\/359927","targetHints":{"allow":["GET"]}}],"collection":[{"href":"https:\/\/www.europesays.com\/pl\/wp-json\/wp\/v2\/posts"}],"about":[{"href":"https:\/\/www.europesays.com\/pl\/wp-json\/wp\/v2\/types\/post"}],"author":[{"embeddable":true,"href":"https:\/\/www.europesays.com\/pl\/wp-json\/wp\/v2\/users\/2"}],"replies":[{"embeddable":true,"href":"https:\/\/www.europesays.com\/pl\/wp-json\/wp\/v2\/comments?post=359927"}],"version-history":[{"count":0,"href":"https:\/\/www.europesays.com\/pl\/wp-json\/wp\/v2\/posts\/359927\/revisions"}],"wp:featuredmedia":[{"embeddable":true,"href":"https:\/\/www.europesays.com\/pl\/wp-json\/wp\/v2\/media\/359928"}],"wp:attachment":[{"href":"https:\/\/www.europesays.com\/pl\/wp-json\/wp\/v2\/media?parent=359927"}],"wp:term":[{"taxonomy":"category","embeddable":true,"href":"https:\/\/www.europesays.com\/pl\/wp-json\/wp\/v2\/categories?post=359927"},{"taxonomy":"post_tag","embeddable":true,"href":"https:\/\/www.europesays.com\/pl\/wp-json\/wp\/v2\/tags?post=359927"}],"curies":[{"name":"wp","href":"https:\/\/api.w.org\/{rel}","templated":true}]}}