{"id":360065,"date":"2026-04-11T19:39:12","date_gmt":"2026-04-11T19:39:12","guid":{"rendered":"https:\/\/www.europesays.com\/pl\/360065\/"},"modified":"2026-04-11T19:39:12","modified_gmt":"2026-04-11T19:39:12","slug":"zuzel-pge-ekstraliga-maksym-drabik-debiutuje-w-gkm-grudziadz","status":"publish","type":"post","link":"https:\/\/www.europesays.com\/pl\/360065\/","title":{"rendered":"\u017bu\u017cel. PGE Ekstraliga. Maksym Drabik debiutuje w GKM Grudzi\u0105dz"},"content":{"rendered":"<p>Cztery sparingi, liczne turnieje towarzyskie czy MPPK w Gda\u0144sku. \u017bu\u017clowcy GKM-u w okresie przedsezonowym mieli du\u017co mo\u017cliwo\u015bci do jazdy. Potencja\u0142 dru\u017cyny zawsze weryfikuje jednak dopiero liga. Niedzielna inauguracja z Gezet Stal\u0105 Gorz\u00f3w b\u0119dzie oficjalnym debiutem w zespole z Grudzi\u0105dza Maksyma Drabika i Bastiana Pedersena. Na konferencji prasowej pojawi\u0142o si\u0119 pytanie o gotowo\u015b\u0107 do rozgrywek.<\/p>\n<p> Dalszy ci\u0105g artyku\u0142u pod materia\u0142em wideo \u017bu\u017cel. PGE Ekstraliga. GKM Grudzi\u0105dz &#8211; Stal Gorz\u00f3w. Robert Ko\u015bciecha nie rozwia\u0142 w\u0105tpliwo\u015bci <\/p>\n<p>Czy Drabik odnalaz\u0142 w\u0142a\u015bciwe ustawienia na tor w Grudzi\u0105dzu? &#8211; To si\u0119 oka\u017ce w niedziel\u0119, ale po sparingach u nas wygl\u0105da\u0142o to optymistycznie. Wszyscy trenuj\u0105. Wiadomo, \u017ce sparingi mia\u0142y r\u00f3\u017cne cele treningowe i sprawdzenie motocykli. Teraz zawodnicy wybior\u0105 najlepszy sprz\u0119t i nie b\u0119dzie m\u00f3wienia, \u017ce co\u015b by\u0142o nie tak &#8211; skomentowa\u0142 Robert Ko\u015bciecha, trener GKM-u Grudzi\u0105dz.<\/p>\n<p>Pierwszy trening przedmeczowy Grudzi\u0105dzanie mieli w czwartek. Drugi odb\u0119dzie si\u0119 w pi\u0105tek. &#8211; B\u0119dziemy si\u0119 przygotowa\u0107, \u017ceby by\u0107 przygotowanym do meczu w 110 proc. &#8211; doda\u0142 szkoleniowiec, kt\u00f3ry najpierw doprowadzi\u0142 GKM do sze\u015bciozespo\u0142owych play-off (w sezonie 2024), a nast\u0119pnie do czo\u0142owej czw\u00f3rki (w sezonie 2025). Teraz w klubie maj\u0105 chrapk\u0119 na co\u015b wi\u0119cej. Poprawianiem wyniku by\u0142by co najmniej br\u0105zowy medal Dru\u017cynowych Mistrzostw Polski.<\/p>\n<p>      <img decoding=\"async\" src=\"https:\/\/www.europesays.com\/pl\/wp-content\/uploads\/2026\/04\/rjuk9lBaHR0cHM6Ly9vY2RuLmV1L3B1bHNjbXMvTURBXy9hNGQxMzg5NWZmZTY0ZmU0MjM5ZDBkZGFmYmVkMmRiYS5wbmeRlQLNB.jpeg\" height=\"314\" width=\"600\" alt=\"\u017bu\u017clowy Skarb Kibica 2026\" loading=\"lazy\" class=\"ods-c-image__img ods-c-image__img--viewport-width\"\/> <\/p>\n<p>\u017bu\u017clowy Skarb Kibica 2026Onet<\/p>\n<p>Terminarz PGE Ekstraligi jest tak u\u0142o\u017cony, \u017ce Gorzowianie &#8211; przynajmniej w teorii &#8211; wydaj\u0105 si\u0119 by\u0107 naj\u0142atwiejszym rywalem w pierwszych trzech kolejkach. Bowiem za tydzie\u0144 GKM uda si\u0119 do Zielonej G\u00f3ry, natomiast za dwa b\u0119dzie go\u015bci\u0107 Betard Spart\u0119 Wroc\u0142aw.<\/p>\n","protected":false},"excerpt":{"rendered":"Cztery sparingi, liczne turnieje towarzyskie czy MPPK w Gda\u0144sku. \u017bu\u017clowcy GKM-u w okresie przedsezonowym mieli du\u017co mo\u017cliwo\u015bci do&hellip;\n","protected":false},"author":2,"featured_media":360066,"comment_status":"","ping_status":"","sticky":false,"template":"","format":"standard","meta":{"footnotes":"","_share_on_mastodon":"0"},"categories":[52122],"tags":[61195,63211,22029,48,46,175,6010,752,42,38,40,39,41,22030,47,3050,174],"class_list":["post-360065","post","type-post","status-publish","format-standard","has-post-thumbnail","category-pko-bank-polski","tag-bottomfeed_styl","tag-gkm_grudzadz","tag-maksym_drabik","tag-nat_styl","tag-omp","tag-pge_ekstraliga","tag-pko-bank-polski","tag-pko-bp","tag-pl","tag-poland","tag-polish","tag-polska","tag-polski","tag-robert_kosciecha","tag-screening_general","tag-stal_gorzow_wielkopolski","tag-zuzel"],"share_on_mastodon":{"url":"https:\/\/pubeurope.com\/@pl\/116387772031213841","error":""},"_links":{"self":[{"href":"https:\/\/www.europesays.com\/pl\/wp-json\/wp\/v2\/posts\/360065","targetHints":{"allow":["GET"]}}],"collection":[{"href":"https:\/\/www.europesays.com\/pl\/wp-json\/wp\/v2\/posts"}],"about":[{"href":"https:\/\/www.europesays.com\/pl\/wp-json\/wp\/v2\/types\/post"}],"author":[{"embeddable":true,"href":"https:\/\/www.europesays.com\/pl\/wp-json\/wp\/v2\/users\/2"}],"replies":[{"embeddable":true,"href":"https:\/\/www.europesays.com\/pl\/wp-json\/wp\/v2\/comments?post=360065"}],"version-history":[{"count":0,"href":"https:\/\/www.europesays.com\/pl\/wp-json\/wp\/v2\/posts\/360065\/revisions"}],"wp:featuredmedia":[{"embeddable":true,"href":"https:\/\/www.europesays.com\/pl\/wp-json\/wp\/v2\/media\/360066"}],"wp:attachment":[{"href":"https:\/\/www.europesays.com\/pl\/wp-json\/wp\/v2\/media?parent=360065"}],"wp:term":[{"taxonomy":"category","embeddable":true,"href":"https:\/\/www.europesays.com\/pl\/wp-json\/wp\/v2\/categories?post=360065"},{"taxonomy":"post_tag","embeddable":true,"href":"https:\/\/www.europesays.com\/pl\/wp-json\/wp\/v2\/tags?post=360065"}],"curies":[{"name":"wp","href":"https:\/\/api.w.org\/{rel}","templated":true}]}}