{"id":360329,"date":"2026-04-11T22:56:08","date_gmt":"2026-04-11T22:56:08","guid":{"rendered":"https:\/\/www.europesays.com\/pl\/360329\/"},"modified":"2026-04-11T22:56:08","modified_gmt":"2026-04-11T22:56:08","slug":"jurorzy-mam-talent-ostro-o-pierwszym-polfinalowym-wystepie-to-bylo-cos-okropnego","status":"publish","type":"post","link":"https:\/\/www.europesays.com\/pl\/360329\/","title":{"rendered":"Jurorzy &#8222;Mam talent!&#8221; ostro o pierwszym p\u00f3\u0142fina\u0142owym wyst\u0119pie. &#8222;To by\u0142o co\u015b okropnego&#8221;"},"content":{"rendered":"<p class=\"Paragraph_desktopParagraph__U31Gm\">W sobotni wiecz\u00f3r 11 kwietnia scena<a href=\"https:\/\/plejada.pl\/temat\/mam-talent-program-telewizyjny\/kldyq95\" id=\"7268b165-d8c4-47b3-99ea-48d74a266910\" rel=\"nofollow noopener\" target=\"_blank\"> &#8222;Mam talent!&#8221;<\/a> zamieni\u0142a si\u0119 w plan filmowego horroru. Karolina \u0141obacz, gimnastyczka artystyczna, jako pierwsza zaprezentowa\u0142a si\u0119 przed publiczno\u015bci\u0105, wybieraj\u0105c nieoczywist\u0105, wr\u0119cz makabryczn\u0105 stylizacj\u0119. Inspiracje czerpa\u0142a z popkultury grozy \u2014 makija\u017c przypominaj\u0105cy Jokera, rana na szyi, laleczka z koszmaru i niepokoj\u0105ca choreografia. Ca\u0142o\u015b\u0107 dope\u0142ni\u0142a mroczna muzyka oraz scenografia, kt\u00f3re podzieli\u0142y juror\u00f3w.<\/p>\n<p>Jurorzy ostro po pierwszym p\u00f3\u0142fina\u0142owym wyst\u0119pie w &#8222;Mam talent!&#8221; <\/p>\n<p class=\"Paragraph_desktopParagraph__U31Gm\"><a href=\"https:\/\/plejada.pl\/temat\/marcin-prokop-dziennikarz\/j1ykrc4?strona=7\" id=\"854852c4-a6e1-47c1-94f9-c48b5d6a97d1\" rel=\"nofollow noopener\" target=\"_blank\">Marcin Prokop <\/a>nie kry\u0142, \u017ce wyst\u0119p Karoliny \u0141obacz wywo\u0142a\u0142 w nim skrajne emocje. &#8222;Gdybym mia\u0142 na sobie rajstopy, to pewnie by\u0142yby ju\u017c wilgotne ze stresu, bo to by\u0142o naprawd\u0119 straszne. (&#8230;) Ty jeste\u015b dziewczynk\u0105, kt\u00f3ra zrobi\u0142a rzeczy, kt\u00f3re nie mieszcz\u0105 si\u0119 tylko w mojej wyobra\u017ani, ale te\u017c w wyobra\u017ani jakiegokolwiek komputera, wi\u0119c ja jestem pod wielkim wra\u017ceniem. Tylko nie wiem, czy bardziej si\u0119 boj\u0119, czy bardziej si\u0119 ciesz\u0119 po tym wyst\u0119pie&#8221; \u2014 komentowa\u0142 juror.<\/p>\n<p class=\"Paragraph_desktopParagraph__U31Gm\">Najostrzejsz\u0105 recenzj\u0119 wyg\u0142osi\u0142a <a href=\"https:\/\/plejada.pl\/temat\/agnieszka-chylinska\/khxlfyq\" id=\"d51f8fa7-d12b-49c9-b4c4-e5dcf8256b43\" rel=\"nofollow noopener\" target=\"_blank\">Agnieszka Chyli\u0144ska<\/a>, kt\u00f3ra nie szcz\u0119dzi\u0142a s\u0142\u00f3w krytyki wobec oprawy show. &#8222;Ja b\u0119d\u0119 szczera. Jestem przera\u017cona tym, co tutaj si\u0119 wydarzy\u0142o. Mia\u0142am problem, \u017ceby w pewnym momencie zidentyfikowa\u0107, kt\u00f3ra to fantastyczna dziewczyna z naszego castingu. Mnie si\u0119 bardzo nie podoba\u0142 ten ca\u0142y antura\u017c, to by\u0142o straszne. To by\u0142o co\u015b okropnego. Stara\u0142am si\u0119 skupi\u0107 przede wszystkim na tobie, natomiast te twoje drgawki, wybacz, to nie jest dla mnie. Dzisiaj spodziewam si\u0119 wyst\u0119p\u00f3w pozytywnych, pe\u0142nych ciep\u0142a, a to jest jaki\u015b koszmar&#8221;.<\/p>\n<blockquote>\n<p class=\"Paragraph_desktopParagraph__U31Gm\">To jest koszmar, wy\u0142\u0105czaj\u0105c ciebie jako uczestniczk\u0119, kt\u00f3ra jak zwykle pokaza\u0142a klas\u0119. Ale ten antura\u017c to jest absolutnie nie<\/p>\n<\/blockquote>\n<p class=\"Paragraph_desktopParagraph__U31Gm\">\u2014 podsumowa\u0142a jurorka.<\/p>\n<p class=\"Paragraph_desktopParagraph__U31Gm\"><a href=\"https:\/\/plejada.pl\/temat\/julia-wieniawa\/djrw126\" id=\"13745af4-8938-4fa7-81d6-01dfa79b9021\" rel=\"nofollow noopener\" target=\"_blank\">Julia Wieniawa<\/a> doceni\u0142a techniczn\u0105 stron\u0119 wyst\u0119pu, cho\u0107 nie ukrywa\u0142a, \u017ce mroczny klimat zrobi\u0142 na niej du\u017ce wra\u017cenie. &#8222;My\u015bl\u0119, \u017ce to by\u0142 koszmar, bo to by\u0142 zamys\u0142 tego wyst\u0119pu, natomiast Karolina na castingach widzieli\u015bmy ci\u0119 w tej samej formie. Ja my\u015bla\u0142am, \u017ce zaskoczysz czym\u015b innym, bo na castingach r\u00f3wnie\u017c by\u0142a\u015b taka mroczna. No nie spodziewa\u0142am si\u0119 tego, b\u0119dziesz mi si\u0119 \u015bni\u0142a po nocach&#8221; \u2014 m\u00f3wi\u0142a.<\/p>\n<p class=\"Paragraph_desktopParagraph__U31Gm\"><a href=\"https:\/\/plejada.pl\/temat\/agustin-egurrola\/yx5pd54\" id=\"69982e9a-490d-42df-ac6b-9dd1acde1810\" rel=\"nofollow noopener\" target=\"_blank\">Agustin Egurrola,<\/a> jako jedyny, postanowi\u0142 pomin\u0105\u0107 krytyk\u0119 mrocznej oprawy i skupi\u0142 si\u0119 na post\u0119pach uczestniczki. &#8222;Karolino, po castingach patrzy\u0142em na ka\u017cd\u0105 figur\u0119, kt\u00f3r\u0105 wykonywa\u0142a\u015b. Widz\u0119 ogromn\u0105 prac\u0119, kt\u00f3r\u0105 wykonywa\u0142a\u015b i jest naprawd\u0119 du\u017cy post\u0119p. I to jest najwa\u017cniejsze, jak nasi uczestnicy si\u0119 rozwijaj\u0105. Ka\u017cdy dzie\u0144 by\u0142 wykorzystany w 100 proc. Jeste\u015b dziewczyn\u0105 gotow\u0105 na wyzwania&#8221; \u2014 oceni\u0142 juror.<\/p>\n<p class=\"Paragraph_desktopParagraph__U31Gm\">Dzi\u0119kujemy, \u017ce przeczyta\u0142a\u015b\/e\u015b nasz artyku\u0142 do ko\u0144ca. W serwisie Plejada.pl ka\u017cdego dnia piszemy o najwa\u017cniejszych wydarzeniach show-biznesowych. B\u0105d\u017a na bie\u017c\u0105co! <a rel=\"nofollow noopener\" href=\"https:\/\/news.google.com\/publications\/CAAiEF0PeAlb7W1llpV_mwV2rL4qFAgKIhBdD3gJW-1tZZaVf5sFdqy-?hl=pl&amp;gl=PL&amp;ceid=PL%3Apl\" id=\"a74e0797-e23a-4302-8cbd-b7b3f547439d\" target=\"_blank\">Obserwuj<\/a> Plejad\u0119 w Wiadomo\u015bciach Google. Odwied\u017a nas tak\u017ce na <a rel=\"nofollow noopener\" href=\"https:\/\/www.facebook.com\/plejadapl\" id=\"6fe76bd7-deff-4f71-8d47-80ea84aff315\" target=\"_blank\">Facebooku<\/a>, <a rel=\"nofollow noopener\" href=\"https:\/\/www.instagram.com\/plejadapl\/\" id=\"fe659605-7f0b-4624-8ce4-6e6909bad633\" target=\"_blank\">Instagramie<\/a>, <a rel=\"nofollow noopener\" href=\"https:\/\/www.youtube.com\/c\/plejada\" id=\"ef67126a-2209-42eb-8332-c2c803c4c2bf\" target=\"_blank\">YouTubie<\/a> oraz <a rel=\"nofollow noopener\" href=\"https:\/\/www.tiktok.com\/@plejada_pl\" id=\"28775c25-0093-4b84-bc1e-f8b1223b9ba9\" target=\"_blank\">TikToku<\/a>.<\/p>\n<p class=\"Paragraph_desktopParagraph__U31Gm\">Chcesz podzieli\u0107 si\u0119 ciekawym newsem lub zaproponowa\u0107 temat? Skontaktuj si\u0119 z nami, pisz\u0105c maila na adres: plejada@redakcjaonet.pl.<\/p>\n<p><script async src=\"\/\/www.instagram.com\/embed.js\"><\/script><script async src=\"\/\/www.tiktok.com\/embed.js\"><\/script><\/p>\n","protected":false},"excerpt":{"rendered":"W sobotni wiecz\u00f3r 11 kwietnia scena &#8222;Mam talent!&#8221; zamieni\u0142a si\u0119 w plan filmowego horroru. Karolina \u0141obacz, gimnastyczka artystyczna,&hellip;\n","protected":false},"author":2,"featured_media":360330,"comment_status":"","ping_status":"","sticky":false,"template":"","format":"standard","meta":{"footnotes":"","_share_on_mastodon":"0"},"categories":[22],"tags":[1321,31101,122,67,1654,261,22266,3110,53,56992,52,68,51,55,42,38,40,39,41,123,47,1607,65,50],"class_list":["post-360329","post","type-post","status-publish","format-standard","has-post-thumbnail","category-rozrywka","tag-agnieszka_chylinska_wokalistka","tag-agustin_egurrola","tag-entertainment","tag-intextvideo_splayer","tag-julia_wieniawa","tag-kultura","tag-mam_talent_program_telewizyjny","tag-marcin_prokop_dziennikarz","tag-new_header","tag-newbb_tst1","tag-onet3","tag-onet3d","tag-onet3d_2i","tag-phx","tag-pl","tag-poland","tag-polish","tag-polska","tag-polski","tag-rozrywka","tag-screening_general","tag-time_limited","tag-update_me","tag-v2021"],"share_on_mastodon":{"url":"https:\/\/pubeurope.com\/@pl\/116388546984943987","error":""},"_links":{"self":[{"href":"https:\/\/www.europesays.com\/pl\/wp-json\/wp\/v2\/posts\/360329","targetHints":{"allow":["GET"]}}],"collection":[{"href":"https:\/\/www.europesays.com\/pl\/wp-json\/wp\/v2\/posts"}],"about":[{"href":"https:\/\/www.europesays.com\/pl\/wp-json\/wp\/v2\/types\/post"}],"author":[{"embeddable":true,"href":"https:\/\/www.europesays.com\/pl\/wp-json\/wp\/v2\/users\/2"}],"replies":[{"embeddable":true,"href":"https:\/\/www.europesays.com\/pl\/wp-json\/wp\/v2\/comments?post=360329"}],"version-history":[{"count":0,"href":"https:\/\/www.europesays.com\/pl\/wp-json\/wp\/v2\/posts\/360329\/revisions"}],"wp:featuredmedia":[{"embeddable":true,"href":"https:\/\/www.europesays.com\/pl\/wp-json\/wp\/v2\/media\/360330"}],"wp:attachment":[{"href":"https:\/\/www.europesays.com\/pl\/wp-json\/wp\/v2\/media?parent=360329"}],"wp:term":[{"taxonomy":"category","embeddable":true,"href":"https:\/\/www.europesays.com\/pl\/wp-json\/wp\/v2\/categories?post=360329"},{"taxonomy":"post_tag","embeddable":true,"href":"https:\/\/www.europesays.com\/pl\/wp-json\/wp\/v2\/tags?post=360329"}],"curies":[{"name":"wp","href":"https:\/\/api.w.org\/{rel}","templated":true}]}}