{"id":360511,"date":"2026-04-12T01:23:11","date_gmt":"2026-04-12T01:23:11","guid":{"rendered":"https:\/\/www.europesays.com\/pl\/360511\/"},"modified":"2026-04-12T01:23:11","modified_gmt":"2026-04-12T01:23:11","slug":"ola-nowak-wyliczyla-koszty-wyjazdu-na-coachelle-kwota-robi-wrazenie","status":"publish","type":"post","link":"https:\/\/www.europesays.com\/pl\/360511\/","title":{"rendered":"Ola Nowak wyliczy\u0142a koszty wyjazdu na Coachell\u0119. Kwota robi wra\u017cenie"},"content":{"rendered":"<p class=\"Paragraph_desktopParagraph__U31Gm\">Kalifornijska <a href=\"https:\/\/plejada.pl\/temat\/coachella-festiwal\/r7xcg0k\" id=\"46a14f78-49c8-49a2-ac1b-832bb8169bb9\" rel=\"nofollow noopener\" target=\"_blank\">Coachella <\/a>od lat przyci\u0105ga nie tylko najwi\u0119ksze gwiazdy \u015bwiatowej sceny muzycznej, ale tak\u017ce t\u0142umy influencer\u00f3w i celebryt\u00f3w z ca\u0142ego \u015bwiata. W ostatnich sezonach obecno\u015b\u0107 na tym festiwalu sta\u0142a si\u0119 niemal obowi\u0105zkowa dla wszystkich, kt\u00f3rzy chc\u0105 liczy\u0107 si\u0119 w \u015bwiecie medi\u00f3w spo\u0142eczno\u015bciowych. Udzia\u0142 w wydarzeniu to jednak nie tylko okazja do zaprezentowania najnowszych stylizacji, ale r\u00f3wnie\u017c \u2014 jak podkre\u015bla <a href=\"https:\/\/plejada.pl\/temat\/ola-nowak\/h4b3rpx\" id=\"96d180a7-6311-4126-afb3-e991ab3f2124\" rel=\"nofollow noopener\" target=\"_blank\">Ola Nowak <\/a>\u2014 powa\u017cny wydatek.<\/p>\n<p>Ola Nowak wyliczy\u0142a koszty wyjazdu na Coachell\u0119 <\/p>\n<p class=\"Paragraph_desktopParagraph__U31Gm\">Jak wyliczy\u0142a Ola Nowak, ju\u017c sama podr\u00f3\u017c do Los Angeles oznacza wydatek rz\u0119du 3 tys. z\u0142 za bilet lotniczy. Po wyl\u0105dowaniu na miejscu najta\u0144sz\u0105 opcj\u0105 transportu do hotelu okaza\u0142 si\u0119 zdaniem influencerki Uber \u2014 koszt przejazdu to oko\u0142o 1 tys. z\u0142. Co ciekawe, wed\u0142ug celebrytki, taki wyb\u00f3r jest bardziej op\u0142acalny ni\u017c lokalne przeloty.<\/p>\n<p class=\"Paragraph_desktopParagraph__U31Gm\">Kolejnym powa\u017cnym wydatkiem jest zakwaterowanie. Trzy noce w partnerskich hotelach festiwalu to koszt oko\u0142o 8 tys. z\u0142. Do tej sumy nale\u017cy doliczy\u0107 transfer na teren imprezy \u2014 miejsce w oficjalnej komunikacji kosztuje 600 z\u0142.<\/p>\n<p class=\"Paragraph_desktopParagraph__U31Gm\">Festiwal zrezygnowa\u0142 z jednodniowych bilet\u00f3w \u2014 obecnie dost\u0119pne s\u0105 wy\u0142\u0105cznie trzydniowe karnety. Za standardow\u0105 wej\u015bci\u00f3wk\u0119 trzeba zap\u0142aci\u0107 2,5 tys. z\u0142, a za wersj\u0119 VIP, kt\u00f3ra gwarantuje dost\u0119p do dodatkowych stref, bar\u00f3w i toalet \u2014 5,2 tys. z\u0142.<\/p>\n<p class=\"Paragraph_desktopParagraph__U31Gm\">To jednak nie koniec wydatk\u00f3w. Jak podkre\u015bli\u0142a Ola Nowak, uczestnicy musz\u0105 liczy\u0107 si\u0119 z wysokimi cenami jedzenia i napoj\u00f3w \u2014 dzienne koszty mog\u0105 si\u0119gn\u0105\u0107 nawet 1 tys. z\u0142.<\/p>\n<p class=\"Paragraph_desktopParagraph__U31Gm\">Po podsumowaniu mo\u017cna obliczy\u0107, \u017ce ca\u0142kowity koszt wyjazdu na Coachell\u0119 \u2014 wed\u0142ug wylicze\u0144 polskiej influencerki \u2014 oscyluje wok\u00f3\u0142 19 tys. z\u0142.<\/p>\n<p class=\"Paragraph_desktopParagraph__U31Gm\">Dzi\u0119kujemy, \u017ce przeczyta\u0142a\u015b\/e\u015b nasz artyku\u0142 do ko\u0144ca. W serwisie Plejada.pl ka\u017cdego dnia piszemy o najwa\u017cniejszych wydarzeniach show-biznesowych. B\u0105d\u017a na bie\u017c\u0105co! <a rel=\"nofollow noopener\" href=\"https:\/\/news.google.com\/publications\/CAAiEF0PeAlb7W1llpV_mwV2rL4qFAgKIhBdD3gJW-1tZZaVf5sFdqy-?hl=pl&amp;gl=PL&amp;ceid=PL%3Apl\" id=\"862c6080-94ac-4dc4-a28e-2089463af447\" target=\"_blank\">Obserwuj<\/a> Plejad\u0119 w Wiadomo\u015bciach Google. Odwied\u017a nas tak\u017ce na <a rel=\"nofollow noopener\" href=\"https:\/\/www.facebook.com\/plejadapl\" id=\"c1085230-79a9-466e-92d9-fe4dc1d2ded3\" target=\"_blank\">Facebooku<\/a>, <a rel=\"nofollow noopener\" href=\"https:\/\/www.instagram.com\/plejadapl\/\" id=\"4e0cf0e8-4551-43d0-b18d-a4829d0bf394\" target=\"_blank\">Instagramie<\/a>, <a rel=\"nofollow noopener\" href=\"https:\/\/www.youtube.com\/c\/plejada\" id=\"f9274aa5-c1f0-4786-a80b-122611e6dd30\" target=\"_blank\">YouTubie<\/a> oraz <a rel=\"nofollow noopener\" href=\"https:\/\/www.tiktok.com\/@plejada_pl\" id=\"a879dcc4-e0be-4d30-b3cc-b421a1b58c5e\" target=\"_blank\">TikToku<\/a>.<\/p>\n<p class=\"Paragraph_desktopParagraph__U31Gm\">Chcesz podzieli\u0107 si\u0119 ciekawym newsem lub zaproponowa\u0107 temat? Skontaktuj si\u0119 z nami, pisz\u0105c maila na adres: plejada@redakcjaonet.pl.<\/p>\n<p><script async src=\"\/\/www.instagram.com\/embed.js\"><\/script><script async src=\"\/\/www.tiktok.com\/embed.js\"><\/script><\/p>\n","protected":false},"excerpt":{"rendered":"Kalifornijska Coachella od lat przyci\u0105ga nie tylko najwi\u0119ksze gwiazdy \u015bwiatowej sceny muzycznej, ale tak\u017ce t\u0142umy influencer\u00f3w i celebryt\u00f3w&hellip;\n","protected":false},"author":2,"featured_media":360512,"comment_status":"","ping_status":"","sticky":false,"template":"","format":"standard","meta":{"footnotes":"","_share_on_mastodon":"0"},"categories":[22],"tags":[63365,122,16104,67,1340,261,1503,53,56992,63364,52,68,51,55,42,38,40,39,41,123,47,1607,65,50],"class_list":["post-360511","post","type-post","status-publish","format-standard","has-post-thumbnail","category-rozrywka","tag-coachella_festiwal","tag-entertainment","tag-influencerka","tag-intextvideo_splayer","tag-kalifornia","tag-kultura","tag-muzyka_i_muzycy_muzyka_rozrywkowa_spiew","tag-new_header","tag-newbb_tst1","tag-ola_nowak","tag-onet3","tag-onet3d","tag-onet3d_2i","tag-phx","tag-pl","tag-poland","tag-polish","tag-polska","tag-polski","tag-rozrywka","tag-screening_general","tag-time_limited","tag-update_me","tag-v2021"],"share_on_mastodon":{"url":"https:\/\/pubeurope.com\/@pl\/116389124873934469","error":""},"_links":{"self":[{"href":"https:\/\/www.europesays.com\/pl\/wp-json\/wp\/v2\/posts\/360511","targetHints":{"allow":["GET"]}}],"collection":[{"href":"https:\/\/www.europesays.com\/pl\/wp-json\/wp\/v2\/posts"}],"about":[{"href":"https:\/\/www.europesays.com\/pl\/wp-json\/wp\/v2\/types\/post"}],"author":[{"embeddable":true,"href":"https:\/\/www.europesays.com\/pl\/wp-json\/wp\/v2\/users\/2"}],"replies":[{"embeddable":true,"href":"https:\/\/www.europesays.com\/pl\/wp-json\/wp\/v2\/comments?post=360511"}],"version-history":[{"count":0,"href":"https:\/\/www.europesays.com\/pl\/wp-json\/wp\/v2\/posts\/360511\/revisions"}],"wp:featuredmedia":[{"embeddable":true,"href":"https:\/\/www.europesays.com\/pl\/wp-json\/wp\/v2\/media\/360512"}],"wp:attachment":[{"href":"https:\/\/www.europesays.com\/pl\/wp-json\/wp\/v2\/media?parent=360511"}],"wp:term":[{"taxonomy":"category","embeddable":true,"href":"https:\/\/www.europesays.com\/pl\/wp-json\/wp\/v2\/categories?post=360511"},{"taxonomy":"post_tag","embeddable":true,"href":"https:\/\/www.europesays.com\/pl\/wp-json\/wp\/v2\/tags?post=360511"}],"curies":[{"name":"wp","href":"https:\/\/api.w.org\/{rel}","templated":true}]}}