{"id":360630,"date":"2026-04-12T03:14:08","date_gmt":"2026-04-12T03:14:08","guid":{"rendered":"https:\/\/www.europesays.com\/pl\/360630\/"},"modified":"2026-04-12T03:14:08","modified_gmt":"2026-04-12T03:14:08","slug":"znamy-pierwsza-finalistke-mam-talent-ma-zaledwie-14-lat-onet","status":"publish","type":"post","link":"https:\/\/www.europesays.com\/pl\/360630\/","title":{"rendered":"Znamy pierwsz\u0105 finalistk\u0119 &quot;Mam talent!&quot;. Ma zaledwie 14 lat &#8211; Onet"},"content":{"rendered":"<ol>\n<li><a href=\"https:\/\/news.google.com\/rss\/articles\/CBMisAFBVV95cUxOanRSeXVzamVSYTJrbzlPOXdQVVJ5M1pHU2h0OG83MlNvQVlfZS1vWVhiMVVidVFGNk55a0owV3dEWmV3ZEhaY1E0LUliNU1VVWU2cE50dTh5czlKdWJaTWxyenVpUXVJU21LaU1MMmdld3NseExmbURLN1Z0VW5YYnp5Q0l0bVpBcXJzR1doeVJ2MmU2REZTVVBTbHVfeDRQYmJVc1JGUmJkLVVGN2FVeQ?oc=5\" target=\"_blank\" rel=\"nofollow noopener\">Znamy pierwsz\u0105 finalistk\u0119 &#8222;Mam talent!&#8221;. Ma zaledwie 14 lat<\/a>&nbsp;&nbsp;Onet<\/li>\n<li><a href=\"https:\/\/news.google.com\/rss\/articles\/CBMitgFBVV95cUxPOVo5dWVXZWxIODJaY3ZmOC01d2tNcjJ2aVRxQzZ6U09ueDA4Vy1DZXdGb3Q2NFZhRV85WFIzOFQ1QV82aC1RRHhqTzN4VWVqTTUwYnhYeWFNRmExRXdtUlJaMEJraHRQS0RaWEZiZC1IZmRhYktzcWpVU0NEUDFqRVFVejZKeVB5Mi1Ma3YyV19yalQ1XzB3bjViWGNyay0zclBCLW1vWFN1bWhpdmdhQWFLQkRfZw?oc=5\" target=\"_blank\" rel=\"nofollow noopener\">Ruszaj\u0105 odcinki na \u017cywo &#8222;Mam Talent!&#8221;. Widzowie zdecyduj\u0105, kto zgarnie 300 tysi\u0119cy z\u0142otych<\/a>&nbsp;&nbsp;Muzyka Interia<\/li>\n<li><a href=\"https:\/\/news.google.com\/rss\/articles\/CBMi3gFBVV95cUxQeHl3VjVEcGkxeW01Q2NhN0w4TFExNW90OTN5eWNyMGRJTWFZVG50MUtVdnRDb20zdzVBZGhjcmRmU3kwUnc4ZDhGQnhoSkFVVkhQRkRic1o1eEVoTXphMWMzNEttQy0xbUdUUDlaUnRSRkJENWZETlZJU3NQdHotMUhkQ1VXVHM1WjRWbnVKVEV1c0RTcnREaWJkeGY0U0RWTGVoMm9Wc0M3bmUtMXE1NXcxQXBsS09UT1N1Ui1LVzJoNHpFM2p1S1NHQk1BSktVWS1MSEZpNnI4ODBfSVE?oc=5\" target=\"_blank\" rel=\"nofollow noopener\">Krupi\u0144ska ods\u0142oni\u0142a cia\u0142o, Tomaszewska zabra\u0142a syna.Tak wygl\u0105da\u0142 p\u00f3\u0142fina\u0142 Mam Talent!<\/a>&nbsp;&nbsp;Telemagazyn<\/li>\n<li><a href=\"https:\/\/news.google.com\/rss\/articles\/CBMiqgFBVV95cUxOREpWRlpHRFlOUUc2WVRkTTBYb2JDenJyQjFaeVpiY0Nvb0dhN2VvMm9ZX0thQU9xMmFBSEhYUFkzeXVMWk0tX25hQnUtTkNoV0xiM1ExRUJOWllNek8tbUFqYzkzZngzWnpaZWQyODdwOG4yLUh5dlBNd0V6YmFXTEV2REFLa21Gdy0xeWFkZms0Wk9OTmtEbllfTG9IVzJadWZtZjg2TzBEZw?oc=5\" target=\"_blank\" rel=\"nofollow noopener\">Tego jeszcze nie by\u0142o w &#8222;Mam talent!&#8221;. Dosz\u0142o do z\u0142amania zasady<\/a>&nbsp;&nbsp;Plejada<\/li>\n<li><a href=\"https:\/\/news.google.com\/rss\/articles\/CBMiigFBVV95cUxORmNINXBmSnc4Y3pQeG1kN0J5VWZJR2xSV3VHenVybzAzX19LQmRTbnJVdHBBTGRUaFhlS0Y4d3JZS1IzQ3BsaDNkbDVsSkdJVS1GYWV4dy1SbnlyQlZEb1I3ZTE5aHp2UkptT210cm1YU3RqQkR3a0hHRVhETzJZbTd3eGhFN1JTUHc?oc=5\" target=\"_blank\" rel=\"nofollow noopener\">Program tv dla Mam talent!<\/a>&nbsp;&nbsp;Pilot WP<\/li>\n<\/ol>\n","protected":false},"excerpt":{"rendered":"Znamy pierwsz\u0105 finalistk\u0119 &#8222;Mam talent!&#8221;. Ma zaledwie 14 lat&nbsp;&nbsp;Onet Ruszaj\u0105 odcinki na \u017cywo &#8222;Mam Talent!&#8221;. Widzowie zdecyduj\u0105, kto&hellip;\n","protected":false},"author":2,"featured_media":360631,"comment_status":"","ping_status":"","sticky":false,"template":"","format":"standard","meta":{"footnotes":"","_share_on_mastodon":"0"},"categories":[22],"tags":[122,67,1654,261,22266,53,56992,52,68,51,55,42,38,40,39,41,123,47,1607,65,50],"class_list":["post-360630","post","type-post","status-publish","format-standard","has-post-thumbnail","category-rozrywka","tag-entertainment","tag-intextvideo_splayer","tag-julia_wieniawa","tag-kultura","tag-mam_talent_program_telewizyjny","tag-new_header","tag-newbb_tst1","tag-onet3","tag-onet3d","tag-onet3d_2i","tag-phx","tag-pl","tag-poland","tag-polish","tag-polska","tag-polski","tag-rozrywka","tag-screening_general","tag-time_limited","tag-update_me","tag-v2021"],"share_on_mastodon":{"url":"https:\/\/pubeurope.com\/@pl\/116389561607564725","error":""},"_links":{"self":[{"href":"https:\/\/www.europesays.com\/pl\/wp-json\/wp\/v2\/posts\/360630","targetHints":{"allow":["GET"]}}],"collection":[{"href":"https:\/\/www.europesays.com\/pl\/wp-json\/wp\/v2\/posts"}],"about":[{"href":"https:\/\/www.europesays.com\/pl\/wp-json\/wp\/v2\/types\/post"}],"author":[{"embeddable":true,"href":"https:\/\/www.europesays.com\/pl\/wp-json\/wp\/v2\/users\/2"}],"replies":[{"embeddable":true,"href":"https:\/\/www.europesays.com\/pl\/wp-json\/wp\/v2\/comments?post=360630"}],"version-history":[{"count":0,"href":"https:\/\/www.europesays.com\/pl\/wp-json\/wp\/v2\/posts\/360630\/revisions"}],"wp:featuredmedia":[{"embeddable":true,"href":"https:\/\/www.europesays.com\/pl\/wp-json\/wp\/v2\/media\/360631"}],"wp:attachment":[{"href":"https:\/\/www.europesays.com\/pl\/wp-json\/wp\/v2\/media?parent=360630"}],"wp:term":[{"taxonomy":"category","embeddable":true,"href":"https:\/\/www.europesays.com\/pl\/wp-json\/wp\/v2\/categories?post=360630"},{"taxonomy":"post_tag","embeddable":true,"href":"https:\/\/www.europesays.com\/pl\/wp-json\/wp\/v2\/tags?post=360630"}],"curies":[{"name":"wp","href":"https:\/\/api.w.org\/{rel}","templated":true}]}}