{"id":360691,"date":"2026-04-12T04:10:06","date_gmt":"2026-04-12T04:10:06","guid":{"rendered":"https:\/\/www.europesays.com\/pl\/360691\/"},"modified":"2026-04-12T04:10:06","modified_gmt":"2026-04-12T04:10:06","slug":"znamy-pierwsza-finalistke-mam-talent-ma-zaledwie-14-lat","status":"publish","type":"post","link":"https:\/\/www.europesays.com\/pl\/360691\/","title":{"rendered":"Znamy pierwsz\u0105 finalistk\u0119 &#8222;Mam talent!&#8221;. Ma zaledwie 14 lat"},"content":{"rendered":"<p>Pierwszy p\u00f3\u0142fina\u0142owy odcinek 17. edycji &#8222;Mam talent&#8221; za nami. W\u015br\u00f3d uczestnik\u00f3w widzowie mogli ogl\u0105da\u0107 umiej\u0119tno\u015bci Karoliny \u0141obacz, grupy Scorpions, Ilja Med&#8217;a, Marceliny Runewicz, Mi\u0142osza Jasku\u0142y, Piotra Iwanickiego i Pati Alen, Wiktorii Odrobiny, Sebastiana R\u0105piela, grupy Ancymony i Anny Dell&#8217;Art.<\/p>\n<p> Dalszy ci\u0105g artyku\u0142u pod materia\u0142em wideo Znamy pierwszych finalist\u00f3w 17. edycji &#8222;Mam talent!&#8221;<\/p>\n<p>Do najlepszej tr\u00f3jki przeszli Mi\u0142osz Jasku\u0142a, Piotr Iwanicki i Pati Alen oraz Marcelina Runewicz. Szybko okaza\u0142o si\u0119, \u017ce decyzj\u0105 widz\u00f3w do fina\u0142u przesz\u0142a Marcelina Runewicz.<\/p>\n<p>Nast\u0119pnie rozpocz\u0119\u0142o si\u0119 g\u0142osowanie juror\u00f3w. Agustin Egurrola wybra\u0142 Piotra Iwanickiego i Pati Alen. Agnieszka Chyli\u0144ska r\u00f3wnie\u017c odda\u0142a g\u0142os na duet. Julia Wieniawa zdecydowa\u0142a si\u0119 postawi\u0107 na Mi\u0142osza Jasku\u0142\u0119, jednak Marcin Prokop z decyduj\u0105cym g\u0142osem, odda\u0142 go na Piotra Iwanickiego i Pati Alen, kt\u00f3rzy tym samym r\u00f3wnie\u017c zakwalifikowali si\u0119 do fina\u0142u.<\/p>\n<p>Mi\u0142osz Jasku\u0142a otrzyma\u0142 &#8222;dzik\u0105 kart\u0119&#8221;, co oznacza, \u017ce ca\u0142y czas ma szans\u0119 na wyst\u0119p w finale.<\/p>\n<p>      Dzi\u0119kujemy, \u017ce przeczyta\u0142a\u015b\/e\u015b nasz artyku\u0142 do ko\u0144ca. W serwisie Plejada.pl ka\u017cdego dnia piszemy o najwa\u017cniejszych wydarzeniach show-biznesowych. B\u0105d\u017a na bie\u017c\u0105co! <a rel=\"nofollow noopener\" href=\"https:\/\/news.google.com\/publications\/CAAiEF0PeAlb7W1llpV_mwV2rL4qFAgKIhBdD3gJW-1tZZaVf5sFdqy-?hl=pl&amp;gl=PL&amp;ceid=PL%3Apl\" id=\"87b2c852-9c1f-47bc-93b8-d418aafcec72\" target=\"_blank\">Obserwuj<\/a> Plejad\u0119 w Wiadomo\u015bciach Google. Odwied\u017a nas tak\u017ce na <a rel=\"nofollow noopener\" href=\"https:\/\/www.facebook.com\/plejadapl\" id=\"9a97a309-b53e-48bf-a60b-99da594720ee\" target=\"_blank\">Facebooku<\/a>, <a rel=\"nofollow noopener\" href=\"https:\/\/www.instagram.com\/plejadapl\/\" id=\"81c2d204-e963-4f1f-806a-6582801e6496\" target=\"_blank\">Instagramie<\/a>, <a rel=\"nofollow noopener\" href=\"https:\/\/www.youtube.com\/c\/plejada\" id=\"b5345c02-de4a-4d4c-8ae9-31e2c946fe96\" target=\"_blank\">YouTubie<\/a> oraz <a rel=\"nofollow noopener\" href=\"https:\/\/www.tiktok.com\/@plejada_pl\" id=\"66e19ed3-f9aa-448e-9f7e-3ef6cf440e80\" target=\"_blank\">TikToku<\/a>.<\/p>\n<p>Chcesz podzieli\u0107 si\u0119 ciekawym newsem lub zaproponowa\u0107 temat? Skontaktuj si\u0119 z nami, pisz\u0105c maila na adres: plejada@redakcjaonet.pl.<\/p>\n<p><script async src=\"\/\/www.instagram.com\/embed.js\"><\/script><script async src=\"\/\/www.tiktok.com\/embed.js\"><\/script><\/p>\n","protected":false},"excerpt":{"rendered":"Pierwszy p\u00f3\u0142fina\u0142owy odcinek 17. edycji &#8222;Mam talent&#8221; za nami. W\u015br\u00f3d uczestnik\u00f3w widzowie mogli ogl\u0105da\u0107 umiej\u0119tno\u015bci Karoliny \u0141obacz, grupy&hellip;\n","protected":false},"author":2,"featured_media":360692,"comment_status":"","ping_status":"","sticky":false,"template":"","format":"standard","meta":{"footnotes":"","_share_on_mastodon":"0"},"categories":[22],"tags":[16832,61195,122,1654,48,125,46,42,38,40,39,41,123,47],"class_list":["post-360691","post","type-post","status-publish","format-standard","has-post-thumbnail","category-rozrywka","tag-_mam_talent_","tag-bottomfeed_styl","tag-entertainment","tag-julia_wieniawa","tag-nat_styl","tag-newsy","tag-omp","tag-pl","tag-poland","tag-polish","tag-polska","tag-polski","tag-rozrywka","tag-screening_general"],"share_on_mastodon":{"url":"https:\/\/pubeurope.com\/@pl\/116389781942976289","error":""},"_links":{"self":[{"href":"https:\/\/www.europesays.com\/pl\/wp-json\/wp\/v2\/posts\/360691","targetHints":{"allow":["GET"]}}],"collection":[{"href":"https:\/\/www.europesays.com\/pl\/wp-json\/wp\/v2\/posts"}],"about":[{"href":"https:\/\/www.europesays.com\/pl\/wp-json\/wp\/v2\/types\/post"}],"author":[{"embeddable":true,"href":"https:\/\/www.europesays.com\/pl\/wp-json\/wp\/v2\/users\/2"}],"replies":[{"embeddable":true,"href":"https:\/\/www.europesays.com\/pl\/wp-json\/wp\/v2\/comments?post=360691"}],"version-history":[{"count":0,"href":"https:\/\/www.europesays.com\/pl\/wp-json\/wp\/v2\/posts\/360691\/revisions"}],"wp:featuredmedia":[{"embeddable":true,"href":"https:\/\/www.europesays.com\/pl\/wp-json\/wp\/v2\/media\/360692"}],"wp:attachment":[{"href":"https:\/\/www.europesays.com\/pl\/wp-json\/wp\/v2\/media?parent=360691"}],"wp:term":[{"taxonomy":"category","embeddable":true,"href":"https:\/\/www.europesays.com\/pl\/wp-json\/wp\/v2\/categories?post=360691"},{"taxonomy":"post_tag","embeddable":true,"href":"https:\/\/www.europesays.com\/pl\/wp-json\/wp\/v2\/tags?post=360691"}],"curies":[{"name":"wp","href":"https:\/\/api.w.org\/{rel}","templated":true}]}}