{"id":360772,"date":"2026-04-12T05:25:14","date_gmt":"2026-04-12T05:25:14","guid":{"rendered":"https:\/\/www.europesays.com\/pl\/360772\/"},"modified":"2026-04-12T05:25:14","modified_gmt":"2026-04-12T05:25:14","slug":"wpadka-radoslawa-piesiewicza-teraz-sie-tlumaczy-trzeba-miec-dystans","status":"publish","type":"post","link":"https:\/\/www.europesays.com\/pl\/360772\/","title":{"rendered":"Wpadka Rados\u0142awa Piesiewicza. Teraz si\u0119 t\u0142umaczy. &#8222;Trzeba mie\u0107 dystans&#8221;"},"content":{"rendered":"<p>Podczas Gali Olimpijskiej, na kt\u00f3rej wr\u0119czano nagrody za igrzyska Mediolan-Cortina 2026, w centrum uwagi znalaz\u0142 si\u0119 m.in. Kacper Tomasiak. I trudno si\u0119 temu dziwi\u0107, bo to w\u0142a\u015bnie on by\u0142 najwi\u0119kszym bohaterem polskiej kadry, wracaj\u0105c z W\u0142och z trzema medalami.<\/p>\n<p> Dalszy ci\u0105g artyku\u0142u pod materia\u0142em wideo <\/p>\n<p>To w\u0142a\u015bnie przy wr\u0119czeniu nagrody dla 19-latka dosz\u0142o do zaskakuj\u0105cej sceny. Na czeku opiewaj\u0105cym na 300 tys. z\u0142, przekazanym przez prezesa PKOl, zamiast nazwiska &#8222;Tomasiak&#8221; widnia\u0142o &#8222;Tomasik&#8221;. Chwil\u0119 p\u00f3\u017aniej czek zosta\u0142 odwr\u00f3cony na drug\u0105 stron\u0119, a tam nazwisko m\u0142odego zawodnika zapisano ju\u017c poprawnie.<\/p>\n<p>Rados\u0142aw Piesiewicz t\u0142umaczy si\u0119 z wpadki. &#8222;To by\u0142o celowe&#8221;<\/p>\n<p>Po zako\u0144czeniu wydarzenia Piesiewicz zdecydowa\u0142 si\u0119 wyt\u0142umaczy\u0107 ca\u0142e zamieszanie na platformie X. &#8222;Tych wszystkich, kt\u00f3rzy nie zrozumieli \u017cartu, pragn\u0119 poinformowa\u0107, \u017ce to by\u0142o celowe, dlatego czek by\u0142 zadrukowany obustronnie. Trzeba mie\u0107 do siebie dystans. Pozdrawiam&#8221; \u2014 przekaza\u0142 w serwisie X.<\/p>\n<p>Ca\u0142ej historii dodatkowego wymiaru dodaje fakt, \u017ce to nie pierwszy raz, gdy szef PKOl w taki spos\u00f3b przekr\u0119ci\u0142 nazwisko Tomasiaka. Ju\u017c po zdobyciu przez zawodnika pierwszego medalu przed kamer\u0105 Eurosportu m\u00f3wi\u0142 o nim w\u0142a\u015bnie jako o &#8222;Tomasiku&#8221;.<\/p>\n<p>\u2014 Obieca\u0142em, \u017ce b\u0119dzie medal Tomasika? Obieca\u0142em. I jest! I ciesz\u0119 si\u0119 bardzo z tego. Jest niesamowity, m\u0142ody cz\u0142owiek, kt\u00f3ry potrafi spe\u0142nia\u0107 swoje marzenia i to jest najwa\u017cniejsze. On dzi\u015b udowodni\u0142, \u017ce niemo\u017cliwe nie istnieje. Dawid Kubacki cztery lata temu i teraz Tomasik. Jeste\u015b wielki! Jeste\u015b najlepszy! \u2014 krzycza\u0142 w\u00f3wczas Piesiewicz.<\/p>\n","protected":false},"excerpt":{"rendered":"Podczas Gali Olimpijskiej, na kt\u00f3rej wr\u0119czano nagrody za igrzyska Mediolan-Cortina 2026, w centrum uwagi znalaz\u0142 si\u0119 m.in. Kacper&hellip;\n","protected":false},"author":2,"featured_media":360773,"comment_status":"","ping_status":"","sticky":false,"template":"","format":"standard","meta":{"footnotes":"","_share_on_mastodon":"0"},"categories":[52122],"tags":[61195,2399,15023,48,46,6010,752,15347,42,38,40,39,41,15346,47,130],"class_list":["post-360772","post","type-post","status-publish","format-standard","has-post-thumbnail","category-pko-bank-polski","tag-bottomfeed_styl","tag-igrzyska_olimpijskie","tag-kacper_tomasiak","tag-nat_styl","tag-omp","tag-pko-bank-polski","tag-pko-bp","tag-pkol","tag-pl","tag-poland","tag-polish","tag-polska","tag-polski","tag-radoslaw_piesiewicz","tag-screening_general","tag-wiadomosci_sportowe"],"share_on_mastodon":{"url":"https:\/\/pubeurope.com\/@pl\/116390076270966345","error":""},"_links":{"self":[{"href":"https:\/\/www.europesays.com\/pl\/wp-json\/wp\/v2\/posts\/360772","targetHints":{"allow":["GET"]}}],"collection":[{"href":"https:\/\/www.europesays.com\/pl\/wp-json\/wp\/v2\/posts"}],"about":[{"href":"https:\/\/www.europesays.com\/pl\/wp-json\/wp\/v2\/types\/post"}],"author":[{"embeddable":true,"href":"https:\/\/www.europesays.com\/pl\/wp-json\/wp\/v2\/users\/2"}],"replies":[{"embeddable":true,"href":"https:\/\/www.europesays.com\/pl\/wp-json\/wp\/v2\/comments?post=360772"}],"version-history":[{"count":0,"href":"https:\/\/www.europesays.com\/pl\/wp-json\/wp\/v2\/posts\/360772\/revisions"}],"wp:featuredmedia":[{"embeddable":true,"href":"https:\/\/www.europesays.com\/pl\/wp-json\/wp\/v2\/media\/360773"}],"wp:attachment":[{"href":"https:\/\/www.europesays.com\/pl\/wp-json\/wp\/v2\/media?parent=360772"}],"wp:term":[{"taxonomy":"category","embeddable":true,"href":"https:\/\/www.europesays.com\/pl\/wp-json\/wp\/v2\/categories?post=360772"},{"taxonomy":"post_tag","embeddable":true,"href":"https:\/\/www.europesays.com\/pl\/wp-json\/wp\/v2\/tags?post=360772"}],"curies":[{"name":"wp","href":"https:\/\/api.w.org\/{rel}","templated":true}]}}