{"id":360840,"date":"2026-04-12T06:23:09","date_gmt":"2026-04-12T06:23:09","guid":{"rendered":"https:\/\/www.europesays.com\/pl\/360840\/"},"modified":"2026-04-12T06:23:09","modified_gmt":"2026-04-12T06:23:09","slug":"tyson-fury-wyzwal-anthonyego-joshue-a-potem-takie-wiesci","status":"publish","type":"post","link":"https:\/\/www.europesays.com\/pl\/360840\/","title":{"rendered":"Tyson Fury wyzwa\u0142 Anthony&#8217;ego Joshu\u0119. A potem takie wie\u015bci!"},"content":{"rendered":"<p>W sobot\u0119 kibice mieli okazj\u0119 obejrze\u0107 Tysona Fury&#8217;ego po raz pierwszy od ponad roku, kiedy to drugi raz przegra\u0142 z O\u0142eksandrem Usykiem. Tym razem zmierzy\u0142 si\u0119 z Arslanbekiem Machmudowem, kt\u00f3rego pokona\u0142 jednog\u0142o\u015bn\u0105 decyzj\u0105 s\u0119dzi\u00f3w.<\/p>\n<p> Dalszy ci\u0105g artyku\u0142u pod materia\u0142em wideo <\/p>\n<p>Wi\u0119cej ni\u017c o samej walce m\u00f3wi si\u0119 jednak o tym, co wydarzy\u0142o si\u0119 tu\u017c po niej. &#8222;Kr\u00f3l Cygan\u00f3w&#8221; nie zdawa\u0142 si\u0119 by\u0107 zbytnio przej\u0119ty werdyktem s\u0119dzi\u00f3w, bo w\u0142a\u015bciwie tu\u017c po niej ruszy\u0142 w kierunku ogl\u0105daj\u0105cego to starcie Anthony&#8217;ego Joshui.<\/p>\n<p>Sceny po walce. Netflix wszystko potwierdzi\u0142<\/p>\n<p>\u2014 Dajmy kibicom, czego chc\u0105: bitw\u0119 o Angli\u0119! AJ, Anthony Joshua \u2014 to jest moje wyzwanie. Walcz ze mn\u0105, walcz z &#8222;Kr\u00f3lem Cygan\u00f3w&#8221;. Czy akceptujesz je? \u2014 wykrzycza\u0142 do pi\u0119\u015bciarza.<\/p>\n<p>Na twarzy jego rodaka nie by\u0142o wida\u0107 wielkich emocji. Kibice nie zostali jednak pozostawieni w niepewno\u015bci na d\u0142ugo. Kilka minut po p\u00f3\u0142nocy wyczekiwan\u0105 walk\u0119 potwierdzi\u0142 Netflix. &#8222;To si\u0119 dzieje. Tyson Fury kontra Anthony Joshua. Tej jesieni w Wielkiej Brytanii&#8221; \u2014 czytamy na oficjalnym profilu.<\/p>\n<p>Cho\u0107 obaj zawodnicy przez lata byli dominatorami w wadze ci\u0119\u017ckiej, do tej pory nigdy ze sob\u0105 nie zawalczyli. W kontek\u015bcie potencjalnego hitu Brytyjczycy pisz\u0105 o &#8222;10 latach nieudanych negocjacji&#8221;. Wygl\u0105da jednak na to, \u017ce wreszcie pojawi\u0142o si\u0119 porozumienie. Jak wynika z zapowiedzi Fury&#8217;ego, jeszcze sprzed kolejnego powrotu na ring, by\u0107 mo\u017ce nawet nie sko\u0144czy si\u0119 na jednej walce.<\/p>\n<p> \u2014 Oczywi\u015bcie najpierw czeka mnie wielka walka z Machmudowem, a potem nie wiemy, jaka b\u0119dzie trzecia walka po tej z Joshu\u0105, ale w tym roku celuj\u0119 w trzy starcia. Je\u015bli to b\u0119dzie dobry pojedynek mi\u0119dzy mn\u0105 a AJ-em, a nie s\u0105dz\u0119, \u017ceby tak by\u0142o, bo my\u015bl\u0119, \u017ce b\u0119dzie mia\u017cd\u017c\u0105cy, wtedy dojdzie do rewan\u017cu. Ale je\u015bli nie, zobaczymy \u2014 zapowiada\u0142 ostro\u017cnie &#8222;Kr\u00f3l Cygan\u00f3w&#8221;.<\/p>\n","protected":false},"excerpt":{"rendered":"W sobot\u0119 kibice mieli okazj\u0119 obejrze\u0107 Tysona Fury&#8217;ego po raz pierwszy od ponad roku, kiedy to drugi raz&hellip;\n","protected":false},"author":2,"featured_media":360841,"comment_status":"","ping_status":"","sticky":false,"template":"","format":"standard","meta":{"footnotes":"","_share_on_mastodon":"0"},"categories":[52122],"tags":[31704,2514,61195,48,46,6010,752,42,38,40,39,41,47,12869],"class_list":["post-360840","post","type-post","status-publish","format-standard","has-post-thumbnail","category-pko-bank-polski","tag-anthony_joshua","tag-boks","tag-bottomfeed_styl","tag-nat_styl","tag-omp","tag-pko-bank-polski","tag-pko-bp","tag-pl","tag-poland","tag-polish","tag-polska","tag-polski","tag-screening_general","tag-tyson_fury"],"share_on_mastodon":{"url":"https:\/\/pubeurope.com\/@pl\/116390304500138026","error":""},"_links":{"self":[{"href":"https:\/\/www.europesays.com\/pl\/wp-json\/wp\/v2\/posts\/360840","targetHints":{"allow":["GET"]}}],"collection":[{"href":"https:\/\/www.europesays.com\/pl\/wp-json\/wp\/v2\/posts"}],"about":[{"href":"https:\/\/www.europesays.com\/pl\/wp-json\/wp\/v2\/types\/post"}],"author":[{"embeddable":true,"href":"https:\/\/www.europesays.com\/pl\/wp-json\/wp\/v2\/users\/2"}],"replies":[{"embeddable":true,"href":"https:\/\/www.europesays.com\/pl\/wp-json\/wp\/v2\/comments?post=360840"}],"version-history":[{"count":0,"href":"https:\/\/www.europesays.com\/pl\/wp-json\/wp\/v2\/posts\/360840\/revisions"}],"wp:featuredmedia":[{"embeddable":true,"href":"https:\/\/www.europesays.com\/pl\/wp-json\/wp\/v2\/media\/360841"}],"wp:attachment":[{"href":"https:\/\/www.europesays.com\/pl\/wp-json\/wp\/v2\/media?parent=360840"}],"wp:term":[{"taxonomy":"category","embeddable":true,"href":"https:\/\/www.europesays.com\/pl\/wp-json\/wp\/v2\/categories?post=360840"},{"taxonomy":"post_tag","embeddable":true,"href":"https:\/\/www.europesays.com\/pl\/wp-json\/wp\/v2\/tags?post=360840"}],"curies":[{"name":"wp","href":"https:\/\/api.w.org\/{rel}","templated":true}]}}