{"id":361261,"date":"2026-04-12T11:58:16","date_gmt":"2026-04-12T11:58:16","guid":{"rendered":"https:\/\/www.europesays.com\/pl\/361261\/"},"modified":"2026-04-12T11:58:16","modified_gmt":"2026-04-12T11:58:16","slug":"zawrzalo-w-fis-polska-moze-stracic-zawody-pucharu-swiata","status":"publish","type":"post","link":"https:\/\/www.europesays.com\/pl\/361261\/","title":{"rendered":"Zawrza\u0142o w FIS. Polska mo\u017ce straci\u0107 zawody Pucharu \u015awiata"},"content":{"rendered":"\n<p class=\"contentpart contentpart--default contentpart--text\" data-position=\"0\">Kalendarze na najbli\u017cszy sezon s\u0105 przygotowane. Aktualnie <a href=\"https:\/\/sportowefakty.wp.pl\/zimowe\/fis\" rel=\"nofollow noopener\" target=\"_blank\">FIS<\/a>\u00a0pracuje nad terminarzem zawod\u00f3w na sezon 2026\/2027 w <a href=\"https:\/\/sportowefakty.wp.pl\/skoki-narciarskie\" rel=\"nofollow noopener\" target=\"_blank\">skokach narciarskich<\/a>. W planach organizacji s\u0105 zar\u00f3wno konkursy <a href=\"https:\/\/sportowefakty.wp.pl\/skoki-narciarskie\/puchar-swiata\" rel=\"nofollow noopener\" target=\"_blank\">Pucharu \u015awiata<\/a>\u00a0m\u0119\u017cczyzn, jak i kobiet w <a href=\"https:\/\/sportowefakty.wp.pl\/polska\" rel=\"nofollow noopener\" target=\"_blank\">Polsce<\/a>, chocia\u017c rywalizacja zawodniczek w\u00a0<a href=\"https:\/\/sportowefakty.wp.pl\/polska\/wisla\" rel=\"nofollow noopener\" target=\"_blank\">Wi\u015ble<\/a>\u00a0na pocz\u0105tku grudnia 2026 roku stan\u0119\u0142a pod znakiem zapytania.<\/p>\n<p class=\"contentpart contentpart--default contentpart--text\" data-position=\"1\">Zamieszanie rozpocz\u0119\u0142o si\u0119 od rezygnacji z zawod\u00f3w kobiet na skoczni mamuciej w <a href=\"https:\/\/sportowefakty.wp.pl\/norwegia\/vikersund\" rel=\"nofollow noopener\" target=\"_blank\">Vikersund<\/a>. Sami <a href=\"https:\/\/sportowefakty.wp.pl\/norwegia\" rel=\"nofollow noopener\" target=\"_blank\">Norwedzy<\/a>\u00a0nie chcieli organizowa\u0107 konkurs\u00f3w dla obu p\u0142ci tydzie\u0144 po tygodniu w marcu, a zrobienie tego w ten sam weekend jest niemo\u017cliwe z powodu rywalizacji skoczki\u0144 w austriackim\u00a0<a href=\"https:\/\/sportowefakty.wp.pl\/austria\/villach\" rel=\"nofollow noopener\" target=\"_blank\">Villach<\/a>.<\/p>\n<p>  <img decoding=\"async\" src=\"https:\/\/v.wpimg.pl\/X3dwLnN2d1IFFTpdYUl6R0ZNbgcnEHQREVV2TGEGbUtRT2MdOlZ2RBQUKABgQjQcDRotCStBd1IAAWMeIlM7VgwYIAorQAdEFFk_GCkQJQ\" alt=\"\" width=\"45\" height=\"58\" loading=\"lazy\"\/>  <\/p>\n<p class=\"contentpart contentpart--default contentpart--text\" data-position=\"2\"><a href=\"https:\/\/sportowefakty.wp.pl\/skoki-narciarskie\/miran-tepes\" rel=\"nofollow noopener\" target=\"_blank\">Miran Tepes<\/a>\u00a0zaproponowa\u0142 usuni\u0119cie z kalendarza konkurs\u00f3w skoczki\u0144 w Wi\u015ble, wstawienie w to miejsce Villach, a nast\u0119pnie w lutym zorganizowanie wsp\u00f3lnych lot\u00f3w w Vikersund kobiet i m\u0119\u017cczyzn.<\/p>\n<p class=\"contentpart contentpart--default contentpart--text\" data-position=\"3\">ZOBACZ WIDEO: Jest jednym z najwi\u0119kszych talent\u00f3w. Poznajcie Hann\u0119 Mazur<\/p>\n<p class=\"contentpart contentpart--default contentpart--text\" data-position=\"5\">Miran Tepes argumentowa\u0142 usuni\u0119cie Wis\u0142y z kalendarza nisk\u0105 frekwencj\u0105.<\/p>\n<p class=\"contentpart contentpart--default contentpart--text\" data-position=\"6\">Sami <a href=\"https:\/\/sportowefakty.wp.pl\/austria\" rel=\"nofollow noopener\" target=\"_blank\">Austriacy<\/a>\u00a0odnosz\u0105 si\u0119 do pomys\u0142u z rezerw\u0105. Nie s\u0105 na ten moment zainteresowani przeniesieniem zawod\u00f3w w Villach na grudzie\u0144.<\/p>\n<p>  <img decoding=\"async\" src=\"https:\/\/v.wpimg.pl\/X3dwLnN2d1IFFTpdYUl6R0ZNbgcnEHQREVV2TGEGbUtRT2MdOlZ2RBQUKABgQjQcDRotCStBd1IAAWMeIlM7VgwYIAorQAdEFFk_GCkQJQ\" alt=\"\" width=\"45\" height=\"58\" loading=\"lazy\"\/>  <\/p>\n<p class=\"contentpart contentpart--default contentpart--text\" data-position=\"7\">&#8211; Organizowanie ich w grudniu i w lutym to dwie zupe\u0142nie inne sprawy. Wcze\u015bniej mo\u017ce to w og\u00f3le nie by\u0107 mo\u017cliwe. To raczej fantazja, a nie rzeczywisto\u015b\u0107. Nie mamy takich mo\u017cliwo\u015bci &#8211; cytuje portal sport.pl <a href=\"https:\/\/sportowefakty.wp.pl\/kombinacja-norweska\/mario-stecher\" rel=\"nofollow noopener\" target=\"_blank\">Mario Stechera<\/a>, dyrektora sportowego Austriackiego Zwi\u0105zku Narciarskiego, kt\u00f3ry uczestniczy w przygotowaniu kalendarza w FIS-ie.<\/p>\n<p class=\"contentpart contentpart--default contentpart--text\" data-position=\"8\">W podobnie uspokajaj\u0105cym kibic\u00f3w w Polsce tonie wypowiedzia\u0142 si\u0119 Wojciech Gumny, wiceprezes <a href=\"https:\/\/sportowefakty.wp.pl\/zimowe\/pzn\" rel=\"nofollow noopener\" target=\"_blank\">PZN-u<\/a>. Zapowiada te\u017c prace nad now\u0105 formu\u0142\u0105 zawod\u00f3w, kt\u00f3ra mo\u017ce zwi\u0119kszy\u0107 zainteresowanie kibic\u00f3w.<\/p>\n<p class=\"contentpart contentpart--default contentpart--text\" data-position=\"9\">Ko\u0144cowe decyzje, co do kalendarza Pucharu \u015awiata kobiet, maj\u0105 zapa\u015b\u0107 6 maja.<\/p>\n","protected":false},"excerpt":{"rendered":"Kalendarze na najbli\u017cszy sezon s\u0105 przygotowane. Aktualnie FIS\u00a0pracuje nad terminarzem zawod\u00f3w na sezon 2026\/2027 w skokach narciarskich. W&hellip;\n","protected":false},"author":2,"featured_media":361262,"comment_status":"","ping_status":"","sticky":false,"template":"","format":"standard","meta":{"footnotes":"","_share_on_mastodon":"0"},"categories":[12],"tags":[1571,42,38,40,39,41,13539,27201,1538,447,4970],"class_list":["post-361261","post","type-post","status-publish","format-standard","has-post-thumbnail","category-polska","tag-fis","tag-pl","tag-poland","tag-polish","tag-polska","tag-polski","tag-ps-w-skokach-narciarskich","tag-skocznia-narciarska-im-adama-malysza-hs-134","tag-skoki-narciarskie","tag-sporty-zimowe","tag-wisla"],"share_on_mastodon":{"url":"https:\/\/pubeurope.com\/@pl\/116391622163823905","error":""},"_links":{"self":[{"href":"https:\/\/www.europesays.com\/pl\/wp-json\/wp\/v2\/posts\/361261","targetHints":{"allow":["GET"]}}],"collection":[{"href":"https:\/\/www.europesays.com\/pl\/wp-json\/wp\/v2\/posts"}],"about":[{"href":"https:\/\/www.europesays.com\/pl\/wp-json\/wp\/v2\/types\/post"}],"author":[{"embeddable":true,"href":"https:\/\/www.europesays.com\/pl\/wp-json\/wp\/v2\/users\/2"}],"replies":[{"embeddable":true,"href":"https:\/\/www.europesays.com\/pl\/wp-json\/wp\/v2\/comments?post=361261"}],"version-history":[{"count":0,"href":"https:\/\/www.europesays.com\/pl\/wp-json\/wp\/v2\/posts\/361261\/revisions"}],"wp:featuredmedia":[{"embeddable":true,"href":"https:\/\/www.europesays.com\/pl\/wp-json\/wp\/v2\/media\/361262"}],"wp:attachment":[{"href":"https:\/\/www.europesays.com\/pl\/wp-json\/wp\/v2\/media?parent=361261"}],"wp:term":[{"taxonomy":"category","embeddable":true,"href":"https:\/\/www.europesays.com\/pl\/wp-json\/wp\/v2\/categories?post=361261"},{"taxonomy":"post_tag","embeddable":true,"href":"https:\/\/www.europesays.com\/pl\/wp-json\/wp\/v2\/tags?post=361261"}],"curies":[{"name":"wp","href":"https:\/\/api.w.org\/{rel}","templated":true}]}}