{"id":362137,"date":"2026-04-12T23:07:11","date_gmt":"2026-04-12T23:07:11","guid":{"rendered":"https:\/\/www.europesays.com\/pl\/362137\/"},"modified":"2026-04-12T23:07:11","modified_gmt":"2026-04-12T23:07:11","slug":"potracenie-kobiety-z-dzieckiem-w-kalwarii-zebrzydowskiej-ladowal-smiglowiec-lpr-onet","status":"publish","type":"post","link":"https:\/\/www.europesays.com\/pl\/362137\/","title":{"rendered":"Potr\u0105cenie kobiety z dzieckiem w Kalwarii Zebrzydowskiej. L\u0105dowa\u0142 \u015bmig\u0142owiec LPR &#8211; Onet"},"content":{"rendered":"<ol>\n<li><a href=\"https:\/\/news.google.com\/rss\/articles\/CBMi1wFBVV95cUxOQjVhaE16SzQwcXE4NndNdTVMUFhZcHVoV1lpR0hqMS1wOFI0RUw1RFlVU21QY3cyanpVVWRZS21ydURidnRyMmVhcVgzQlE1RkZjZHNycHhWX0loTmQwZm03VzREN3RPdXNnLVlqUlptRW5idGhfWlI3ZGdQekVwbEp0b2Z4N2xaV0U4a08yckRwVWdGQlJmMm9pSUJZbEN1MGJFclQyZ0h3Qi1oaWtIU3lTUUVTbFc3MXZITkJUaXBscWtOY1U2Zm85YTNldERRWHktaklyNA?oc=5\" target=\"_blank\" rel=\"nofollow noopener\">Potr\u0105cenie kobiety z dzieckiem w Kalwarii Zebrzydowskiej. L\u0105dowa\u0142 \u015bmig\u0142owiec LPR<\/a>&nbsp;&nbsp;Onet<\/li>\n<li><a href=\"https:\/\/news.google.com\/rss\/articles\/CBMiowFBVV95cUxQVjZWVVdUUEE1Vy1sSDZ0QTZIa2hqV0otNG5BMklYOGNRSlNyVW1hWGlYRlEwLWI0ZUhFUU5VX0d6OU5RNG1fX1hmU0hyamNpaHFUUFFBRU1oNVBwdnE1RnRnN0MtRzlyZWdidUxmYi1ETU9Lb2plMjg3NDFTR3hpdkZpbVppLThlYzM4dC0zRzR6amd0aWluR2t6QlR0S0h3ZmM4?oc=5\" target=\"_blank\" rel=\"nofollow noopener\">Wjecha\u0142 Toyot\u0105 w rodzin\u0119 przechodz\u0105c\u0105 przez pasy<\/a>&nbsp;&nbsp;RMF24<\/li>\n<li><a href=\"https:\/\/news.google.com\/rss\/articles\/CBMiugFBVV95cUxNanVSeWh5RVBSR2liamFuSUJzVEFZamRsWmRfdTVfaHJCRjRmUVBJanhHQ0hKTVZoWm9USUNXWTRXZjRoREJ6a3hTZWRUTFo4bnc4blczdF9QcHFjS3I4RlhmWThOajh0S2ZUbGpLRHBZdmZhUXBVQmpZeWh3dXc5S01MMjJPNkZPLWxuLTFvRDR2N2tob2JaQ1BITGJPRGhBdnFsWjVmVEdUbVN4clROa1czOVc0VzJYYWc?oc=5\" target=\"_blank\" rel=\"nofollow noopener\">Potr\u0105cenie kobiety z dzieckiem na kalwaryjskim rynku. Wezwano \u015bmig\u0142owiec LPR<\/a>&nbsp;&nbsp;Wadowice Online<\/li>\n<li><a href=\"https:\/\/news.google.com\/rss\/articles\/CBMi3gFBVV95cUxQUW9yOTBVT3RvY1hraER1dzRZVE9oVVNPZDRNU3lCQ2RpUEJENS1ib1ZhWXFoWnRQZmttdXpLOE1vRlEzY0RkMUdMOWszZ1J2TktxZmVzczNKMmVrZUM2bXNUWWJ5OTZza09EZkhsRlRuVThxaDR6YjBvT0NQWm5oOU0zU0Rkc0JwQ2RnUVNxRFJxYm84WF9MLVpsUFRLT3ZsZ05CNnRCSHB6eXYzeWZjVVhjdWgxdzZIdnhndnBDSEo2NmFNTklLNG5tNFRsLVBNd3hjRjdaUzhIYWpEb3c?oc=5\" target=\"_blank\" rel=\"nofollow noopener\">Kobieta i dziecko potr\u0105ceni na przej\u015bciu dla pieszych w Kalwarii Zebrzydowskiej. Ruszy\u0142 helikopter LPR<\/a>&nbsp;&nbsp;Gazeta Krakowska<\/li>\n<li><a href=\"https:\/\/news.google.com\/rss\/articles\/CBMic0FVX3lxTFA0cHNnOURJVlVGZEoyWHdreEFnazJVWXNaNDVSMFVBUG05dmswM1hQcl9IZkJqc1l4UkJZSDBsbGpTWWdLeDFIWU5nOFZiSUJEUFpYTl8tMDYxdncyTHQ0UXA3ZlpRbWdGaWliYXJrU3dKSG8?oc=5\" target=\"_blank\" rel=\"nofollow noopener\">Potr\u0105cenie kobiety z dzieckiem [AKTUALIZACJA]<\/a>&nbsp;&nbsp;mamNewsa<\/li>\n<\/ol>\n","protected":false},"excerpt":{"rendered":"Potr\u0105cenie kobiety z dzieckiem w Kalwarii Zebrzydowskiej. L\u0105dowa\u0142 \u015bmig\u0142owiec LPR&nbsp;&nbsp;Onet Wjecha\u0142 Toyot\u0105 w rodzin\u0119 przechodz\u0105c\u0105 przez pasy&nbsp;&nbsp;RMF24 Potr\u0105cenie&hellip;\n","protected":false},"author":2,"featured_media":362138,"comment_status":"","ping_status":"","sticky":false,"template":"","format":"standard","meta":{"footnotes":"","_share_on_mastodon":"0"},"categories":[12],"tags":[32,33,36,37,27,561,368,34,35,28,31,53,56992,25,52,68,51,55,42,38,40,39,41,47,29,30,50,26],"class_list":["post-362137","post","type-post","status-publish","format-standard","has-post-thumbnail","category-polska","tag-breaking-news","tag-breakingnews","tag-featured-news","tag-featurednews","tag-headlines","tag-kch","tag-krakowdlawas","tag-latest-news","tag-latestnews","tag-naglowki","tag-najwazniejsze-artykuly","tag-new_header","tag-newbb_tst1","tag-news","tag-onet3","tag-onet3d","tag-onet3d_2i","tag-phx","tag-pl","tag-poland","tag-polish","tag-polska","tag-polski","tag-screening_general","tag-top-stories","tag-topstories","tag-v2021","tag-wiadomosci"],"share_on_mastodon":{"url":"https:\/\/pubeurope.com\/@pl\/116394252619954408","error":""},"_links":{"self":[{"href":"https:\/\/www.europesays.com\/pl\/wp-json\/wp\/v2\/posts\/362137","targetHints":{"allow":["GET"]}}],"collection":[{"href":"https:\/\/www.europesays.com\/pl\/wp-json\/wp\/v2\/posts"}],"about":[{"href":"https:\/\/www.europesays.com\/pl\/wp-json\/wp\/v2\/types\/post"}],"author":[{"embeddable":true,"href":"https:\/\/www.europesays.com\/pl\/wp-json\/wp\/v2\/users\/2"}],"replies":[{"embeddable":true,"href":"https:\/\/www.europesays.com\/pl\/wp-json\/wp\/v2\/comments?post=362137"}],"version-history":[{"count":0,"href":"https:\/\/www.europesays.com\/pl\/wp-json\/wp\/v2\/posts\/362137\/revisions"}],"wp:featuredmedia":[{"embeddable":true,"href":"https:\/\/www.europesays.com\/pl\/wp-json\/wp\/v2\/media\/362138"}],"wp:attachment":[{"href":"https:\/\/www.europesays.com\/pl\/wp-json\/wp\/v2\/media?parent=362137"}],"wp:term":[{"taxonomy":"category","embeddable":true,"href":"https:\/\/www.europesays.com\/pl\/wp-json\/wp\/v2\/categories?post=362137"},{"taxonomy":"post_tag","embeddable":true,"href":"https:\/\/www.europesays.com\/pl\/wp-json\/wp\/v2\/tags?post=362137"}],"curies":[{"name":"wp","href":"https:\/\/api.w.org\/{rel}","templated":true}]}}