{"id":362485,"date":"2026-04-13T05:07:12","date_gmt":"2026-04-13T05:07:12","guid":{"rendered":"https:\/\/www.europesays.com\/pl\/362485\/"},"modified":"2026-04-13T05:07:12","modified_gmt":"2026-04-13T05:07:12","slug":"tak-dalej-byc-nie-moze-beda-spore-zmiany-w-polskich-skokach","status":"publish","type":"post","link":"https:\/\/www.europesays.com\/pl\/362485\/","title":{"rendered":"Tak dalej by\u0107 nie mo\u017ce. B\u0119d\u0105 spore zmiany w polskich skokach"},"content":{"rendered":"<p>G\u0142\u00f3wne przes\u0142anie, kt\u00f3re wybrzmiewa dzi\u015b od najwa\u017cniejszych ludzi z PZN, brzmi w przybli\u017ceniu tak: o s\u0142abym wyniku w P\u015a decydowa\u0142y kwestie sprz\u0119towe. Tyle \u017ce im g\u0142\u0119biej wchodzimy w te wypowiedzi, tym wyra\u017aniej wida\u0107, \u017ce to tylko cz\u0119\u015b\u0107 prawdy.<\/p>\n<p class=\"Paragraph_desktopParagraph__U31Gm\">To, \u017ce sezon 2025\/26 by\u0142 dla naszych skok\u00f3w pe\u0142en kontrast\u00f3w, wiedz\u0105 wszyscy. Z igrzysk we W\u0142oszech przywie\u017ali\u015bmy trzy medale, natomiast w zawodach pucharowych zawodnikom brakowa\u0142o stabilno\u015bci, a wyniki pozostawa\u0142y dalekie od oczekiwa\u0144.<\/p>\n<p class=\"Paragraph_desktopParagraph__U31Gm\">\u2014 Na pewno ten czas by\u0142 pe\u0142en skrajnych emocji, takich od g\u00f3ry do do\u0142u. Mieli\u015bmy bardzo dobre igrzyska, ale jednak znacznie s\u0142abszy Puchar \u015awiata \u2014 m\u00f3wi\u0142 nam w Zakopanem trener kadry narodowej Maciej Maciusiak. \u2014 Jestem dumny z tego, \u017ce zrealizowali\u015bmy najwa\u017cniejszy cel, czyli medal olimpijski. Od pocz\u0105tku zak\u0142adali\u015bmy walk\u0119 o podium we W\u0142oszech. Wiedzieli\u015bmy, \u017ce b\u0119dzie trudno, ale to si\u0119 uda\u0142o. Druga wa\u017cna rzecz to stworzenie na nowo dru\u017cyny, kt\u00f3ra by\u0142a razem zar\u00f3wno w momentach zwyci\u0119stw, jak i pora\u017cek \u2014 przyzna\u0142.<\/p>\n<p>Teoria stu na godzin\u0119 <\/p>\n<p class=\"Paragraph_desktopParagraph__U31Gm\">Maciusiak stwierdzi\u0142, \u017ce s\u0105 ju\u017c konkretne wnioski dotycz\u0105ce tego, dlaczego nie sz\u0142o w P\u015a. \u2014 By\u0142a to kwestia cierpliwo\u015bci i strategii \u2014 analizowa\u0142. \u2014 Przed igrzyskami widzieli\u015bmy, jakim sprz\u0119tem dysponuj\u0105 rywale. My byli\u015bmy bardziej zachowawczy, licz\u0105c na to, \u017ce kontrola podczas igrzysk b\u0119dzie bardziej restrykcyjna i to si\u0119 potwierdzi\u0142o, a nam pomog\u0142o. Mo\u017cna to por\u00f3wna\u0107 do sytuacji z ograniczeniem pr\u0119dko\u015bci do 100 km na godz.. Inni d\u0142ugo jechali 120, a my trzymali\u015bmy si\u0119 oko\u0142o 95. W Predazzo wszystko si\u0119 wyr\u00f3wna\u0142o, bo kontrola si\u0119 zaostrzy\u0142a. Natomiast po rywalizacji olimpijskiej znowu zacz\u0119\u0142o si\u0119 to rozje\u017cd\u017ca\u0107, i to jeszcze bardziej ni\u017c wcze\u015bniej \u2014 t\u0142umaczy\u0142 nam trener.<\/p>\n<p class=\"Paragraph_desktopParagraph__U31Gm\">W podobnym tonie o sprz\u0119cie wypowiada si\u0119 tak\u017ce prezes PZN Adam Ma\u0142ysz, cho\u0107 jednocze\u015bnie stara si\u0119 ten obraz uzupe\u0142ni\u0107. Zapytany w rozmowie z Wesz\u0142o \u2014 nawi\u0105zuj\u0105c do pytania Jakuba Kota o to, czy nawet tacy zawodnicy jak Antti Aalto oraz Hektor Kapustik dysponowali lepszymi kombinezonami \u2014 nasz wybitny skoczek odpowiedzia\u0142: \u2014 Pewnie je mieli. Ale to nie tylko kwestia sprz\u0119tu. To powi\u0105zanie sprz\u0119tu z technik\u0105, bo samo odbicie na progu mamy wed\u0142ug mnie jedno z najlepszych na \u015bwiecie. Tylko w wielu przypadkach zapominamy o pierwszej fazie, o samym locie. Je\u015bli nie jeste\u015bmy w\u0142a\u015bciwie nakr\u0119ceni, je\u017celi pozycja dojazdowa jest za ma\u0142o aktywna, to sam kombinezon te\u017c ci nie pomo\u017ce. Tu wszystko musi gra\u0107 jako ca\u0142o\u015b\u0107 \u2014 m\u00f3wi\u0142 Ma\u0142ysz.<\/p>\n<p><img decoding=\"async\" class=\"Image_image__0tuHp Image_autoHeight__f2n87 \" height=\"587\" width=\"882\" src=\"https:\/\/www.europesays.com\/pl\/wp-content\/uploads\/2026\/04\/s5kk9kpTURBXy82ODA2NDc1NjljNDg1YzRmYzFjOGZkMDM2MGU2ODk3ZS5qcGeSlQLNA6wAwsOVAgDNAkvCw94AA6EwAaExAaEzw.jpeg\" alt=\"Adam Ma\u0142ysz\" loading=\"lazy\" \/>Kai Taller \/ newspix.pl<\/p>\n<p>Adam Ma\u0142ysz<\/p>\n<p class=\"Paragraph_desktopParagraph__U31Gm\">Te s\u0142owa s\u0105 istotne, bo pokazuj\u0105, \u017ce cho\u0107 narracja o sprz\u0119cie dominuje, to wewn\u0105trz \u015brodowiska nikt nie ma w\u0105tpliwo\u015bci, \u017ce problem jest szerszy. Sprz\u0119t mo\u017ce pom\u00f3c, ale nie zast\u0105pi jako\u015bci technicznej.<\/p>\n<p>Co dalej z Maciusiakiem? <\/p>\n<p class=\"Paragraph_desktopParagraph__U31Gm\">Naturaln\u0105 konsekwencj\u0105 tych rozwa\u017ca\u0144 jest pytanie o przysz\u0142o\u015b\u0107 sztabu i tego, czy Maciej Maciusiak pozostanie na stanowisku? \u2014 My\u015bl\u0119, \u017ce tak \u2014 odpowiada\u0142 w tej samej rozmowie prezes PZN. \u2014 To nie jest tylko moja decyzja, ale ca\u0142ego zarz\u0105du. Analizujemy wszystko, co by\u0142o dobre, a co z\u0142e. Pami\u0119tajmy, \u017ce g\u0142\u00f3wny cel zosta\u0142 zrealizowany. Trener zdoby\u0142 trzy medale igrzysk \u2014 doda\u0142 Ma\u0142ysz.<\/p>\n<p class=\"Paragraph_desktopParagraph__U31Gm\">W sezonie Maciusiak m\u00f3g\u0142 przeczyta\u0107 o sobie sporo niepochlebnych opinii. \u2014 Nie mam nic przeciw, kiedy krytyka idzie od kibic\u00f3w i dziennikarzy. To cz\u0119\u015b\u0107 sportu. Gorzej, kiedy pojawia si\u0119 ze \u015brodowiska i od ludzi, kt\u00f3rzy znaj\u0105 realia. My si\u0119 na nikogo nie zamykamy. Je\u015bli kto\u015b ma inne pomys\u0142y, zawsze jeste\u015bmy gotowi go wys\u0142ucha\u0107 \u2014 zaznacza\u0142.<\/p>\n<p class=\"Paragraph_desktopParagraph__U31Gm\">Jak dodaje, kluczowe w trudnych momentach by\u0142o utrzymanie jedno\u015bci w dru\u017cynie. \u2013 Du\u017co si\u0142y dawa\u0142o to, \u017ce byli\u015bmy razem. Nawet po s\u0142abych wyst\u0119pach, kiedy cz\u0142owiek nie mia\u0142 ochoty na nic, przychodzi\u0142 kolejny dzie\u0144 i wzajemnie si\u0119 wspierali\u015bmy. Tak by\u0142o do ko\u0144ca. Trudnych decyzji personalnych by\u0142o sporo. Ale od pocz\u0105tku jasno okre\u015blili\u015bmy zasady: na zawody je\u017cd\u017c\u0105 najlepsi na dany moment. Starali\u015bmy si\u0119 przez ca\u0142y sezon wystawia\u0107 najmocniejszy sk\u0142ad \u2013 wyja\u015bnia\u0142 rotacje, odsuni\u0119cia i powroty, jak w przypadku Piotra \u017by\u0142y czy Dawida Kubackiego.<\/p>\n<p class=\"Paragraph_desktopParagraph__U31Gm\">\u2014 A co z trenera kontraktem? \u2014 zapytali\u015bmy. \u2014 Nie mia\u0142em kontraktu, jestem zatrudniony na umow\u0119 o prac\u0119. Co dalej? Rozmawiamy, ale na ten moment nie jestem zobowi\u0105zany, \u017ceby o tym m\u00f3wi\u0107 \u2014 uci\u0105\u0142 temat szkoleniowiec.<\/p>\n<p><img decoding=\"async\" class=\"Image_image__0tuHp Image_autoHeight__f2n87 \" height=\"587\" width=\"650\" src=\"https:\/\/www.europesays.com\/pl\/wp-content\/uploads\/2026\/04\/vsIk9kpTURBXy85MGRmYTczZDQwNzk5OGJhZTEzYThlODliNTMxYThjMS5qcGeTlQPNBBoAzQlhzQh2lQLNA6wAwsOVAgDNAkvCw.jpeg\" alt=\"Stefan Horngacher, Apoloniusz Tajner i Maciej Maciusiak w 2016 r.\" loading=\"lazy\" \/>Grzegorz Momot \/ PAP<\/p>\n<p>Stefan Horngacher, Apoloniusz Tajner i Maciej Maciusiak w 2016 r.<\/p>\n<p class=\"Paragraph_desktopParagraph__U31Gm\">Prezes PZN ju\u017c wcze\u015bniej zapowiada\u0142, \u017ce kluczowe decyzje zapadn\u0105 do 24 kwietnia. Nie chodzi jednak wy\u0142\u0105cznie o przysz\u0142o\u015b\u0107 trenera, ale o znacznie szersz\u0105 zmian\u0119 i renowacj\u0119 systemu. W przestrzeni medialnej m\u00f3wi si\u0119 o powrocie Stefana Horngachera. Austriak po odej\u015bciu z funkcji trenera reprezentacji Niemiec mia\u0142by obj\u0105\u0107 w Polsce rol\u0119 dyrektora sportowego. Temat ten wyp\u0142yn\u0105\u0142 ju\u017c w dniu zako\u0144czenia sezonu, gdy Jakub Balcerski poinformowa\u0142 o nim w programie TVP Sport. Sam Ma\u0142ysz nie zaprzecza, ale te\u017c na razie nie chce tego potwierdza\u0107.<\/p>\n<p>Celem stworzenie systemu <\/p>\n<p class=\"Paragraph_desktopParagraph__U31Gm\">Jednocze\u015bnie jego wypowiedzi wskazuj\u0105, \u017ce ewentualny powr\u00f3t Horngachera nie by\u0142by jedynie zmian\u0105 personaln\u0105, lecz elementem wi\u0119kszego projektu. \u2014 Chodzi o ca\u0142e zaplecze, sprz\u0119t i innowacje. Nie chc\u0119 m\u00f3wi\u0107 o nazwiskach, dop\u00f3ki nie b\u0119d\u0119 mia\u0142 pewno\u015bci, \u017ce jeste\u015bmy w stanie to wdro\u017cy\u0107 \u2014 t\u0142umaczy\u0142 Ma\u0142ysz.<\/p>\n<p class=\"Paragraph_desktopParagraph__U31Gm\">To istotny sygna\u0142. Je\u015bli rzeczywi\u015bcie Horngacher mia\u0142by wr\u00f3ci\u0107 do Polski, to ju\u017c nie jako klasyczny trener kadry, lecz architekt ca\u0142o\u015bci odpowiedzialny za kierunek rozwoju, wsp\u00f3\u0142prac\u0119 sztab\u00f3w i zaplecze technologiczne. W tym kontek\u015bcie coraz cz\u0119\u015bciej pojawia si\u0119 tak\u017ce nazwisko Michala Dole\u017eala. Czech, kt\u00f3ry wsp\u00f3\u0142pracowa\u0142 ze sztabem Maciusiaka i indywidualnie z Kamilem Stochem, r\u00f3wnie\u017c mo\u017ce by\u0107 cz\u0119\u015bci\u0105 nowego uk\u0142adu. Sam zainteresowany te\u017c nie odkrywa jednak jeszcze kart.<\/p>\n<p class=\"Paragraph_desktopParagraph__U31Gm\">Taki zestaw nazwisk nie by\u0142by przypadkowy. Austriak, kt\u00f3ry w Polsce odnosi\u0142 sukcesy, by\u0142by &#8222;g\u0142ow\u0105&#8221; systemu, a Dole\u017eal jako jego wsp\u00f3\u0142pracownik i Maciusiak jako trener pierwszej kadry to wariant, kt\u00f3ry m\u00f3g\u0142by po\u0142\u0105czy\u0107 do\u015bwiadczenie z ci\u0105g\u0142o\u015bci\u0105 pracy. Mo\u017cna sobie wyobrazi\u0107 i taki scenariusz, \u017ce ten ostatni pozostaje na stanowisku trenera przy jednoczesnym nadzorze dyrektora sportowego.<\/p>\n<p class=\"Paragraph_desktopParagraph__U31Gm\">Je\u017celi zmiany rzeczywi\u015bcie dojd\u0105 do skutku, polskie skoki mog\u0105 odzyska\u0107 blask ze z\u0142otej ery Horngachera. Wtedy nie musieliby\u015bmy pewnie dr\u017ce\u0107 o przysz\u0142o\u015b\u0107 Tomasiaka, a mo\u017ce i pozostali skoczkowie wr\u00f3ciliby na \u015bwiatowy poziom.<\/p>\n","protected":false},"excerpt":{"rendered":"G\u0142\u00f3wne przes\u0142anie, kt\u00f3re wybrzmiewa dzi\u015b od najwa\u017cniejszych ludzi z PZN, brzmi w przybli\u017ceniu tak: o s\u0142abym wyniku w&hellip;\n","protected":false},"author":2,"featured_media":362486,"comment_status":"","ping_status":"","sticky":false,"template":"","format":"standard","meta":{"footnotes":"","_share_on_mastodon":"0"},"categories":[52122],"tags":[4685,56,67,14477,53,56812,52,68,51,55,6010,752,42,38,40,39,41,15136,24782,47,1874,127,28488,50],"class_list":["post-362485","post","type-post","status-publish","format-standard","has-post-thumbnail","category-pko-bank-polski","tag-adam_malysz_sportowiec","tag-article_premium","tag-intextvideo_splayer","tag-maciej_maciusiak","tag-new_header","tag-newbb_tst0","tag-onet3","tag-onet3d","tag-onet3d_2i","tag-phx","tag-pko-bank-polski","tag-pko-bp","tag-pl","tag-poland","tag-polish","tag-polska","tag-polski","tag-polski_zwiazek_narciarski","tag-pzn","tag-screening_general","tag-skoki_narciarskie","tag-sport","tag-stefan_horngacher","tag-v2021"],"share_on_mastodon":{"url":"https:\/\/pubeurope.com\/@pl\/116395668431666465","error":""},"_links":{"self":[{"href":"https:\/\/www.europesays.com\/pl\/wp-json\/wp\/v2\/posts\/362485","targetHints":{"allow":["GET"]}}],"collection":[{"href":"https:\/\/www.europesays.com\/pl\/wp-json\/wp\/v2\/posts"}],"about":[{"href":"https:\/\/www.europesays.com\/pl\/wp-json\/wp\/v2\/types\/post"}],"author":[{"embeddable":true,"href":"https:\/\/www.europesays.com\/pl\/wp-json\/wp\/v2\/users\/2"}],"replies":[{"embeddable":true,"href":"https:\/\/www.europesays.com\/pl\/wp-json\/wp\/v2\/comments?post=362485"}],"version-history":[{"count":0,"href":"https:\/\/www.europesays.com\/pl\/wp-json\/wp\/v2\/posts\/362485\/revisions"}],"wp:featuredmedia":[{"embeddable":true,"href":"https:\/\/www.europesays.com\/pl\/wp-json\/wp\/v2\/media\/362486"}],"wp:attachment":[{"href":"https:\/\/www.europesays.com\/pl\/wp-json\/wp\/v2\/media?parent=362485"}],"wp:term":[{"taxonomy":"category","embeddable":true,"href":"https:\/\/www.europesays.com\/pl\/wp-json\/wp\/v2\/categories?post=362485"},{"taxonomy":"post_tag","embeddable":true,"href":"https:\/\/www.europesays.com\/pl\/wp-json\/wp\/v2\/tags?post=362485"}],"curies":[{"name":"wp","href":"https:\/\/api.w.org\/{rel}","templated":true}]}}