{"id":362530,"date":"2026-04-13T05:47:34","date_gmt":"2026-04-13T05:47:34","guid":{"rendered":"https:\/\/www.europesays.com\/pl\/362530\/"},"modified":"2026-04-13T05:47:34","modified_gmt":"2026-04-13T05:47:34","slug":"prezydent-krakowa-pozywa-dziennikarzy-poszlo-o-premie","status":"publish","type":"post","link":"https:\/\/www.europesays.com\/pl\/362530\/","title":{"rendered":"Prezydent Krakowa pozywa dziennikarzy. Posz\u0142o o premie"},"content":{"rendered":"<p class=\"Paragraph_desktopParagraph__U31Gm\">Sp\u00f3r wok\u00f3\u0142 wysokich premii w miejskich sp\u00f3\u0142kach wchodzi na drog\u0119 s\u0105dow\u0105. Prezydent Krakowa Aleksander Miszalski zdecydowa\u0142 si\u0119 na pozew przeciwko autorom publikacji dotycz\u0105cych wynagrodze\u0144 zmiennych wyp\u0142aconych za 2024 r.<\/p>\n<p class=\"Paragraph_desktopParagraph__U31Gm\">W sobot\u0119 rano prezydent Miszalski poinformowa\u0142 w mediach spo\u0142eczno\u015bciowych o podj\u0119ciu krok\u00f3w prawnych. \u2014 &#8222;Z\u0142o\u017cy\u0142em pozew o naruszenie moich d\u00f3br osobistych i \u2014 w zwi\u0105zku z oczywistym znies\u0142awieniem \u2014 skierowa\u0142em r\u00f3wnie\u017c prywatny akt oskar\u017cenia oraz uruchomi\u0142em \u015bcie\u017ck\u0119 karn\u0105&#8221; \u2014 przekaza\u0142. Doda\u0142 r\u00f3wnie\u017c, \u017ce osoby publikuj\u0105ce krytyczne materia\u0142y b\u0119d\u0105 musia\u0142y broni\u0107 swoich racji przed s\u0105dem, je\u015bli nie zdecyduj\u0105 si\u0119 na sprostowanie.<\/p>\n<p class=\"Paragraph_desktopParagraph__U31Gm\">Prezydent podkre\u015bla, \u017ce w przestrzeni publicznej pojawi\u0142y si\u0119 \u2014 jego zdaniem \u2014 nieprawdziwe sugestie, jakoby to on odpowiada\u0142 za przyznanie premii za 2024 r. Zaznacza, \u017ce decyzje w tej sprawie zapad\u0142y wcze\u015bniej, bo w 2023 r.<\/p>\n<p class=\"Paragraph_desktopParagraph__U31Gm\">Sprawa dotyczy wynagrodze\u0144 zmiennych dla zarz\u0105d\u00f3w dziewi\u0119ciu miejskich sp\u00f3\u0142ek. \u0141\u0105czna kwota wyp\u0142at si\u0119ga blisko 3 mln z\u0142 brutto. W wielu przypadkach pojedyncze premie przekracza\u0142y 100 tys. z\u0142, mimo \u017ce miesi\u0119czne pensje mened\u017cer\u00f3w wynosz\u0105 kilkadziesi\u0105t tysi\u0119cy z\u0142otych.<\/p>\n<p class=\"Paragraph_desktopParagraph__U31Gm\">Najwy\u017csze bonusy trafi\u0142y do szef\u00f3w kluczowych sp\u00f3\u0142ek komunalnych, w tym wodoci\u0105g\u00f3w, przedsi\u0119biorstwa ciep\u0142owniczego oraz sp\u00f3\u0142ki odpowiedzialnej za oczyszczanie miasta. Wysokie premie otrzymali tak\u017ce przedstawiciele innych podmiot\u00f3w, m.in. transportu miejskiego czy zarz\u0105dzaj\u0105cych du\u017cymi inwestycjami infrastrukturalnymi.<\/p>\n<p class=\"Paragraph_desktopParagraph__U31Gm\">Dane o wyp\u0142atach ujawniono dzi\u0119ki interpelacji radnego \u0141ukasza Giba\u0142y, kt\u00f3ry zwr\u00f3ci\u0142 si\u0119 do w\u0142adz miasta o szczeg\u00f3\u0142owe informacje. Z przekazanego zestawienia wynika, \u017ce premie obj\u0119\u0142y \u0142\u0105cznie kilkadziesi\u0105t os\u00f3b na najwy\u017cszych stanowiskach w sp\u00f3\u0142kach miejskich.<\/p>\n<p class=\"Paragraph_desktopParagraph__U31Gm\">W\u0142adze miasta t\u0142umacz\u0105, \u017ce wynagrodzenia zmienne s\u0105 elementem systemu p\u0142ac i przys\u0142uguj\u0105 po spe\u0142nieniu okre\u015blonych warunk\u00f3w, takich jak zatwierdzenie sprawozda\u0144 finansowych. Zgodnie z obowi\u0105zuj\u0105cymi zasadami ich wysoko\u015b\u0107 nie mo\u017ce przekroczy\u0107 okre\u015blonego procentu rocznego wynagrodzenia podstawowego.<\/p>\n<p>Spraw\u0119 rozstrzygnie s\u0105d <\/p>\n<p class=\"Paragraph_desktopParagraph__U31Gm\">Autorzy publikacji nie zamierzaj\u0105 si\u0119 wycofa\u0107. Podtrzymuj\u0105 swoje ustalenia i zapowiadaj\u0105, \u017ce nie opublikuj\u0105 przeprosin ani nie usun\u0105 materia\u0142\u00f3w. Podkre\u015blaj\u0105, \u017ce opieraj\u0105 si\u0119 na oficjalnych danych przekazanych przez urz\u0105d.<\/p>\n<p class=\"Paragraph_desktopParagraph__U31Gm\">Ca\u0142a sprawa wywo\u0142uje du\u017ce emocje, r\u00f3wnie\u017c w kontek\u015bcie finans\u00f3w miasta. Zad\u0142u\u017cenie Krakowa si\u0119ga miliard\u00f3w z\u0142otych, co dodatkowo wzmacnia debat\u0119 o zasadno\u015bci wysokich premii w sp\u00f3\u0142kach komunalnych.<\/p>\n","protected":false},"excerpt":{"rendered":"Sp\u00f3r wok\u00f3\u0142 wysokich premii w miejskich sp\u00f3\u0142kach wchodzi na drog\u0119 s\u0105dow\u0105. Prezydent Krakowa Aleksander Miszalski zdecydowa\u0142 si\u0119 na&hellip;\n","protected":false},"author":2,"featured_media":362531,"comment_status":"","ping_status":"","sticky":false,"template":"","format":"standard","meta":{"footnotes":"","_share_on_mastodon":"0"},"categories":[51606],"tags":[244,561,1304,368,53,52,68,51,55,42,38,40,39,41,47,50,26],"class_list":["post-362530","post","type-post","status-publish","format-standard","has-post-thumbnail","category-krakow","tag-ctr_tst","tag-kch","tag-krakow","tag-krakowdlawas","tag-new_header","tag-onet3","tag-onet3d","tag-onet3d_2i","tag-phx","tag-pl","tag-poland","tag-polish","tag-polska","tag-polski","tag-screening_general","tag-v2021","tag-wiadomosci"],"share_on_mastodon":{"url":"https:\/\/pubeurope.com\/@pl\/116395825054006228","error":""},"_links":{"self":[{"href":"https:\/\/www.europesays.com\/pl\/wp-json\/wp\/v2\/posts\/362530","targetHints":{"allow":["GET"]}}],"collection":[{"href":"https:\/\/www.europesays.com\/pl\/wp-json\/wp\/v2\/posts"}],"about":[{"href":"https:\/\/www.europesays.com\/pl\/wp-json\/wp\/v2\/types\/post"}],"author":[{"embeddable":true,"href":"https:\/\/www.europesays.com\/pl\/wp-json\/wp\/v2\/users\/2"}],"replies":[{"embeddable":true,"href":"https:\/\/www.europesays.com\/pl\/wp-json\/wp\/v2\/comments?post=362530"}],"version-history":[{"count":0,"href":"https:\/\/www.europesays.com\/pl\/wp-json\/wp\/v2\/posts\/362530\/revisions"}],"wp:featuredmedia":[{"embeddable":true,"href":"https:\/\/www.europesays.com\/pl\/wp-json\/wp\/v2\/media\/362531"}],"wp:attachment":[{"href":"https:\/\/www.europesays.com\/pl\/wp-json\/wp\/v2\/media?parent=362530"}],"wp:term":[{"taxonomy":"category","embeddable":true,"href":"https:\/\/www.europesays.com\/pl\/wp-json\/wp\/v2\/categories?post=362530"},{"taxonomy":"post_tag","embeddable":true,"href":"https:\/\/www.europesays.com\/pl\/wp-json\/wp\/v2\/tags?post=362530"}],"curies":[{"name":"wp","href":"https:\/\/api.w.org\/{rel}","templated":true}]}}