{"id":363162,"date":"2026-04-13T12:14:06","date_gmt":"2026-04-13T12:14:06","guid":{"rendered":"https:\/\/www.europesays.com\/pl\/363162\/"},"modified":"2026-04-13T12:14:06","modified_gmt":"2026-04-13T12:14:06","slug":"warszawa-wschodnia-pkp-intercity-chca-opoznienia-przebudowy","status":"publish","type":"post","link":"https:\/\/www.europesays.com\/pl\/363162\/","title":{"rendered":"Warszawa Wschodnia: PKP Intercity chc\u0105 op\u00f3\u017anienia przebudowy?"},"content":{"rendered":"<p>Prezes PKP Intercity mia\u0142 zabiega\u0107 w PKP SA o to, by podczas modernizacji stacji Warszawa Wschodnia by\u0142a ona w wi\u0119kszym zakresie dost\u0119pna dla poci\u0105g\u00f3w dalekobie\u017cnych. W przeciwnym razie postulowa\u0142, by inwestycja rozpocz\u0119\u0142a si\u0119 nie w grudniu bie\u017c\u0105cego roku, ale a\u017c o rok p\u00f3\u017aniej \u2013 twierdzi sto\u0142eczna \u201eGazeta Wyborcza\u201d. Przewo\u017anik obawia si\u0119, \u017ce obecnie zak\u0142adany harmonogram zdezorganizuje ruch w ca\u0142ym kraju. <\/p>\n<p>W oficjalnym pi\u015bmie PKP Intercity, na kt\u00f3re powo\u0142uje si\u0119 dziennikarz \u201eWyborczej\u201d Jaros\u0142aw Osowski, prezes przewo\u017anika Janusz Malinowski mia\u0142 sprzeciwia\u0107 si\u0119 ca\u0142kowitemu zamkni\u0119ciu stacji na czas prac dla przewoz\u00f3w dalekobie\u017cnych. Wed\u0142ug szefa przewo\u017anika konsekwencj\u0105 b\u0119d\u0105 rozlewaj\u0105ce si\u0119 na ca\u0142\u0105 Polsk\u0119 utrudnienia w ruchu (wynikaj\u0105ce nie tyko z op\u00f3\u017anie\u0144 i zbyt ma\u0142ej przepustowo\u015bci trasy objazdowej przez stacj\u0119 Warszawa Gda\u0144ska, ale tak\u017ce z odci\u0119cia najprostszej drogi dojazdu do zaplecza na Olszynce Grochowskiej). To z kolei grozi gwa\u0142townym spadkiem liczby pasa\u017cer\u00f3w.<\/p>\n<p>Prezes Malinowski mia\u0142 proponowa\u0107 w omawianym li\u015bcie opracowanie nowej organizacji ruchu na czas modernizacji Warszawy Wschodniej. G\u0142\u00f3wn\u0105 zmian\u0105 mia\u0142oby by\u0107 pozostawienie cho\u0107by ograniczonej mo\u017cliwo\u015bci przejazdu poci\u0105g\u00f3w dalekobie\u017cnych przez odcinek Warszawa Centralna \u2013 Warszawa Wschodnia.<\/p>\n<p>Szef PKP Intercity mia\u0142 te\u017c zasugerowa\u0107 przesuni\u0119cie terminu rozpocz\u0119cia prac o rok \u2013 z grudnia 2026 na grudzie\u0144 2027 r. Pytany przez \u201eWyborcz\u0105\u201d rzecznik przewo\u017anika Micha\u0142 Wrzosek z\u0142agodzi\u0142 t\u0119 wypowied\u017a m\u00f3wi\u0105c, \u017ce chodzi\u0142o tylko o przyk\u0142adowy termin, kt\u00f3rego wymaga\u0142oby prowadzenie prac wed\u0142ug obecnie planowanej organizacji (bez wjazdu dla poci\u0105g\u00f3w dalekobie\u017cnych).<\/p>\n<p>Wed\u0142ug obowi\u0105zuj\u0105cego (przynajmniej na razie) harmonogramu modernizacja Warszawy Wschodniej ma rozpocz\u0105\u0107 si\u0119 w grudniu 2026 r., a zako\u0144czy\u0107 w roku 2029. Na lata 2031-2035 przewidziano za\u015b <a href=\"https:\/\/www.rynek-kolejowy.pl\/wiadomosci\/plk-przebudowa-srednicy-w-warszawie-od-2031-do-2035-r\u2014126660.html\" target=\"_blank\" rel=\"nofollow noopener\">prace na \u015brodkowym odcinku linii \u015brednicowej<\/a>. Mo\u017cna domy\u015bla\u0107 si\u0119, ze ewentualne przesuni\u0119cie doprowadzi\u0142oby do op\u00f3\u017anienia tak\u017ce pocz\u0105tku tej ostatniej inwestycji. Podobnie, na zasadzie domina, mog\u0142oby si\u0119 sta\u0107 z rozwa\u017can\u0105 budow\u0105 <a href=\"https:\/\/www.rynek-kolejowy.pl\/wiadomosci\/plk-zapowiada-rewolucje-w-warszawie-bedzie-nowa-linia-srednicowa-126654.html\" target=\"_blank\" rel=\"nofollow noopener\">nowej, biegn\u0105cej poziom ni\u017cej pary tor\u00f3w pod \u015brednic\u0105<\/a>. Warto przypomnie\u0107, \u017ce <a href=\"https:\/\/www.transport-publiczny.pl\/wiadomosci\/warszawa-srednica-za-10-mld-zl-zmiany-w-projekcie-87649.html\" target=\"_blank\" rel=\"nofollow noopener\">nie by\u0142oby to pierwsze przesuni\u0119cie<\/a> modernizacji linii \u015brednicowej w ostatnich latach.<\/p>\n<p>Przebudowa stacji Warszawa Wschodnia ma by\u0107 kolejnym etapem modernizacji warszawskiej linii \u015brednicowej. Ogromny przetarg na modernizacj\u0119 stacji <a href=\"https:\/\/www.rynek-kolejowy.pl\/wiadomosci\/plk-rusza-przetarg-na-warszawe-wschodnia-124502.html\" target=\"_blank\" rel=\"nofollow noopener\">og\u0142oszono w sierpniu ubieg\u0142ego roku<\/a>. W lutym br. PKP PLK poinformowa\u0142y, \u017ce <a href=\"https:\/\/www.rynek-kolejowy.pl\/wiadomosci\/torpol-ma-przebudowac-warszawe-wschodnia-za-365-mld-zlotych-126842.html\" target=\"_blank\" rel=\"nofollow noopener\">za najkorzystniejsz\u0105 uznano ofert\u0119 z\u0142o\u017con\u0105 przez Torpol<\/a> (3,635 mld z\u0142 brutto).<\/p>\n<p>Sama Warszawa Wschodnia ma przej\u015b\u0107 metamorfoz\u0119 podobn\u0105 do tej, kt\u00f3ra w latach 2021-2025 sta\u0142a si\u0119 udzia\u0142em <a href=\"https:\/\/www.rynek-kolejowy.pl\/wiadomosci\/warszawa-zachodnia-gotowa-dworzec-na-miare-ambicji-kolei-125731.html\" target=\"_blank\" rel=\"nofollow noopener\">Warszawy Zachodniej<\/a>. Nad ca\u0142o\u015bci\u0105 peron\u00f3w \u2013 podwy\u017cszonych i zmodernizowanych \u2013 powstanie zadaszenie. Nowa estakada o d\u0142ugo\u015bci ponad 1,5 km pozwoli na bezkolizyjny wyjazd ze stacji w kierunku Gda\u0144ska. W zakres inwestycji wejdzie te\u017c przebudowa peron\u00f3w na przystanku Stadion (znajd\u0105 si\u0119 tam tymczasowe przystanki dla ruchu dalekobie\u017cnego).<\/p>\n","protected":false},"excerpt":{"rendered":"Prezes PKP Intercity mia\u0142 zabiega\u0107 w PKP SA o to, by podczas modernizacji stacji Warszawa Wschodnia by\u0142a ona&hellip;\n","protected":false},"author":2,"featured_media":363163,"comment_status":"","ping_status":"","sticky":false,"template":"","format":"standard","meta":{"footnotes":"","_share_on_mastodon":"0"},"categories":[51605],"tags":[18039,1201,1205,1203,42108,63961,63960,1200,1195,2801,42,38,40,39,41,63963,63962,1202,1204,1206,4801,435,42107],"class_list":["post-363162","post","type-post","status-publish","format-standard","has-post-thumbnail","category-warszawa","tag-harmonogram","tag-intercity","tag-kolej","tag-koleje-mazowieckie","tag-linia-srednicowa","tag-modernizacja-linii-srednicowej","tag-modernizacja-stacji","tag-pkp","tag-pkp-intercity","tag-pkp-plk","tag-pl","tag-poland","tag-polish","tag-polska","tag-polski","tag-przebudowa-linii-srednicowej","tag-przebudowa-stacji","tag-przewozy-regionalne","tag-rozklady-jazdy-pkp","tag-rynek-kolejowy","tag-torpol","tag-warszawa","tag-warszawa-wschodnia"],"share_on_mastodon":{"url":"https:\/\/pubeurope.com\/@pl\/116397346964425363","error":""},"_links":{"self":[{"href":"https:\/\/www.europesays.com\/pl\/wp-json\/wp\/v2\/posts\/363162","targetHints":{"allow":["GET"]}}],"collection":[{"href":"https:\/\/www.europesays.com\/pl\/wp-json\/wp\/v2\/posts"}],"about":[{"href":"https:\/\/www.europesays.com\/pl\/wp-json\/wp\/v2\/types\/post"}],"author":[{"embeddable":true,"href":"https:\/\/www.europesays.com\/pl\/wp-json\/wp\/v2\/users\/2"}],"replies":[{"embeddable":true,"href":"https:\/\/www.europesays.com\/pl\/wp-json\/wp\/v2\/comments?post=363162"}],"version-history":[{"count":0,"href":"https:\/\/www.europesays.com\/pl\/wp-json\/wp\/v2\/posts\/363162\/revisions"}],"wp:featuredmedia":[{"embeddable":true,"href":"https:\/\/www.europesays.com\/pl\/wp-json\/wp\/v2\/media\/363163"}],"wp:attachment":[{"href":"https:\/\/www.europesays.com\/pl\/wp-json\/wp\/v2\/media?parent=363162"}],"wp:term":[{"taxonomy":"category","embeddable":true,"href":"https:\/\/www.europesays.com\/pl\/wp-json\/wp\/v2\/categories?post=363162"},{"taxonomy":"post_tag","embeddable":true,"href":"https:\/\/www.europesays.com\/pl\/wp-json\/wp\/v2\/tags?post=363162"}],"curies":[{"name":"wp","href":"https:\/\/api.w.org\/{rel}","templated":true}]}}