{"id":363361,"date":"2026-04-13T14:02:11","date_gmt":"2026-04-13T14:02:11","guid":{"rendered":"https:\/\/www.europesays.com\/pl\/363361\/"},"modified":"2026-04-13T14:02:11","modified_gmt":"2026-04-13T14:02:11","slug":"duze-utrudnienia-kolejowe-pod-warszawa-sprawdz-co-sie-zmieni","status":"publish","type":"post","link":"https:\/\/www.europesays.com\/pl\/363361\/","title":{"rendered":"Du\u017ce utrudnienia kolejowe pod Warszaw\u0105. Sprawd\u017a, co si\u0119 zmieni"},"content":{"rendered":"<p class=\"Paragraph_desktopParagraph__U31Gm\">W zwi\u0105zku z realizacj\u0105 kolejnych etap\u00f3w inwestycji na linii Warszawskiej Kolei Dojazdowej, w dniach 18-19 kwietnia 2026 roku wprowadzona zostanie tymczasowa organizacja ruchu poci\u0105g\u00f3w. Prace obejmuj\u0105 m.in. przebudow\u0119 systemu sterowania ruchem kolejowym na odcinku Podkowa Le\u015bna G\u0142\u00f3wna \u2014 Warszawa \u015ar\u00f3dmie\u015bcie WKD oraz remont tor\u00f3w, w tym wymian\u0119 szyn. Roboty wymagaj\u0105 ca\u0142odobowych zamkni\u0119\u0107 torowych.<\/p>\n<p>Jak pojad\u0105 poci\u0105gi WKD? <\/p>\n<p class=\"Paragraph_desktopParagraph__U31Gm\">Ruch poci\u0105g\u00f3w b\u0119dzie odbywa\u0142 si\u0119 w zmienionych relacjach. Na odcinku Grodzisk Mazowiecki Rado\u0144ska \u2014 Warszawa Aleje Jerozolimskie poci\u0105gi b\u0119d\u0105 kursowa\u0107 co 60 minut, a mi\u0119dzy Komorowem a Alejami Jerozolimskimi ruch w obu kierunkach b\u0119dzie prowadzony po jednym torze.<\/p>\n<p class=\"Paragraph_desktopParagraph__U31Gm\">Na trasie Milan\u00f3wek Grud\u00f3w \u2014 Podkowa Le\u015bna Zachodnia r\u00f3wnie\u017c obowi\u0105zywa\u0107 b\u0119dzie cz\u0119stotliwo\u015b\u0107 co 60 minut. W Podkowie Le\u015bnej Zachodniej zaplanowano przesiadk\u0119 do poci\u0105g\u00f3w jad\u0105cych w kierunku Warszawy \u015ar\u00f3dmie\u015bcie WKD, z czasem oczekiwania oko\u0142o 6 minut.<\/p>\n<p class=\"Paragraph_desktopParagraph__U31Gm\">Najwi\u0119ksze zmiany dotycz\u0105 odcinka Warszawa \u015ar\u00f3dmie\u015bcie WKD \u2014 Warszawa Aleje Jerozolimskie, kt\u00f3ry zostanie ca\u0142kowicie zamkni\u0119ty dla ruchu poci\u0105g\u00f3w. W Alejach Jerozolimskich powstanie punkt przesiadkowy na transport zast\u0119pczy.<\/p>\n<p>Komunikacja zast\u0119pcza i honorowanie bilet\u00f3w WKD <\/p>\n<p class=\"Paragraph_desktopParagraph__U31Gm\">W czasie utrudnie\u0144 bilety WKD b\u0119d\u0105 honorowane w poci\u0105gach Kolei Mazowieckich na odcinku Grodzisk Mazowiecki \u2014 Warszawa \u015ar\u00f3dmie\u015bcie i Warszawa Centralna. Pasa\u017cerowie korzystaj\u0105cy ze wsp\u00f3lnego biletu ZTM-KM-WKD b\u0119d\u0105 mogli podr\u00f3\u017cowa\u0107 poci\u0105gami KM tak\u017ce na odcinku Warszawa \u015ar\u00f3dmie\u015bcie \u2014 Warszawa Ursus Nied\u017awiadek.<\/p>\n<p class=\"Paragraph_desktopParagraph__U31Gm\">Warszawski Transport Publiczny honoruje bilety WKD m.in. w poci\u0105gach SKM (linie S1, S2, S3) oraz w wybranych liniach autobusowych, w tym 717, 127, 517 oraz nocnych N35 i N85. Pasa\u017cerowie rozpoczynaj\u0105cy podr\u00f3\u017c w pojazdach ZTM musz\u0105 samodzielnie wpisa\u0107 dat\u0119 i godzin\u0119 rozpocz\u0119cia przejazdu na bilecie jednorazowym.<\/p>\n<p>Zwroty bilet\u00f3w WKD \u2014 zasady <\/p>\n<p class=\"Paragraph_desktopParagraph__U31Gm\">Podr\u00f3\u017cni, kt\u00f3rzy zrezygnuj\u0105 z przejazdu, mog\u0105 zwr\u00f3ci\u0107 bilety okresowe zakupione najp\u00f3\u017aniej 17 kwietnia 2026 roku. Dotyczy to zar\u00f3wno bilet\u00f3w niewykorzystanych, jak i cz\u0119\u015bciowo wykorzystanych \u2014 bez potr\u0105ce\u0144. Zwrot\u00f3w mo\u017cna dokonywa\u0107 w kasach biletowych, punktach obs\u0142ugi klienta lub drog\u0105 mailow\u0105 \u2014 w zale\u017cno\u015bci od sposobu zakupu biletu.<\/p>\n<p>WKD apeluje do pasa\u017cer\u00f3w <\/p>\n<p class=\"Paragraph_desktopParagraph__U31Gm\">Przewo\u017anik apeluje o wcze\u015bniejsze zapoznanie si\u0119 z organizacj\u0105 ruchu oraz planowanie podr\u00f3\u017cy z uwzgl\u0119dnieniem zmian. Utrudnienia maj\u0105 charakter tymczasowy, ale mog\u0105 znacz\u0105co wyd\u0142u\u017cy\u0107 czas przejazdu.<\/p>\n<p class=\"Paragraph_desktopParagraph__U31Gm\">Red<\/p>\n","protected":false},"excerpt":{"rendered":"W zwi\u0105zku z realizacj\u0105 kolejnych etap\u00f3w inwestycji na linii Warszawskiej Kolei Dojazdowej, w dniach 18-19 kwietnia 2026 roku&hellip;\n","protected":false},"author":2,"featured_media":363362,"comment_status":"","ping_status":"","sticky":false,"template":"","format":"standard","meta":{"footnotes":"","_share_on_mastodon":"0"},"categories":[51605],"tags":[561,53,52,68,51,55,42,38,40,39,41,47,8908,50,435,26],"class_list":["post-363361","post","type-post","status-publish","format-standard","has-post-thumbnail","category-warszawa","tag-kch","tag-new_header","tag-onet3","tag-onet3d","tag-onet3d_2i","tag-phx","tag-pl","tag-poland","tag-polish","tag-polska","tag-polski","tag-screening_general","tag-tu_stolica","tag-v2021","tag-warszawa","tag-wiadomosci"],"share_on_mastodon":{"url":"https:\/\/pubeurope.com\/@pl\/116397771729531679","error":""},"_links":{"self":[{"href":"https:\/\/www.europesays.com\/pl\/wp-json\/wp\/v2\/posts\/363361","targetHints":{"allow":["GET"]}}],"collection":[{"href":"https:\/\/www.europesays.com\/pl\/wp-json\/wp\/v2\/posts"}],"about":[{"href":"https:\/\/www.europesays.com\/pl\/wp-json\/wp\/v2\/types\/post"}],"author":[{"embeddable":true,"href":"https:\/\/www.europesays.com\/pl\/wp-json\/wp\/v2\/users\/2"}],"replies":[{"embeddable":true,"href":"https:\/\/www.europesays.com\/pl\/wp-json\/wp\/v2\/comments?post=363361"}],"version-history":[{"count":0,"href":"https:\/\/www.europesays.com\/pl\/wp-json\/wp\/v2\/posts\/363361\/revisions"}],"wp:featuredmedia":[{"embeddable":true,"href":"https:\/\/www.europesays.com\/pl\/wp-json\/wp\/v2\/media\/363362"}],"wp:attachment":[{"href":"https:\/\/www.europesays.com\/pl\/wp-json\/wp\/v2\/media?parent=363361"}],"wp:term":[{"taxonomy":"category","embeddable":true,"href":"https:\/\/www.europesays.com\/pl\/wp-json\/wp\/v2\/categories?post=363361"},{"taxonomy":"post_tag","embeddable":true,"href":"https:\/\/www.europesays.com\/pl\/wp-json\/wp\/v2\/tags?post=363361"}],"curies":[{"name":"wp","href":"https:\/\/api.w.org\/{rel}","templated":true}]}}