{"id":363627,"date":"2026-04-13T16:38:25","date_gmt":"2026-04-13T16:38:25","guid":{"rendered":"https:\/\/www.europesays.com\/pl\/363627\/"},"modified":"2026-04-13T16:38:25","modified_gmt":"2026-04-13T16:38:25","slug":"nielegalny-wyscig-w-bydgoszczy-kierowcy-stana-przed-sadem","status":"publish","type":"post","link":"https:\/\/www.europesays.com\/pl\/363627\/","title":{"rendered":"Nielegalny wy\u015bcig w Bydgoszczy. Kierowcy stan\u0105 przed s\u0105dem?"},"content":{"rendered":"<p class=\"Paragraph_desktopParagraph__U31Gm\">Jeden z kierowc\u00f3w w Bydgoszczy 12 kwietnia w \u015brodku dnia zarejestrowa\u0142, jak dwaj inni prowadz\u0105cy samochody urz\u0105dzili sobie nielegalny wy\u015bcig w \u015brodku miasta. Zrobili to dwa razy.<\/p>\n<p class=\"Paragraph_desktopParagraph__U31Gm\">Kierowca ciemnego BMW na toru\u0144skich numerach oraz kierowca czarnego Mercedesa z warszawsk\u0105 rejestracj\u0105, zatrzymali si\u0119 na pasach ruchu na ulicy Jagiello\u0144skiej, na wysoko\u015bci Poczty G\u0142\u00f3wnej. Prawdopodobnie co\u015b ustalali, bo wida\u0107, \u017ce okno kierowcy mercedesa jest otwarte. Nagle, po ca\u0142kowitym zatrzymaniu si\u0119 \u2014 kt\u00f3re nie wynika\u0142o z warunk\u00f3w ruchu, bo droga przed nimi by\u0142a pusta \u2014 ruszyli rozp\u0119dzaj\u0105c si\u0119 do du\u017cej pr\u0119dko\u015bci.<\/p>\n<p class=\"Paragraph_desktopParagraph__U31Gm\">Po chwili, po przejechaniu ronda Jagiello\u0144skiego, zrobili to samo. Stan\u0119li na s\u0105siednich pasach ruchu i nagle ruszyli \u015bcigaj\u0105c si\u0119 z sob\u0105.<\/p>\n<p>Kodeks karny m\u00f3wi jasno: trzy miesi\u0105ce do pi\u0119ciu lat wi\u0119zienia <\/p>\n<p class=\"Paragraph_desktopParagraph__U31Gm\">Obaj kierowcy zrobili dok\u0142adnie to, co w polskim prawie od tego roku okre\u015blane jest jako &#8222;nielegalny wy\u015bcig&#8221;. Jego definicja w Kodeksie karnym brzmi bowiem tak:<\/p>\n<p class=\"Paragraph_desktopParagraph__U31Gm\">Art. 115 \u00a7 26 k.k.<\/p>\n<p class=\"Paragraph_desktopParagraph__U31Gm\">&#8222;Nielegalnym wy\u015bcigiem pojazd\u00f3w mechanicznych jest:<\/p>\n<p class=\"Paragraph_desktopParagraph__U31Gm\">1) rywalizacja kieruj\u0105cych co najmniej dwoma pojazdami mechanicznymi w ruchu l\u0105dowym, w szczeg\u00f3lno\u015bci z zamiarem pokonania odcinka drogi w jak najkr\u00f3tszym czasie, z naruszeniem zasad bezpiecze\u0144stwa w ruchu l\u0105dowym&#8221;.<\/p>\n<p class=\"Paragraph_desktopParagraph__U31Gm\">Z pewno\u015bci\u0105 film dokumentuje fakt, \u017ce dwaj kierowcy pojazd\u00f3w mechanicznych rywalizowali, by pokona\u0107 odcinek publicznej drogi w jak najszybszym czasie. Trudno nie uzna\u0107 te\u017c, \u017ce co\u015b takiego w \u015bcis\u0142ym centrum Bydgoszczy nie jest naruszeniem zasad bezpiecze\u0144stwa w ruchu l\u0105dowym.<\/p>\n<p class=\"Paragraph_desktopParagraph__U31Gm\">Wed\u0142ug portalu brd24.pl bydgoska policja o takim zdarzeniu informacji jeszcze nie mia\u0142a, jednak publikacja w sieci stanowi\u0107 b\u0119dzie pow\u00f3d do wszcz\u0119cia post\u0119powania.<\/p>\n<p class=\"Paragraph_desktopParagraph__U31Gm\">Funkcjonariusze powinni zatem skierowa\u0107 spraw\u0119 obu kierowc\u00f3w do s\u0105du. I wydaje si\u0119, \u017ce b\u0119dzie to pierwszy w kraju proces kierowc\u00f3w oskar\u017conych o przest\u0119pstwo &#8222;nielegalnego wy\u015bcigu&#8221;. Za to przest\u0119pstwo grozi kara pozbawienia wolno\u015bci od trzech miesi\u0119cy do pi\u0119ciu lat.<\/p>\n","protected":false},"excerpt":{"rendered":"Jeden z kierowc\u00f3w w Bydgoszczy 12 kwietnia w \u015brodku dnia zarejestrowa\u0142, jak dwaj inni prowadz\u0105cy samochody urz\u0105dzili sobie&hellip;\n","protected":false},"author":2,"featured_media":363628,"comment_status":"","ping_status":"","sticky":false,"template":"","format":"standard","meta":{"footnotes":"","_share_on_mastodon":"0"},"categories":[51613],"tags":[1009,12359,7132,53,52,68,51,55,42,38,40,39,41,47,50,26],"class_list":["post-363627","post","type-post","status-publish","format-standard","has-post-thumbnail","category-bydgoszcz","tag-anejus","tag-brd24pl","tag-bydgoszcz","tag-new_header","tag-onet3","tag-onet3d","tag-onet3d_2i","tag-phx","tag-pl","tag-poland","tag-polish","tag-polska","tag-polski","tag-screening_general","tag-v2021","tag-wiadomosci"],"share_on_mastodon":{"url":"https:\/\/pubeurope.com\/@pl\/116398385040723345","error":""},"_links":{"self":[{"href":"https:\/\/www.europesays.com\/pl\/wp-json\/wp\/v2\/posts\/363627","targetHints":{"allow":["GET"]}}],"collection":[{"href":"https:\/\/www.europesays.com\/pl\/wp-json\/wp\/v2\/posts"}],"about":[{"href":"https:\/\/www.europesays.com\/pl\/wp-json\/wp\/v2\/types\/post"}],"author":[{"embeddable":true,"href":"https:\/\/www.europesays.com\/pl\/wp-json\/wp\/v2\/users\/2"}],"replies":[{"embeddable":true,"href":"https:\/\/www.europesays.com\/pl\/wp-json\/wp\/v2\/comments?post=363627"}],"version-history":[{"count":0,"href":"https:\/\/www.europesays.com\/pl\/wp-json\/wp\/v2\/posts\/363627\/revisions"}],"wp:featuredmedia":[{"embeddable":true,"href":"https:\/\/www.europesays.com\/pl\/wp-json\/wp\/v2\/media\/363628"}],"wp:attachment":[{"href":"https:\/\/www.europesays.com\/pl\/wp-json\/wp\/v2\/media?parent=363627"}],"wp:term":[{"taxonomy":"category","embeddable":true,"href":"https:\/\/www.europesays.com\/pl\/wp-json\/wp\/v2\/categories?post=363627"},{"taxonomy":"post_tag","embeddable":true,"href":"https:\/\/www.europesays.com\/pl\/wp-json\/wp\/v2\/tags?post=363627"}],"curies":[{"name":"wp","href":"https:\/\/api.w.org\/{rel}","templated":true}]}}