{"id":363766,"date":"2026-04-13T17:58:37","date_gmt":"2026-04-13T17:58:37","guid":{"rendered":"https:\/\/www.europesays.com\/pl\/363766\/"},"modified":"2026-04-13T17:58:37","modified_gmt":"2026-04-13T17:58:37","slug":"wypadek-w-centrum-bialymstoku-samochod-osobowy-zderzyl-sie-z-autobusem","status":"publish","type":"post","link":"https:\/\/www.europesays.com\/pl\/363766\/","title":{"rendered":"Wypadek w centrum Bia\u0142ymstoku. Samoch\u00f3d osobowy zderzy\u0142 si\u0119 z autobusem"},"content":{"rendered":"\n<p>            <img decoding=\"async\" class=\"art-figimg\" src=\"https:\/\/www.europesays.com\/pl\/wp-content\/uploads\/2026\/04\/148967-e.jpg\" width=\"375\" height=\"250\" alt=\"Wypadek w centrum Bia\u0142ymstoku. Samoch\u00f3d osobowy zderzy\u0142 si\u0119 z autobusem\" loading=\"lazy\" fetchpriority=\"high\"\/><br \/>\n            Fot: Policja Podlaska <\/p>\n<p class=\"art-lid\">\u200bDo wypadku dosz\u0142o w poniedzia\u0142ek (13.04) oko\u0142o godziny 9:00 na skrzy\u017cowaniu ulic Lipowej i Malmeda. W zdarzeniu uczestniczy\u0142 autobus komunikacji miejskiej oraz SUV marki Cupra.<br \/>&#13;\n<\/p>\n<p class=\"art-cont\">\u200bZe wst\u0119pnych ustale\u0144 wynika, \u017ce kieruj\u0105ca Cupr\u0105, jad\u0105c od strony ul. Liniarskiego, skr\u0119ca\u0142a w lewo w Lipow\u0105. Kobieta nie ust\u0105pi\u0142a pierwsze\u0144stwa przejazdu kierowcy autobusu linii nr 26, kt\u00f3ry jecha\u0142 z ulicy Malmeda. Dosz\u0142o do uderzenia w prawy bok samochodu osobowego.<\/p>\n<p>\u200bNa miejscu interweniowa\u0142y dwa zespo\u0142y ratownictwa medycznego oraz policja. Skrzy\u017cowanie jest ju\u017c w pe\u0142ni przejezdne.<\/p>\n<p class=\"art-autimg\">\n<p>                            <img decoding=\"async\" class=\"art-autimgi\" src=\"https:\/\/www.europesays.com\/pl\/wp-content\/uploads\/2026\/04\/1775866053_169_avatar_1x.jpg\" alt=\"Diana Rusi\u0142owicz\" width=\"64\" height=\"64\" loading=\"lazy\"\/><\/p>\n<p class=\"art-autname\">Diana Rusi\u0142owicz<\/p>\n<p>24@bialystokonline.pl<\/p>\n<p>Przeczytaj tak\u017ce<\/p>\n<p>&#13;<br \/>\n&#13;<br \/>\n&#13;<br \/>\n<img loading=\"lazy\" decoding=\"async\" src=\"https:\/\/www.europesays.com\/pl\/wp-content\/uploads\/2026\/04\/1776103117_532_adlog.gif\" width=\"0\" height=\"0\" alt=\"\" style=\"width: 0px; height: 0px;\"\/><\/p>\n<p>Popularne dzisiaj<\/p>\n","protected":false},"excerpt":{"rendered":"Fot: Policja Podlaska \u200bDo wypadku dosz\u0142o w poniedzia\u0142ek (13.04) oko\u0142o godziny 9:00 na skrzy\u017cowaniu ulic Lipowej i Malmeda.&hellip;\n","protected":false},"author":2,"featured_media":363767,"comment_status":"","ping_status":"","sticky":false,"template":"","format":"standard","meta":{"footnotes":"","_share_on_mastodon":"0"},"categories":[51614],"tags":[2151,51731,113,51730,3754,51738,58697,51735,4041,1096,1089,399,17334,51736,2921,64137,3840,51734,8736,1232,120,7116,17265,19285,42,5083,38,40,39,41,6309,1756,8815,38950,123,800,4278,1323,51737,2588,64136,2879,253],"class_list":["post-363766","post","type-post","status-publish","format-standard","has-post-thumbnail","category-bialystok","tag-bialystok","tag-bialystokonline","tag-biznes","tag-bstok","tag-dom","tag-drobne","tag-drogowkadrogowka","tag-firm","tag-firmy","tag-hotele","tag-imprezy","tag-informacje","tag-katalog","tag-kina","tag-koncert","tag-lipowa","tag-lokale","tag-miejski","tag-mieszkanie","tag-motoryzacja","tag-nauka","tag-ogloszenia","tag-on-line","tag-online","tag-pl","tag-podlasie","tag-poland","tag-polish","tag-polska","tag-polski","tag-portal","tag-praca","tag-repertuar","tag-rozklad","tag-rozrywka","tag-teatr","tag-turystyka","tag-uroda","tag-urzedy","tag-wypadek","tag-wypadek-w-centrum-bialymstoku-samochod-osobowy-zderzyl-sie-z-autobusem","tag-zakupy","tag-zdrowie"],"share_on_mastodon":{"url":"","error":"Validation failed: Text character limit of 500 exceeded"},"_links":{"self":[{"href":"https:\/\/www.europesays.com\/pl\/wp-json\/wp\/v2\/posts\/363766","targetHints":{"allow":["GET"]}}],"collection":[{"href":"https:\/\/www.europesays.com\/pl\/wp-json\/wp\/v2\/posts"}],"about":[{"href":"https:\/\/www.europesays.com\/pl\/wp-json\/wp\/v2\/types\/post"}],"author":[{"embeddable":true,"href":"https:\/\/www.europesays.com\/pl\/wp-json\/wp\/v2\/users\/2"}],"replies":[{"embeddable":true,"href":"https:\/\/www.europesays.com\/pl\/wp-json\/wp\/v2\/comments?post=363766"}],"version-history":[{"count":0,"href":"https:\/\/www.europesays.com\/pl\/wp-json\/wp\/v2\/posts\/363766\/revisions"}],"wp:featuredmedia":[{"embeddable":true,"href":"https:\/\/www.europesays.com\/pl\/wp-json\/wp\/v2\/media\/363767"}],"wp:attachment":[{"href":"https:\/\/www.europesays.com\/pl\/wp-json\/wp\/v2\/media?parent=363766"}],"wp:term":[{"taxonomy":"category","embeddable":true,"href":"https:\/\/www.europesays.com\/pl\/wp-json\/wp\/v2\/categories?post=363766"},{"taxonomy":"post_tag","embeddable":true,"href":"https:\/\/www.europesays.com\/pl\/wp-json\/wp\/v2\/tags?post=363766"}],"curies":[{"name":"wp","href":"https:\/\/api.w.org\/{rel}","templated":true}]}}