{"id":363949,"date":"2026-04-13T19:44:07","date_gmt":"2026-04-13T19:44:07","guid":{"rendered":"https:\/\/www.europesays.com\/pl\/363949\/"},"modified":"2026-04-13T19:44:07","modified_gmt":"2026-04-13T19:44:07","slug":"wyjatkowe-ogloszenie-jana-blachowicza-czuje-sie-wyrozniony","status":"publish","type":"post","link":"https:\/\/www.europesays.com\/pl\/363949\/","title":{"rendered":"Wyj\u0105tkowe og\u0142oszenie Jana B\u0142achowicza. &#8222;Czuj\u0119 si\u0119 wyr\u00f3\u017cniony&#8221;"},"content":{"rendered":"<p>Jan B\u0142achowicz niebawem wr\u00f3ci do oktagonu UFC, by ponownie zawalczy\u0107 z Bogdanem Guskovem. Polak i Uzbek skrzy\u017cuj\u0105 r\u0119kawice podczas gali UFC 328, kt\u00f3ra odb\u0119dzie si\u0119 9 maja w Newark w stanie New Jersey. Ich pierwsza potyczka odby\u0142a si\u0119 podczas gali UFC 323, 6 grudnia 2025 r. S\u0119dziowie na jej koniec orzekli&#8230; wi\u0119kszo\u015bciowy remis.<\/p>\n<p>Zanim jednak dojdzie do rewan\u017cu, B\u0142achowicz przeszed\u0142 wyj\u0105tkowe badania.<\/p>\n<p> Dalszy ci\u0105g artyku\u0142u pod materia\u0142em wideo <\/p>\n<p>Polak przeszed\u0142 badania, kt\u00f3rych celem jest nie tylko wykrycie chor\u00f3b, ale r\u00f3wnie\u017c ocena og\u00f3lnej sprawno\u015bci.<\/p>\n<p>Jan B\u0142achowicz wyr\u00f3\u017cniony! &#8222;To odpowiedzialno\u015b\u0107&#8221;<\/p>\n<p>&#8222;UFC otoczy\u0142o mnie wyj\u0105tkow\u0105 opiek\u0105, zlecaj\u0105c mi panel bada\u0144 geriatrycznych tym razem&#8221; \u2014 napisa\u0142 na Instagramie Jan B\u0142achowicz.<\/p>\n<p>&#8222;Bycie jednym z najstarszych aktywnych zawodnik\u00f3w UFC to odpowiedzialno\u015b\u0107. Czuj\u0119 si\u0119 teraz naprawd\u0119 wyr\u00f3\u017cniony&#8221; \u2014 doda\u0142 Polak, kt\u00f3ry w karierze wygra\u0142 29 walk, 11 przegra\u0142 i dwukrotnie remisowa\u0142.<\/p>\n","protected":false},"excerpt":{"rendered":"Jan B\u0142achowicz niebawem wr\u00f3ci do oktagonu UFC, by ponownie zawalczy\u0107 z Bogdanem Guskovem. Polak i Uzbek skrzy\u017cuj\u0105 r\u0119kawice&hellip;\n","protected":false},"author":2,"featured_media":363950,"comment_status":"","ping_status":"","sticky":false,"template":"","format":"standard","meta":{"footnotes":"","_share_on_mastodon":"0"},"categories":[52122],"tags":[61195,28961,1255,48,46,6010,752,42,38,40,39,41,47,4848,130],"class_list":["post-363949","post","type-post","status-publish","format-standard","has-post-thumbnail","category-pko-bank-polski","tag-bottomfeed_styl","tag-jan_blachowicz","tag-mma","tag-nat_styl","tag-omp","tag-pko-bank-polski","tag-pko-bp","tag-pl","tag-poland","tag-polish","tag-polska","tag-polski","tag-screening_general","tag-ufc","tag-wiadomosci_sportowe"],"share_on_mastodon":{"url":"https:\/\/pubeurope.com\/@pl\/116399116546522527","error":""},"_links":{"self":[{"href":"https:\/\/www.europesays.com\/pl\/wp-json\/wp\/v2\/posts\/363949","targetHints":{"allow":["GET"]}}],"collection":[{"href":"https:\/\/www.europesays.com\/pl\/wp-json\/wp\/v2\/posts"}],"about":[{"href":"https:\/\/www.europesays.com\/pl\/wp-json\/wp\/v2\/types\/post"}],"author":[{"embeddable":true,"href":"https:\/\/www.europesays.com\/pl\/wp-json\/wp\/v2\/users\/2"}],"replies":[{"embeddable":true,"href":"https:\/\/www.europesays.com\/pl\/wp-json\/wp\/v2\/comments?post=363949"}],"version-history":[{"count":0,"href":"https:\/\/www.europesays.com\/pl\/wp-json\/wp\/v2\/posts\/363949\/revisions"}],"wp:featuredmedia":[{"embeddable":true,"href":"https:\/\/www.europesays.com\/pl\/wp-json\/wp\/v2\/media\/363950"}],"wp:attachment":[{"href":"https:\/\/www.europesays.com\/pl\/wp-json\/wp\/v2\/media?parent=363949"}],"wp:term":[{"taxonomy":"category","embeddable":true,"href":"https:\/\/www.europesays.com\/pl\/wp-json\/wp\/v2\/categories?post=363949"},{"taxonomy":"post_tag","embeddable":true,"href":"https:\/\/www.europesays.com\/pl\/wp-json\/wp\/v2\/tags?post=363949"}],"curies":[{"name":"wp","href":"https:\/\/api.w.org\/{rel}","templated":true}]}}