{"id":364169,"date":"2026-04-13T21:54:08","date_gmt":"2026-04-13T21:54:08","guid":{"rendered":"https:\/\/www.europesays.com\/pl\/364169\/"},"modified":"2026-04-13T21:54:08","modified_gmt":"2026-04-13T21:54:08","slug":"wniosek-o-trybunal-stanu-dla-swirskiego-prokuratura-umarza-sledztwo-2","status":"publish","type":"post","link":"https:\/\/www.europesays.com\/pl\/364169\/","title":{"rendered":"Wniosek o Trybuna\u0142 Stanu dla \u015awirskiego. Prokuratura umarza \u015bledztwo"},"content":{"rendered":"<p class=\"Paragraph_desktopParagraph__U31Gm\">W skr\u00f3cie:<\/p>\n<ul class=\"UnorderedList_container__nmfSl\">\n<li class=\"UnorderedList_listElement__Py7xi UnorderedList_listElementDefault__oEOOV\">\u015aledztwo wszcz\u0119to na pocz\u0105tku 2025 r. po zawiadomieniu prezesa TK Bogdana \u015awi\u0119czkowskiego, kt\u00f3ry zarzuca\u0142 politykom pr\u00f3b\u0119 zamachu stanu i dzia\u0142ania przeciwko konstytucyjnemu ustrojowi RP<\/li>\n<li class=\"UnorderedList_listElement__Py7xi UnorderedList_listElementDefault__oEOOV\">Prokurator uzna\u0142, \u017ce dzia\u0142ania parlamentarzyst\u00f3w, komisji sejmowej i marsza\u0142ka Sejmu w sprawie wniosku przeciw \u015awirskiemu by\u0142y zgodne z prawem, a wyroki oraz postanowienia TK nie podwa\u017cy\u0142y ich legalno\u015bci<\/li>\n<li class=\"UnorderedList_listElement__Py7xi UnorderedList_listElementDefault__oEOOV\">185 pos\u0142\u00f3w z\u0142o\u017cy\u0142o w maju 2024 r. wniosek o postawienie \u015awirskiego przed Trybuna\u0142em Stanu, zarzucaj\u0105c mu blokowanie \u015brodk\u00f3w z abonamentu oraz koncesji dla prywatnych nadawc\u00f3w<\/li>\n<\/ul>\n<p class=\"Paragraph_desktopParagraph__U31Gm\">Prokuratura Okr\u0119gowa w Warszawie umorzy\u0142a 13 kwietnia br. w\u0105tek zwi\u0105zany z <a href=\"https:\/\/wiadomosci.onet.pl\/kraj\/wniosek-o-trybunal-stanu-dla-macieja-swirskiego-poslowie-zdecydowali\/l3jwtzr\" id=\"0dadefda-dbe5-4ad4-ad40-7591383f367d\" rel=\"nofollow noopener\" target=\"_blank\">pr\u00f3b\u0105 poci\u0105gni\u0119cia Macieja \u015awirskiego do odpowiedzialno\u015bci konstytucyjnej<\/a>. \u015aledztwo wszcz\u0105\u0142 na pocz\u0105tku 2025 r. zast\u0119pca prokuratora generalnego prok. Micha\u0142 Ostrowski na podstawie zawiadomienia prezesa Trybuna\u0142u Konstytucyjnego Bogdana \u015awi\u0119czkowskiego. Prowadz\u0105ca spraw\u0119 prokurator po szczeg\u00f3\u0142owej analizie fakt\u00f3w i przepis\u00f3w nie stwierdzi\u0142a przest\u0119pstwa w dzia\u0142aniach pos\u0142\u00f3w.<\/p>\n<p class=\"Paragraph_desktopParagraph__U31Gm\">&#8222;W dniu 13 kwietnia 2026 r. prokurator Prokuratury Okr\u0119gowej w Warszawie prowadz\u0105ca post\u0119powanie z zawiadomienia Bogdana \u015awi\u0119czkowskiego w sprawie tzw. zamachu stanu umorzy\u0142a cz\u0119\u015bciowo post\u0119powanie w zakresie dotycz\u0105cym post\u0119powania o poci\u0105gni\u0119cie do odpowiedzialno\u015bci konstytucyjnej by\u0142ego przewodnicz\u0105cego Krajowej Rady Radiofonii i Telewizji&#8221; \u2014 czytamy w komunikacie rzecznika warszawskiej prokuratury okr\u0119gowej prok. Piotra Antoniego Skiby.<\/p>\n<p>Prokuratura uzna\u0142a dzia\u0142ania pos\u0142\u00f3w za legalne <\/p>\n<p class=\"Paragraph_desktopParagraph__U31Gm\">Rzecznik przekaza\u0142, \u017ce w ocenie prokurator umarzaj\u0105cej ten w\u0105tek sprawy, zar\u00f3wno czynno\u015bci parlamentarzyst\u00f3w, kt\u00f3rzy podpisali wst\u0119pny wniosek, jak i post\u0119powanie sejmowej komisji oraz marsza\u0142ka Sejmu by\u0142y zgodne z prawem. Oceny legalno\u015bci tych czynno\u015bci nie podwa\u017cy\u0142a ani tre\u015b\u0107 postanowienia zabezpieczaj\u0105cego, ani wyroku wydanego przez Trybuna\u0142 Konstytucyjny.<\/p>\n<p class=\"Paragraph_desktopParagraph__U31Gm\">Prowadz\u0105ca post\u0119powanie prokurator uzna\u0142a, \u017ce TK naruszy\u0142 przepisy Kodeksu post\u0119powania cywilnego, wydaj\u0105c postanowienie zabezpieczaj\u0105ce. Dlatego organy pa\u0144stwa mia\u0142y prawo je zignorowa\u0107. Wyrok Trybuna\u0142u w tej sprawie nie wszed\u0142 w \u017cycie, poniewa\u017c nie zosta\u0142 opublikowany i nie by\u0142 opublikowany w momencie podj\u0119cia decyzji przez Sejm \u2014 wyja\u015bni\u0142 prok. Skiba.<\/p>\n<p class=\"VideoPlayerText_videoPlayerText__iDwyz\">Dalszy ci\u0105g materia\u0142u pod wideo<\/p>\n<p>Zawiadomienie prezesa TK podstaw\u0105 \u015bledztwa <\/p>\n<p class=\"Paragraph_desktopParagraph__U31Gm\">W ocenie \u015awi\u0119czkowskiego m.in. premier, marsza\u0142kowie Sejmu i Senatu, ministrowie oraz szef RCL od 13 grudnia 2023 r. dzia\u0142aj\u0105 &#8222;w zorganizowanej grupie przest\u0119pczej&#8221;, maj\u0105c na celu &#8222;zmian\u0119 konstytucyjnego ustroju RP oraz dzia\u0142aj\u0105c w celu osi\u0105gni\u0119cia lub zaprzestania dzia\u0142alno\u015bci TK oraz innych organ\u00f3w konstytucyjnych, w tym KRS i SN&#8221;. Mia\u0142oby to zmierza\u0107 do zmiany konstytucyjnego ustroju RP oraz osi\u0105gni\u0119cia lub zaprzestania dzia\u0142alno\u015bci TK oraz innych organ\u00f3w konstytucyjnych, w tym KRS i SN.<\/p>\n<p class=\"Paragraph_desktopParagraph__U31Gm\">Pod koniec lutego 2025 r. \u015bledztwo przej\u0119\u0142a warszawska prokuratura okr\u0119gowa. Inne w\u0105tki dotycz\u0105 m.in. Krajowej Rady S\u0105downictwa i uchwa\u0142y Sejmu z grudnia 2023 r., w kt\u00f3rej wskazano, \u017ce trzy uchwa\u0142y Sejmu z 2018, 2021 i 2022 r. w sprawie wyboru s\u0119dzi\u00f3w \u2013 cz\u0142onk\u00f3w KRS zosta\u0142y podj\u0119te z ra\u017c\u0105cym naruszeniem konstytucji. Post\u0119powanie odnosi si\u0119 tak\u017ce do S\u0105du Najwy\u017cszego i obejmuje kwesti\u0119 nawo\u0142ywania do usuni\u0119cia tzw. neos\u0119dzi\u00f3w z SN.<\/p>\n<p>Wniosek o Trybuna\u0142 Stanu dla \u015awirskiego <\/p>\n<p class=\"Paragraph_desktopParagraph__U31Gm\">Grupa 185 parlamentarzyst\u00f3w<a href=\"https:\/\/wiadomosci.onet.pl\/kraj\/jaroslaw-kaczynski-o-odwolaniu-macieja-swirskiego-bezprawna-operacja\/pk7xfxc\" id=\"7a475d64-473f-447d-8d63-747c4a704713\" rel=\"nofollow noopener\" target=\"_blank\"> z\u0142o\u017cy\u0142a w Sejmie w maju 2024 r. wst\u0119pny wniosek o postawienie \u015awirskiego przed Trybuna\u0142em Stanu<\/a>. Zarzucali mu naruszenia w trzech r\u00f3\u017cnych segmentach: blokowania ok. 300 mln z\u0142 z abonamentu dla publicznego radia i telewizji, blokowania koncesji dla nadawc\u00f3w prywatnych (TVN, TVN24, Radia TOK FM, Radia ZET), a tak\u017ce niewykonywania bada\u0144 statystycznych dotycz\u0105cych ogl\u0105dalno\u015bci stacji telewizyjnych w Polsce.<\/p>\n<p>Sp\u00f3r o konstytucyjno\u015b\u0107 przepis\u00f3w <\/p>\n<p class=\"Paragraph_desktopParagraph__U31Gm\"><a href=\"https:\/\/www.onet.pl\/informacje\/onetwiadomosci\/chca-postawic-szefa-krrit-przed-trybunalem-stanu-wniosek-liczy-11-zarzutow\/cdslj0q,79cfc278\" id=\"aba5d7a0-f7c5-41e8-a6fd-857060561b1f\" rel=\"nofollow noopener\" target=\"_blank\">Pos\u0142owie PiS zaskar\u017cyli do Trybuna\u0142u Konstytucyjnego przepisy umo\u017cliwiaj\u0105ce postawienie szefa KRRiT przed TS.<\/a> W swoim wniosku zwr\u00f3cili si\u0119 do TK tak\u017ce o wydanie zabezpieczenia zobowi\u0105zuj\u0105cego wszystkie powi\u0105zane ze spraw\u0105 organy Sejmu \u2014 w tym marsza\u0142ka Sejmu, wicemarsza\u0142k\u00f3w oraz sejmow\u0105 komisj\u0119 \u2014 do powstrzymania si\u0119 od wszelkich dzia\u0142a\u0144 ws. stawiania \u015awirskiego przed TS, do czasu rozstrzygni\u0119cia sprawy zaskar\u017conych przepis\u00f3w.<\/p>\n<p class=\"Paragraph_desktopParagraph__U31Gm\">Trybuna\u0142 wyda\u0142 takie zabezpieczenie w pa\u017adzierniku 2024 r. W po\u0142owie lipca 2025 r. orzek\u0142, \u017ce dwa przepisy reguluj\u0105ce poci\u0105gni\u0119cie do odpowiedzialno\u015bci przed TS cz\u0142onka KRRiT s\u0105 niezgodne z konstytucj\u0105. Od marca 2024 r. wyroki TK nie s\u0105 publikowane w Dzienniku Ustaw.<\/p>\n<p class=\"Paragraph_desktopParagraph__U31Gm\">Mimo to kilka dni p\u00f3\u017aniej, w ko\u0144cu lipca 2025 r., Sejm opowiedzia\u0142 si\u0119 za postawieniem \u015awirskiego przed TS. Marsza\u0142ek Sejmu przekaza\u0142 uchwa\u0142\u0119 w tej sprawie wraz z niezb\u0119dnymi dokumentami do Trybuna\u0142u Stanu. Uchwa\u0142a o poci\u0105gni\u0119ciu do odpowiedzialno\u015bci przed TS powoduje zawieszenie w czynno\u015bciach osoby, kt\u00f3rej dotyczy.<\/p>\n<p>\u015awirski odwo\u0142any z funkcji przewodnicz\u0105cego <\/p>\n<p class=\"Paragraph_desktopParagraph__U31Gm\">\u015awirski nie uzna\u0142 decyzji Sejmu, jednak 28 lipca 2025 r. cz\u0142onkowie Rady zdecydowali o odwo\u0142aniu go z zajmowanej funkcji przewodnicz\u0105cego KRRiT. Now\u0105 przewodnicz\u0105c\u0105 zosta\u0142a Agnieszka Glapiak.<\/p>\n<p class=\"Paragraph_desktopParagraph__U31Gm\">W po\u0142owie lutego 2025 r. prok. Ostrowski zosta\u0142 zawieszony w zwi\u0105zku ze \u015bledztwem w sprawie zamachu stanu. Prokuratura Krajowa informowa\u0142a w\u00f3wczas, \u017ce zainicjowa\u0142 on \u015bledztwo bez uprzedniej rejestracji w systemie ewidencyjnym prokuratury. Wskazywano te\u017c, \u017ce zast\u0119pca PG przyj\u0105\u0142 pismo od prezesa TK, z kt\u00f3rym pozostaje w bliskich relacjach i kt\u00f3rego by\u0142 podw\u0142adnym w latach 2016-2022. Zawieszenie by\u0142o przed\u0142u\u017cane na wniosek rzecznika dyscyplinarnego powo\u0142anego do zbadania dzia\u0142a\u0144 zast\u0119pcy PG. W ubieg\u0142y wtorek S\u0105d Dyscyplinarny przy Prokuratorze Generalnym zdecydowa\u0142, \u017ce zawieszenie nie b\u0119dzie przed\u0142u\u017cone po raz kolejny.<\/p>\n","protected":false},"excerpt":{"rendered":"W skr\u00f3cie: \u015aledztwo wszcz\u0119to na pocz\u0105tku 2025 r. po zawiadomieniu prezesa TK Bogdana \u015awi\u0119czkowskiego, kt\u00f3ry zarzuca\u0142 politykom pr\u00f3b\u0119&hellip;\n","protected":false},"author":2,"featured_media":364170,"comment_status":"","ping_status":"","sticky":false,"template":"","format":"standard","meta":{"footnotes":"","_share_on_mastodon":"0"},"categories":[12],"tags":[32,33,244,36,37,27,67,34,35,38861,28,31,53,25,52,68,51,55,42,38,40,39,41,349,47,29,30,789,65,50,26],"class_list":["post-364169","post","type-post","status-publish","format-standard","has-post-thumbnail","category-polska","tag-breaking-news","tag-breakingnews","tag-ctr_tst","tag-featured-news","tag-featurednews","tag-headlines","tag-intextvideo_splayer","tag-latest-news","tag-latestnews","tag-maciej_swirski","tag-naglowki","tag-najwazniejsze-artykuly","tag-new_header","tag-news","tag-onet3","tag-onet3d","tag-onet3d_2i","tag-phx","tag-pl","tag-poland","tag-polish","tag-polska","tag-polski","tag-prokuratura_prokurator_prokuratorzy","tag-screening_general","tag-top-stories","tag-topstories","tag-trybunal_stanu","tag-update_me","tag-v2021","tag-wiadomosci"],"share_on_mastodon":{"url":"https:\/\/pubeurope.com\/@pl\/116399627656251895","error":""},"_links":{"self":[{"href":"https:\/\/www.europesays.com\/pl\/wp-json\/wp\/v2\/posts\/364169","targetHints":{"allow":["GET"]}}],"collection":[{"href":"https:\/\/www.europesays.com\/pl\/wp-json\/wp\/v2\/posts"}],"about":[{"href":"https:\/\/www.europesays.com\/pl\/wp-json\/wp\/v2\/types\/post"}],"author":[{"embeddable":true,"href":"https:\/\/www.europesays.com\/pl\/wp-json\/wp\/v2\/users\/2"}],"replies":[{"embeddable":true,"href":"https:\/\/www.europesays.com\/pl\/wp-json\/wp\/v2\/comments?post=364169"}],"version-history":[{"count":0,"href":"https:\/\/www.europesays.com\/pl\/wp-json\/wp\/v2\/posts\/364169\/revisions"}],"wp:featuredmedia":[{"embeddable":true,"href":"https:\/\/www.europesays.com\/pl\/wp-json\/wp\/v2\/media\/364170"}],"wp:attachment":[{"href":"https:\/\/www.europesays.com\/pl\/wp-json\/wp\/v2\/media?parent=364169"}],"wp:term":[{"taxonomy":"category","embeddable":true,"href":"https:\/\/www.europesays.com\/pl\/wp-json\/wp\/v2\/categories?post=364169"},{"taxonomy":"post_tag","embeddable":true,"href":"https:\/\/www.europesays.com\/pl\/wp-json\/wp\/v2\/tags?post=364169"}],"curies":[{"name":"wp","href":"https:\/\/api.w.org\/{rel}","templated":true}]}}