{"id":365022,"date":"2026-04-14T08:52:11","date_gmt":"2026-04-14T08:52:11","guid":{"rendered":"https:\/\/www.europesays.com\/pl\/365022\/"},"modified":"2026-04-14T08:52:11","modified_gmt":"2026-04-14T08:52:11","slug":"porazka-viktora-orbana-zaskoczyla-pis-marcin-horala-mowi-wprost","status":"publish","type":"post","link":"https:\/\/www.europesays.com\/pl\/365022\/","title":{"rendered":"Pora\u017cka Viktora Orbana zaskoczy\u0142a PiS? Marcin Hora\u0142a m\u00f3wi wprost"},"content":{"rendered":"<p class=\"Paragraph_desktopParagraph__U31Gm\">W wyborach na W\u0119grzech, kt\u00f3re doby\u0142y si\u0119 w ostatni weekend, <a href=\"https:\/\/www.onet.pl\/informacje\/onetwiadomosci\/wyniki-wyborow-na-wegrzech-to-juz-pewne-koniec-epoki-viktora-orbana\/x20m7e2,79cfc278\" id=\"a0f875aa-c1a1-4a4c-9088-e52f927d1256\" rel=\"nofollow noopener\" target=\"_blank\">zwyci\u0119\u017cy\u0142a dotychczas opozycyjna partia TISZA.<\/a> Tym samym zako\u0144czy\u0142y si\u0119 trwaj\u0105ce 16 lat rz\u0105dy Viktora Orbana. \u2014 Osobi\u015bcie dziwi\u0119 si\u0119 wszystkim, kt\u00f3rzy jakie\u015b du\u017ce znaczenie i napi\u0119cie emocjonalne tym wyborom nadali \u2014 komentuje pose\u0142 PiS Marcin Hora\u0142a.<\/p>\n<p class=\"Paragraph_desktopParagraph__U31Gm\">Ocenia, \u017ce najprawdopodobniej w Europie nie zajd\u0105 du\u017ce zmiany po zmianie w\u0142adzy na W\u0119grzech. \u2014 Bo w wielu sprawach <a href=\"https:\/\/wiadomosci.onet.pl\/swiat\/wegry-i-slowacja-blokuja-pomoc-dla-ukrainy-viktor-orban-stawia-warunek\/s2sd9xm\" id=\"ee3781cd-6007-4100-9df4-94dfa54737fc\" rel=\"nofollow noopener\" target=\"_blank\">W\u0119gry by\u0142y tak\u0105 drzazg\u0105 europejskich elit<\/a>, ale drzazg\u0105, a nie jakim\u015b \u015bmiertelnym ciosem. Spowalnia\u0142y pewne procesy, ale niestety europejskie instytucje nauczy\u0142y si\u0119 ju\u017c jak obchodzi\u0107 np. traktaty w sprawach, kt\u00f3re s\u0105 zawarowane do decyzji zawieranych jednomy\u015blnie \u2014 stwierdza polityk.<\/p>\n<p>PiS wierzy\u0142 w zwyci\u0119stwo Orbana? &#8222;Na dwoje babka wr\u00f3\u017cy\u0142a&#8221; <\/p>\n<p class=\"Paragraph_desktopParagraph__U31Gm\">Pose\u0142 dopytywany by\u0142 o to, czy w PiS do ko\u0144ca panowa\u0142a wiara w zwyci\u0119stwo partii Viktora Orbana. \u2014 Nie chc\u0119 si\u0119 wypowiada\u0107 za ca\u0142\u0105 formacj\u0119, ale we mnie i w gronie kilku koleg\u00f3w, z kt\u00f3rymi zd\u0105\u017cy\u0142em o tym porozmawia\u0107, by\u0142o przekonanie, \u017ce na dwoje babka wr\u00f3\u017cy\u0142a, \u017ce jak najbardziej Orban mo\u017ce przegra\u0107, ale z drugiej strony, \u017ce nie nale\u017cy go jeszcze sk\u0142ada\u0107 do grobu i ju\u017c nie raz mu si\u0119 zdarza\u0142o, \u017ce mia\u0142 przegra\u0107 \u2014 m\u00f3wi Hora\u0142a.<\/p>\n<p class=\"Paragraph_desktopParagraph__U31Gm\">Dodaje, \u017ce &#8222;sam fakt, \u017ce przegra\u0142, nie jest zaskakuj\u0105cy&#8221;, a zaskakiwa\u0107 mo\u017ce skala tej pora\u017cki. \u2014 Przekroczony zosta\u0142 pr\u00f3g, w kt\u00f3rym ta ordynacja, kt\u00f3ra by\u0142a pisana pod FIDESZ [parti\u0119 Orbana], zadzia\u0142a\u0142a odwrotnie \u2014 zwraca uwag\u0119 polityk.<\/p>\n<p class=\"Paragraph_desktopParagraph__U31Gm\">Pose\u0142 odni\u00f3s\u0142 si\u0119 tak\u017ce do sprawy Zbigniewa Ziobry i Marcina Romanowskiego, kt\u00f3rzy otrzymali azyl polityczny na W\u0119grzech. Jego zdaniem sytuacja polskich polityk\u00f3w &#8222;w tym momencie jest dok\u0142adnie taka sama [jak by\u0142a]&#8221;. \u2014 Je\u015bli maj\u0105 przyznany azyl na W\u0119grzech, to musia\u0142aby si\u0119 tam zebra\u0107 jaka\u015b instytucja, kt\u00f3ra ten azyl wyda\u0142a, kto\u015b musia\u0142by wyst\u0105pi\u0107 z wnioskiem o zmian\u0119 tego statutu. Pewnie to zale\u017cy od specyfiki systemu politycznego na W\u0119grzech \u2014 komentuje Hora\u0142a, dodaj\u0105c dalej, \u017ce &#8222;pewnie taka procedura zostanie wszcz\u0119ta&#8221;.<\/p>\n","protected":false},"excerpt":{"rendered":"W wyborach na W\u0119grzech, kt\u00f3re doby\u0142y si\u0119 w ostatni weekend, zwyci\u0119\u017cy\u0142a dotychczas opozycyjna partia TISZA. Tym samym zako\u0144czy\u0142y&hellip;\n","protected":false},"author":2,"featured_media":365023,"comment_status":"","ping_status":"","sticky":false,"template":"","format":"standard","meta":{"footnotes":"","_share_on_mastodon":"0"},"categories":[12],"tags":[32,33,36,37,27,34,35,17649,12365,28,31,53,56812,25,3935,52,68,51,13398,55,42,38,40,39,41,868,47,29,30,61,65,50,8515,1234,26,4070],"class_list":["post-365022","post","type-post","status-publish","format-standard","has-post-thumbnail","category-polska","tag-breaking-news","tag-breakingnews","tag-featured-news","tag-featurednews","tag-headlines","tag-latest-news","tag-latestnews","tag-marcin_horala","tag-marcin_romanowski_polityk","tag-naglowki","tag-najwazniejsze-artykuly","tag-new_header","tag-newbb_tst0","tag-news","tag-onet_rano_program_wideo","tag-onet3","tag-onet3d","tag-onet3d_2i","tag-peter_magyar_wegierski_polityk","tag-phx","tag-pl","tag-poland","tag-polish","tag-polska","tag-polski","tag-prawo_i_sprawiedliwosc_pis","tag-screening_general","tag-top-stories","tag-topstories","tag-ue_unia_europejska_komisja_rada_komisarze","tag-update_me","tag-v2021","tag-victor_orban","tag-wegry_wegier_wegierka_wegrzy","tag-wiadomosci","tag-zbigniew_ziobro_polityk"],"share_on_mastodon":{"url":"","error":"Validation failed: Text character limit of 500 exceeded"},"_links":{"self":[{"href":"https:\/\/www.europesays.com\/pl\/wp-json\/wp\/v2\/posts\/365022","targetHints":{"allow":["GET"]}}],"collection":[{"href":"https:\/\/www.europesays.com\/pl\/wp-json\/wp\/v2\/posts"}],"about":[{"href":"https:\/\/www.europesays.com\/pl\/wp-json\/wp\/v2\/types\/post"}],"author":[{"embeddable":true,"href":"https:\/\/www.europesays.com\/pl\/wp-json\/wp\/v2\/users\/2"}],"replies":[{"embeddable":true,"href":"https:\/\/www.europesays.com\/pl\/wp-json\/wp\/v2\/comments?post=365022"}],"version-history":[{"count":0,"href":"https:\/\/www.europesays.com\/pl\/wp-json\/wp\/v2\/posts\/365022\/revisions"}],"wp:featuredmedia":[{"embeddable":true,"href":"https:\/\/www.europesays.com\/pl\/wp-json\/wp\/v2\/media\/365023"}],"wp:attachment":[{"href":"https:\/\/www.europesays.com\/pl\/wp-json\/wp\/v2\/media?parent=365022"}],"wp:term":[{"taxonomy":"category","embeddable":true,"href":"https:\/\/www.europesays.com\/pl\/wp-json\/wp\/v2\/categories?post=365022"},{"taxonomy":"post_tag","embeddable":true,"href":"https:\/\/www.europesays.com\/pl\/wp-json\/wp\/v2\/tags?post=365022"}],"curies":[{"name":"wp","href":"https:\/\/api.w.org\/{rel}","templated":true}]}}