{"id":36523,"date":"2025-10-07T14:58:08","date_gmt":"2025-10-07T14:58:08","guid":{"rendered":"https:\/\/www.europesays.com\/pl\/36523\/"},"modified":"2025-10-07T14:58:08","modified_gmt":"2025-10-07T14:58:08","slug":"kraje-ue-odpowiadaja-na-sabotaz-rosji-podroze-rosjan-zostana-ograniczone","status":"publish","type":"post","link":"https:\/\/www.europesays.com\/pl\/36523\/","title":{"rendered":"Kraje UE odpowiadaj\u0105 na sabota\u017c Rosji. Podr\u00f3\u017ce Rosjan zostan\u0105 ograniczone"},"content":{"rendered":"<p class=\"ods-c-paragraph\">Agenci rosyjskiego wywiadu oskar\u017cani s\u0105 o eskalacj\u0119 prowokacji przeciwko pa\u0144stwom NATO \u2014 od podpale\u0144 i cyberatak\u00f3w po sabota\u017c infrastruktury i ataki dron\u00f3w. Europejskie s\u0142u\u017cby bezpiecze\u0144stwa uwa\u017caj\u0105 te dzia\u0142ania za skoordynowan\u0105 kampani\u0119 maj\u0105c\u0105 na celu zdestabilizowanie europejskich sojusznik\u00f3w Ukrainy.<\/p>\n<p class=\"ods-c-paragraph\">Proponowane przepisy, kt\u00f3re maj\u0105 znale\u017a\u0107 si\u0119 w przygotowywanym w Brukseli nowym pakiecie sankcji wobec Rosji, wymaga\u0142yby od rosyjskich dyplomat\u00f3w informowania rz\u0105d\u00f3w o planach wjazdu do ich kraj\u00f3w.<\/p>\n<p>Dalszy ci\u0105g artyku\u0142u pod materia\u0142em wideo<\/p>\n<p class=\"ods-c-paragraph\">W\u0119gry wycofa\u0142y si\u0119 z zapowiedzi zawetowania pakietu, jednak na drodze do przyj\u0119cia sankcji stan\u0105\u0107 mo\u017ce Austria. Chce ona zniesienia sankcji na aktywa oligarchy Olega Dieripaski, kt\u00f3re nast\u0119pnie przypad\u0142yby austriackiemu bankowi Raiffeisen, rekompensuj\u0105c odwetow\u0105 kar\u0119 na\u0142o\u017con\u0105 na bank przez rosyjski s\u0105d.<\/p>\n<p class=\"ods-c-paragraph\">Ambasadorowie kilkunastu pa\u0144stw zapowiedzieli jednak, \u017ce je\u017celi propozycja Wiednia zostanie uwzgl\u0119dniona, nie b\u0119d\u0105 mogli poprze\u0107 pakietu. Wed\u0142ug &#8222;FT&#8221; niekt\u00f3rzy europejscy politycy obawiaj\u0105 si\u0119, \u017ce zgoda na postulat Wiednia legitymizowa\u0142aby obchodzenie sankcji przez oligarch\u00f3w i wzmocni\u0142aby rosyjskie s\u0105dy, kt\u00f3re w odwecie za sankcje nakazuj\u0105 konfiskat\u0119 zachodnich aktyw\u00f3w.<\/p>\n<p>   Rosyjscy szpiedzy podszywaj\u0105 si\u0119 pod dyplomat\u00f3w<\/p>\n<p class=\"ods-c-paragraph\">Agencje wywiadowcze UE twierdz\u0105, \u017ce rosyjscy szpiedzy podszywaj\u0105cy si\u0119 pod dyplomat\u00f3w cz\u0119sto prowadz\u0105 dzia\u0142ania poza granicami swoich kraj\u00f3w goszcz\u0105cych. &#8222;S\u0105 oddelegowani do jednego miejsca, ale pracuj\u0105 w innym&#8221; \u2014 powiedzia\u0142 &#8222;FT&#8221; wysoki rang\u0105 dyplomata UE, powo\u0142uj\u0105c si\u0119 na raporty wywiadowcze. &#8222;S\u0142u\u017cby wywiadu kraju goszcz\u0105cego wiedz\u0105, co robi\u0105 rosyjscy szpiedzy, ale je\u015bli przekrocz\u0105 oni granic\u0119, temu krajowi b\u0119dzie trudniej ich \u015bledzi\u0107&#8221; \u2014 doda\u0142.<\/p>\n<p class=\"ods-c-paragraph\">Za wprowadzeniem ogranicze\u0144 od maja ubieg\u0142ego roku lobbowa\u0142 w szczeg\u00f3lno\u015bci rz\u0105d Czech. Praga wstrzyma\u0142a wjazd wielu rosyjskich dyplomat\u00f3w podejrzanych o wspieranie dzia\u0142a\u0144 wywiadowczych, jednak setki z nich s\u0105 nadal akredytowane w s\u0105siedniej Austrii i stamt\u0105d mog\u0105 legalnie przekracza\u0107 granic\u0119 z Czechami.<\/p>\n<p>&#8222;Nie ma strefy Schengen dla Rosji&#8221;<\/p>\n<p class=\"ods-c-paragraph\">Czeski minister spraw zagranicznych Jan Lipavsky powiedzia\u0142, \u017ce ograniczenia s\u0105 konieczne, aby przywr\u00f3ci\u0107 zasad\u0119 wzajemno\u015bci. &#8222;Nie ma strefy Schengen dla Rosji&#8221;, wi\u0119c nie ma sensu, aby rosyjski dyplomata akredytowany w Hiszpanii m\u00f3g\u0142 przyje\u017cd\u017ca\u0107 do Pragi, kiedy tylko zechce \u2014 powiedzia\u0142. &#8222;Powinni\u015bmy stosowa\u0107 \u015bcis\u0142\u0105 zasad\u0119 wzajemno\u015bci przy wydawaniu kr\u00f3tkoterminowych wiz dyplomatycznych na mocy konwencji wiede\u0144skiej&#8221; \u2014 doda\u0142.<\/p>\n<p class=\"ods-c-paragraph\">W 2014 r. Czechy pad\u0142y ofiar\u0105 jednego z najpowa\u017cniejszych rosyjskich atak\u00f3w sabota\u017cowych na terytorium UE, kiedy w wyniku eksplozji w magazynie zgin\u0119\u0142y dwie osoby. Praga przypisa\u0142a atak agentom rosyjskiego wywiadu zagranicznego GRU \u2014 przypomnia\u0142 &#8222;FT&#8221;.<\/p>\n","protected":false},"excerpt":{"rendered":"Agenci rosyjskiego wywiadu oskar\u017cani s\u0105 o eskalacj\u0119 prowokacji przeciwko pa\u0144stwom NATO \u2014 od podpale\u0144 i cyberatak\u00f3w po sabota\u017c&hellip;\n","protected":false},"author":2,"featured_media":32840,"comment_status":"","ping_status":"","sticky":false,"template":"","format":"standard","meta":{"footnotes":""},"categories":[14],"tags":[32,33,27,34,35,4894,28,31,48,25,46,40,41,87,47,80,29,30,86,26,408,82,83,84],"class_list":{"0":"post-36523","1":"post","2":"type-post","3":"status-publish","4":"format-standard","5":"has-post-thumbnail","7":"category-swiat","8":"tag-breaking-news","9":"tag-breakingnews","10":"tag-headlines","11":"tag-latest-news","12":"tag-latestnews","13":"tag-livebar_tst0","14":"tag-naglowki","15":"tag-najwazniejsze-artykuly","16":"tag-nat_styl","17":"tag-news","18":"tag-omp","19":"tag-polish","20":"tag-polski","21":"tag-rosja","22":"tag-screening_general","23":"tag-swiat","24":"tag-top-stories","25":"tag-topstories","26":"tag-unia_europejska","27":"tag-wiadomosci","28":"tag-wladimir_putin","29":"tag-world","30":"tag-world-news","31":"tag-worldnews"},"share_on_mastodon":{"url":"","error":""},"_links":{"self":[{"href":"https:\/\/www.europesays.com\/pl\/wp-json\/wp\/v2\/posts\/36523","targetHints":{"allow":["GET"]}}],"collection":[{"href":"https:\/\/www.europesays.com\/pl\/wp-json\/wp\/v2\/posts"}],"about":[{"href":"https:\/\/www.europesays.com\/pl\/wp-json\/wp\/v2\/types\/post"}],"author":[{"embeddable":true,"href":"https:\/\/www.europesays.com\/pl\/wp-json\/wp\/v2\/users\/2"}],"replies":[{"embeddable":true,"href":"https:\/\/www.europesays.com\/pl\/wp-json\/wp\/v2\/comments?post=36523"}],"version-history":[{"count":0,"href":"https:\/\/www.europesays.com\/pl\/wp-json\/wp\/v2\/posts\/36523\/revisions"}],"wp:featuredmedia":[{"embeddable":true,"href":"https:\/\/www.europesays.com\/pl\/wp-json\/wp\/v2\/media\/32840"}],"wp:attachment":[{"href":"https:\/\/www.europesays.com\/pl\/wp-json\/wp\/v2\/media?parent=36523"}],"wp:term":[{"taxonomy":"category","embeddable":true,"href":"https:\/\/www.europesays.com\/pl\/wp-json\/wp\/v2\/categories?post=36523"},{"taxonomy":"post_tag","embeddable":true,"href":"https:\/\/www.europesays.com\/pl\/wp-json\/wp\/v2\/tags?post=36523"}],"curies":[{"name":"wp","href":"https:\/\/api.w.org\/{rel}","templated":true}]}}