{"id":365720,"date":"2026-04-14T15:29:20","date_gmt":"2026-04-14T15:29:20","guid":{"rendered":"https:\/\/www.europesays.com\/pl\/365720\/"},"modified":"2026-04-14T15:29:20","modified_gmt":"2026-04-14T15:29:20","slug":"mnostwo-darmowych-nowosci-w-nowej-wersji-aplikacji-nasz-wroclaw","status":"publish","type":"post","link":"https:\/\/www.europesays.com\/pl\/365720\/","title":{"rendered":"Mn\u00f3stwo darmowych nowo\u015bci w nowej wersji aplikacji Nasz Wroc\u0142aw"},"content":{"rendered":"<p>Nowa wersja aplikacji Nasz Wroc\u0142aw oferuje nie tylko od\u015bwie\u017cony wygl\u0105d. To tak\u017ce szereg nowych funkcji. Od wygodnego zarz\u0105dzania zni\u017ckami, przez interaktywn\u0105 map\u0119 partner\u00f3w, a\u017c po system alert\u00f3w bezpiecze\u0144stwa. Program, z kt\u00f3rego korzysta ju\u017c ponad 350 tysi\u0119cy mieszka\u0144c\u00f3w, nadal nagradza osoby rozliczaj\u0105ce podatki we Wroc\u0142awiu, a teraz dodatkowo upraszcza dost\u0119p do miejskich benefit\u00f3w.<br \/>\n&#13;<\/p>\n<p>W tym artykule przeczytasz:<\/p>\n<p>                Na czym polegaj\u0105 nowo\u015bci w programie Nasz Wroc\u0142aw.Jacy s\u0105 nowi partnerzy we wroc\u0142awskim programie lojalno\u015bciowym.Do kiedy b\u0119dzie aktualna obecna wersja aplikacji Nasz Wroc\u0142aw.<br \/>\n            &#13;<\/p>\n<p>Czy aplikacja Nasz Wroc\u0142aw realnie si\u0119 op\u0142aca?<\/p>\n<p>Aplikacja w\u0142a\u015bnie trafi\u0142a do sklep\u00f3w App Store oraz Google Play. Nasz Wroc\u0142aw od lat przyci\u0105ga mieszka\u0144c\u00f3w korzystnymi rozwi\u0105zaniami. Program dzia\u0142a ju\u017c ponad dekad\u0119 i zgromadzi\u0142 ponad 354 tysi\u0105ce u\u017cytkownik\u00f3w. Uczestnicy mog\u0105 liczy\u0107 na zni\u017cki oraz darmowe wej\u015bcia do wielu instytucji i obiekt\u00f3w.<\/p>\n<p>Co istotne, osoby rozliczaj\u0105ce podatki we Wroc\u0142awiu mog\u0105 oszcz\u0119dzi\u0107 nawet ponad 3 tysi\u0105ce z\u0142otych rocznie. System obejmuje tak\u017ce rozszerzony Status MAX dla mieszka\u0144c\u00f3w zameldowanych na sta\u0142e.<\/p>\n<p>\u2013 Od lat zach\u0119camy naszych mieszka\u0144c\u00f3w do tego, aby rozliczali swoje podatki we Wroc\u0142awiu. Ponad 50% bud\u017cetu stanowi\u0105 wp\u0142ywy z PIT i CIT mieszka\u0144c\u00f3w, kt\u00f3rzy w swoim rozliczeniu podatkowym wpisuj\u0105 jako adres zamieszkania \u201eWroc\u0142aw\u201d. Dla wszystkich tych, kt\u00f3rzy to robi\u0105 wychodzimy naprzeciw programem \u201eNasz Wroc\u0142aw\u201d, czyli szerok\u0105 ofert\u0105 benefit\u00f3w, zni\u017cek i darmowych wej\u015b\u0107. Dzi\u015b w od\u015bwie\u017conej wersji z nowymi funkcjami \u2013 t\u0142umaczy Marcin Urban, skarbnik Wroc\u0142awia.<\/p>\n<p><img fetchpriority=\"high\" decoding=\"async\" class=\"size-full wp-image-50268\" src=\"https:\/\/www.europesays.com\/pl\/wp-content\/uploads\/2026\/04\/KonferencjaAplikacjaNaszWroclawUrban-scaled.jpg\" alt=\"Konferencja o aplikacji Nasz Wroc\u0142aw.\" width=\"2560\" height=\"1707\"  \/>Fot. Urz\u0105d Miejski Wroc\u0142awia.<br \/>\nWirtualna karta i wygoda na co dzie\u0144<\/p>\n<p>Nowa aplikacja pe\u0142ni funkcj\u0119 cyfrowej karty lojalno\u015bciowej. Dzi\u0119ki temu u\u017cytkownicy nie musz\u0105 ju\u017c korzysta\u0107 wy\u0142\u0105cznie z plastikowej karty, bo wszystkie korzy\u015bci maj\u0105 pod r\u0119k\u0105 w telefonie.<\/p>\n<p>\u2013 Nowa aplikacja Nasz Wroc\u0142aw to wirtualna karta lojalno\u015bciowa w telefonie. To narz\u0119dzie, kt\u00f3re u\u0142awia korzystanie z programu oraz atrakcji i zni\u017cek przygotowanych przez partner\u00f3w program. Najwa\u017cniejsze udogodnienia. Sprawdz\u0105 Pa\u0144stwo naszych partner\u00f3w, zni\u017cki i darmowe wej\u015bcia, kiedy mo\u017cna skorzysta\u0107 z kuponu na bezp\u0142atne wej\u015bcie, a w sytuacjach zagro\u017cenia \u017cycia i zdrowia, aplikacja wy\u015ble odpowiednie powiadomienie \u2013 zaznacza Rados\u0142aw Michalski, dyrektor Departamentu Marki Miasta.<\/p>\n<p><img loading=\"lazy\" decoding=\"async\" class=\"size-full wp-image-50269\" src=\"https:\/\/www.europesays.com\/pl\/wp-content\/uploads\/2026\/04\/KonferencjaAplikacjaNaszWroclawMichalski-scaled.jpg\" alt=\"Konferencja o aplikacji Nasz Wroc\u0142aw.\" width=\"2560\" height=\"1707\"  \/>Fot. Urz\u0105d Miejski Wroc\u0142awia.<br \/>\nNowe funkcje: szybciej, pro\u015bciej, bardziej intuicyjnie<\/p>\n<p>Tw\u00f3rcy aplikacji postawili na funkcjonalno\u015b\u0107 i wygod\u0119. U\u017cytkownicy mog\u0105 teraz przegl\u0105da\u0107 galeri\u0119 aktywnych kupon\u00f3w i sprawdza\u0107 dost\u0119pne zni\u017cki czy kontrolowa\u0107 histori\u0119 wykorzystanych ofert.<\/p>\n<p>Mog\u0105 te\u017c korzysta\u0107 z interaktywnej mapy partner\u00f3w z filtrowaniem wed\u0142ug kategorii i lokalizacji, wyszukiwa\u0107 miejsca przyjazne dzieciom lub zwierz\u0119tom, u\u017cywa\u0107 kod\u00f3w QR przy kasie oraz sprawdza\u0107 dost\u0119pno\u015b\u0107 miejsc parkingowych dla os\u00f3b z niepe\u0142nosprawno\u015bciami.<\/p>\n<p>Dodatkowo aplikacja dzia\u0142a tak\u017ce w trybie offline i synchronizuje dane mi\u0119dzy urz\u0105dzeniami.<\/p>\n<p><img loading=\"lazy\" decoding=\"async\" class=\"size-full wp-image-50270\" src=\"https:\/\/www.europesays.com\/pl\/wp-content\/uploads\/2026\/04\/KonferencjaAplikacjaNaszWroclaw-scaled.jpg\" alt=\"Nowa aplikacja Nasz Wroc\u0142aw.\" width=\"2560\" height=\"1707\"  \/>Fot. Urz\u0105d Miejski Wroc\u0142awia.<br \/>\nBezpieczny Wroc\u0142aw w ka\u017cdym telefonie<\/p>\n<p>Jedn\u0105 z najwa\u017cniejszych nowo\u015bci jest modu\u0142 Bezpieczny Wroc\u0142aw. Funkcja ta umo\u017cliwia szybkie przekazywanie kluczowych informacji w sytuacjach zagro\u017cenia.<\/p>\n<p>U\u017cytkownicy otrzymaj\u0105 alerty dotycz\u0105ce mi\u0119dzy innymi awarii infrastruktury, zagro\u017ce\u0144 pogodowych czy utrudnie\u0144 komunikacyjnych. Co wa\u017cne, powiadomienia dzia\u0142aj\u0105 niezale\u017cnie od statusu w programie.<\/p>\n<p>Aplikacja oferuje tak\u017ce dodatkowe narz\u0119dzia zwi\u0119kszaj\u0105ce bezpiecze\u0144stwo: list\u0119 kontroln\u0105 \u201eplecaka ewakuacyjnego\u201d na 72 godziny, map\u0119 defibrylator\u00f3w AED z lokalizacj\u0105 GPS. Dodatkowo bie\u017c\u0105ce informacje o jako\u015bci powietrza wraz z zaleceniami.<\/p>\n<p>Jacy s\u0105 nowi partnerzy programu?<\/p>\n<p>Program stale si\u0119 rozwija i przyci\u0105ga kolejnych partner\u00f3w. W ostatnim czasie do\u0142\u0105czy\u0142y m.in. laboratoria Synevo, Muzeum Papiernictwa w Dusznikach-Zdroju, Instytut im. Jerzego Grotowskiego oraz restauracje Marina Kleczk\u00f3w i Messa Marina.<\/p>\n<p>W najbli\u017cszym czasie planowane s\u0105 kolejne rozszerzenia, w tym nowe atrakcje zwi\u0105zane z Sky Tower.<\/p>\n<p>Nowa aplikacja Nasz Wroc\u0142aw wprowadza nie tylko nowoczesny design, lecz tak\u017ce realne u\u0142atwienia w codziennym korzystaniu z miejskich benefit\u00f3w. Cho\u0107 dotychczasowa wersja pozostanie aktywna do ko\u0144ca roku, nowa ods\u0142ona ju\u017c teraz zapewnia pe\u0142ny dost\u0119p do rozwijaj\u0105cej si\u0119 oferty miasta.<\/p>\n","protected":false},"excerpt":{"rendered":"Nowa wersja aplikacji Nasz Wroc\u0142aw oferuje nie tylko od\u015bwie\u017cony wygl\u0105d. To tak\u017ce szereg nowych funkcji. Od wygodnego zarz\u0105dzania&hellip;\n","protected":false},"author":2,"featured_media":365721,"comment_status":"","ping_status":"","sticky":false,"template":"","format":"standard","meta":{"footnotes":"","_share_on_mastodon":"0"},"categories":[51607],"tags":[2344,64480,64481,9477,42,38,40,39,41,8803,64482,53404,1853,17952],"class_list":["post-365720","post","type-post","status-publish","format-standard","has-post-thumbnail","category-wroclaw","tag-aplikacja","tag-marcin-urban","tag-nasz-wroclaw","tag-nowosci","tag-pl","tag-poland","tag-polish","tag-polska","tag-polski","tag-program","tag-program-lojalnosciowy","tag-radoslaw-michalski","tag-wroclaw","tag-znizki"],"share_on_mastodon":{"url":"https:\/\/pubeurope.com\/@pl\/116403776083108059","error":""},"_links":{"self":[{"href":"https:\/\/www.europesays.com\/pl\/wp-json\/wp\/v2\/posts\/365720","targetHints":{"allow":["GET"]}}],"collection":[{"href":"https:\/\/www.europesays.com\/pl\/wp-json\/wp\/v2\/posts"}],"about":[{"href":"https:\/\/www.europesays.com\/pl\/wp-json\/wp\/v2\/types\/post"}],"author":[{"embeddable":true,"href":"https:\/\/www.europesays.com\/pl\/wp-json\/wp\/v2\/users\/2"}],"replies":[{"embeddable":true,"href":"https:\/\/www.europesays.com\/pl\/wp-json\/wp\/v2\/comments?post=365720"}],"version-history":[{"count":0,"href":"https:\/\/www.europesays.com\/pl\/wp-json\/wp\/v2\/posts\/365720\/revisions"}],"wp:featuredmedia":[{"embeddable":true,"href":"https:\/\/www.europesays.com\/pl\/wp-json\/wp\/v2\/media\/365721"}],"wp:attachment":[{"href":"https:\/\/www.europesays.com\/pl\/wp-json\/wp\/v2\/media?parent=365720"}],"wp:term":[{"taxonomy":"category","embeddable":true,"href":"https:\/\/www.europesays.com\/pl\/wp-json\/wp\/v2\/categories?post=365720"},{"taxonomy":"post_tag","embeddable":true,"href":"https:\/\/www.europesays.com\/pl\/wp-json\/wp\/v2\/tags?post=365720"}],"curies":[{"name":"wp","href":"https:\/\/api.w.org\/{rel}","templated":true}]}}