{"id":366188,"date":"2026-04-14T20:10:16","date_gmt":"2026-04-14T20:10:16","guid":{"rendered":"https:\/\/www.europesays.com\/pl\/366188\/"},"modified":"2026-04-14T20:10:16","modified_gmt":"2026-04-14T20:10:16","slug":"ile-kosztowala-zima-w-warszawie-zawrotna-kwota","status":"publish","type":"post","link":"https:\/\/www.europesays.com\/pl\/366188\/","title":{"rendered":"Ile kosztowa\u0142a zima w Warszawie? Zawrotna kwota"},"content":{"rendered":"<p class=\"Paragraph_desktopParagraph__U31Gm\">W po\u0142owie kwietnia Warszawa oficjalnie ko\u0144czy sezon zimowy 2025\/2026. By\u0142 to najbardziej intensywny i kosztowny okres od 13 lat.<\/p>\n<p class=\"Paragraph_desktopParagraph__U31Gm\">Przez niemal dwa miesi\u0105ce miasto zmaga\u0142o si\u0119 ze \u015bniegiem, go\u0142oledzi\u0105 i temperaturami spadaj\u0105cymi do oko\u0142o -20\u00b0C. W tym czasie przeprowadzono 67 akcji na ulicach.<\/p>\n<p>Zima w liczbach: 67 akcji i miliony metr\u00f3w do od\u015bnie\u017cenia <\/p>\n<p class=\"Paragraph_desktopParagraph__U31Gm\">Pierwsza akcja posypywarek odby\u0142a si\u0119 21 listopada 2025 roku. Najbardziej intensywny okres rozpocz\u0105\u0142 si\u0119 w czasie \u015bwi\u0105t Bo\u017cego Narodzenia i trwa\u0142 do 21 lutego 2026 roku.<\/p>\n<p class=\"Paragraph_desktopParagraph__U31Gm\">Od\u015bnie\u017cano i posypywano nie tylko jezdnie, ale tak\u017ce ponad 4 mln m\u00b2 powierzchni dla pieszych \u2014 chodnik\u00f3w, przystank\u00f3w, schod\u00f3w i k\u0142adek oraz wybranych tras rowerowych. Dla por\u00f3wnania, w poprzednim sezonie przeprowadzono 39 takich akcji, a rekord pad\u0142 w sezonie 2012\/2013 \u2014 wtedy by\u0142o ich 89.<\/p>\n<p>Ile kosztowa\u0142a zima w Warszawie? <\/p>\n<p class=\"Paragraph_desktopParagraph__U31Gm\">\u0141\u0105czne wydatki na utrzymanie ulic i teren\u00f3w dla pieszych wynios\u0142y 107 mln z\u0142. To niemal dwa razy wi\u0119cej ni\u017c w poprzednim sezonie, kt\u00f3ry kosztowa\u0142 53 mln z\u0142.<\/p>\n<p class=\"Paragraph_desktopParagraph__U31Gm\">Kontrole jako\u015bci prac wykaza\u0142y r\u00f3wnie\u017c nieprawid\u0142owo\u015bci u cz\u0119\u015bci wykonawc\u00f3w. W jednym przypadku rozwi\u0105zano umow\u0119 i zmieniono firm\u0119 odpowiedzialn\u0105 za Wilan\u00f3w i Ursyn\u00f3w. \u0141\u0105czna wysoko\u015b\u0107 kar na\u0142o\u017conych na wykonawc\u00f3w wynios\u0142a 3,5 mln z\u0142.<\/p>\n<p>Trudne warunki pogodowe i go\u0142oled\u017a <\/p>\n<p class=\"Paragraph_desktopParagraph__U31Gm\">Pokrywa \u015bnie\u017cna utrzymywa\u0142a si\u0119 w Warszawie przez 57 dni, a jej grubo\u015b\u0107 w styczniu si\u0119ga\u0142a 25 cm. Cz\u0119ste wahania temperatur wok\u00f3\u0142 0 st. C powodowa\u0142y powstawanie go\u0142oledzi. S\u0142u\u017cby przez ca\u0142\u0105 dob\u0119 monitorowa\u0142y prognozy i stan nawierzchni, reaguj\u0105c na bie\u017c\u0105co na zmieniaj\u0105ce si\u0119 warunki.<\/p>\n<p>Wiosenne sprz\u0105tanie po zimie <\/p>\n<p class=\"Paragraph_desktopParagraph__U31Gm\">Po ust\u0105pieniu zimowych warunk\u00f3w rozpocz\u0119to pozimowe sprz\u0105tanie. Trwa\u0142o ono ponad miesi\u0105c ze wzgl\u0119du na nagromadzenie piasku i innych zanieczyszcze\u0144. Po zako\u0144czeniu gruntownych prac miasto przesz\u0142o do regularnego sprz\u0105tania, kt\u00f3re b\u0119dzie kontynuowane do jesieni.<\/p>\n<p>Kto odpowiada za czysto\u015b\u0107 w Warszawie? <\/p>\n<p class=\"Paragraph_desktopParagraph__U31Gm\">Za utrzymanie porz\u0105dku w mie\u015bcie odpowiada nie tylko Zarz\u0105d Oczyszczania Miasta, ale tak\u017ce inne podmioty, w tym urz\u0119dy dzielnic, zarz\u0105dcy teren\u00f3w publicznych, wsp\u00f3lnoty mieszkaniowe oraz instytucje odpowiedzialne za drogi krajowe i tereny zielone. System obejmuje wiele instytucji, kt\u00f3re wsp\u00f3lnie dbaj\u0105 o bezpiecze\u0144stwo i funkcjonowanie miasta.<\/p>\n","protected":false},"excerpt":{"rendered":"W po\u0142owie kwietnia Warszawa oficjalnie ko\u0144czy sezon zimowy 2025\/2026. By\u0142 to najbardziej intensywny i kosztowny okres od 13&hellip;\n","protected":false},"author":2,"featured_media":366189,"comment_status":"","ping_status":"","sticky":false,"template":"","format":"standard","meta":{"footnotes":"","_share_on_mastodon":"0"},"categories":[51605],"tags":[1816,53,52,68,51,55,42,38,40,39,41,47,591,8908,50,435],"class_list":["post-366188","post","type-post","status-publish","format-standard","has-post-thumbnail","category-warszawa","tag-mm","tag-new_header","tag-onet3","tag-onet3d","tag-onet3d_2i","tag-phx","tag-pl","tag-poland","tag-polish","tag-polska","tag-polski","tag-screening_general","tag-srodowisko","tag-tu_stolica","tag-v2021","tag-warszawa"],"share_on_mastodon":{"url":"https:\/\/pubeurope.com\/@pl\/116404881042734562","error":""},"_links":{"self":[{"href":"https:\/\/www.europesays.com\/pl\/wp-json\/wp\/v2\/posts\/366188","targetHints":{"allow":["GET"]}}],"collection":[{"href":"https:\/\/www.europesays.com\/pl\/wp-json\/wp\/v2\/posts"}],"about":[{"href":"https:\/\/www.europesays.com\/pl\/wp-json\/wp\/v2\/types\/post"}],"author":[{"embeddable":true,"href":"https:\/\/www.europesays.com\/pl\/wp-json\/wp\/v2\/users\/2"}],"replies":[{"embeddable":true,"href":"https:\/\/www.europesays.com\/pl\/wp-json\/wp\/v2\/comments?post=366188"}],"version-history":[{"count":0,"href":"https:\/\/www.europesays.com\/pl\/wp-json\/wp\/v2\/posts\/366188\/revisions"}],"wp:featuredmedia":[{"embeddable":true,"href":"https:\/\/www.europesays.com\/pl\/wp-json\/wp\/v2\/media\/366189"}],"wp:attachment":[{"href":"https:\/\/www.europesays.com\/pl\/wp-json\/wp\/v2\/media?parent=366188"}],"wp:term":[{"taxonomy":"category","embeddable":true,"href":"https:\/\/www.europesays.com\/pl\/wp-json\/wp\/v2\/categories?post=366188"},{"taxonomy":"post_tag","embeddable":true,"href":"https:\/\/www.europesays.com\/pl\/wp-json\/wp\/v2\/tags?post=366188"}],"curies":[{"name":"wp","href":"https:\/\/api.w.org\/{rel}","templated":true}]}}