{"id":366326,"date":"2026-04-14T21:36:23","date_gmt":"2026-04-14T21:36:23","guid":{"rendered":"https:\/\/www.europesays.com\/pl\/366326\/"},"modified":"2026-04-14T21:36:23","modified_gmt":"2026-04-14T21:36:23","slug":"jan-pirowski-o-10-letnim-miloszu-zdradza-co-wydarzylo-sie-po-mam-talent","status":"publish","type":"post","link":"https:\/\/www.europesays.com\/pl\/366326\/","title":{"rendered":"Jan Pirowski o 10-letnim Mi\u0142oszu. Zdradza, co wydarzy\u0142o si\u0119 po &#8222;Mam talent!&#8221;"},"content":{"rendered":"<p>Pierwszy w tej edycji p\u00f3\u0142fina\u0142 <a href=\"https:\/\/plejada.pl\/temat\/mam-talent-program-telewizyjny\/kldyq95\" id=\"5a046801-d7ba-4faf-9a07-7b6291b22525\" rel=\"nofollow noopener\" target=\"_blank\">&#8222;Mam talent!&#8221;<\/a> na \u017cywo mia\u0142 by\u0107 \u015bwi\u0119tem talent\u00f3w i pozytywnych emocji, ale dla wielu widz\u00f3w sta\u0142 si\u0119 powodem do powa\u017cnych refleksji. Wszystko za spraw\u0105 momentu og\u0142aszania wynik\u00f3w, podczas kt\u00f3rego <a href=\"https:\/\/plejada.pl\/newsy\/plakal-jak-oglaszano-kto-przechodzi-do-finalu-mam-talent-internauci-grzmia\/55wcdj2\" id=\"21aaf4c3-8f32-420f-a50f-c93f50b6c2c2\" rel=\"nofollow noopener\" target=\"_blank\">10-letni Mi\u0142osz Jasku\u0142a nie kry\u0142 \u0142ez<\/a> na oczach milion\u00f3w Polak\u00f3w.<\/p>\n<blockquote class=\"ods-o-quote\">\n<p class=\"ods-o-quote__paragraph\">Uwa\u017cam, \u017ce \u0142zy, bez wzgl\u0119du na miejsce i czas, w kt\u00f3rych z nas wyp\u0142ywaj\u0105, s\u0105 niezwykle potrzebne i pi\u0119kne<\/p>\n<\/blockquote>\n<p>\u2014 m\u00f3wi teraz prowadz\u0105cy &#8222;Mam talent!&#8221; <a href=\"https:\/\/plejada.pl\/temat\/jan-pirowski\/sc7h3n3\" id=\"a0740b5c-2afd-48e6-b928-c79e091390a4\" rel=\"nofollow noopener\" target=\"_blank\">Jan Pirowski<\/a>. Dalszy ci\u0105g artyku\u0142u pod materia\u0142em wideo Jan Pirowski o 10-letnim Mi\u0142oszu. Zdradza, co wydarzy\u0142o si\u0119 po &#8222;Mam talent!&#8221;Mi\u0142osz Jasku\u0142a ponownie zaprezentowa\u0142 sw\u00f3j talent \u2014 zagra\u0142 na fortepianie walc Fryderyka Chopina i znalaz\u0142 si\u0119 \u015bcis\u0142ym gronie finalist\u00f3w. Widzowie zdecydowali, \u017ce do fina\u0142u przesz\u0142a Marcelina Runiewicz, a o drugim finali\u015bcie zadecydowali jurorzy: Agnieszka Chyli\u0144ska, Agustin Egurrola i <a href=\"https:\/\/plejada.pl\/temat\/marcin-prokop\/qf071zk\" id=\"17003dac-9e9b-470b-a58a-337184c14e67\" rel=\"nofollow noopener\" target=\"_blank\">Marcin Prokop<\/a> postawili na duet taneczny \u2014 Piotra Iwanickiego i Pati Alen, a Julia Wieniawa wspar\u0142a Mi\u0142osza.     <\/p>\n<p>Dla Mi\u0142osza, kt\u00f3ry do p\u00f3\u0142fina\u0142u wr\u00f3ci\u0142 dzi\u0119ki tzw. dzikiej karcie, ju\u017c sam wyst\u0119p by\u0142 ogromnym prze\u017cyciem. Podczas og\u0142aszania decyzji emocje si\u0119gn\u0119\u0142y zenitu \u2014 10-latek nie potrafi\u0142 powstrzyma\u0107 \u0142ez, a ca\u0142a Polska zobaczy\u0142a, jak wielki stres towarzyszy najm\u0142odszym uczestnikom. Ta poruszaj\u0105ca scena natychmiast odbi\u0142a si\u0119 szerokim echem w mediach spo\u0142eczno\u015bciowych, gdzie rozgorza\u0142a dyskusja: czy dzieci powinny wyst\u0119powa\u0107 w programach typu talent show.<\/p>\n<blockquote class=\"ods-o-quote\">\n<p class=\"ods-o-quote__paragraph\">Przeczyta\u0142em komentarz w internecie, \u017ce \u0142zy Mi\u0142osza na scenie to dla niego traumatyczne do\u015bwiadczenie. Uwa\u017cam inaczej. Traumatycznym wydarzeniem sta\u0142by si\u0119 moment, w kt\u00f3rym, po pierwsze \u2014 zosta\u0142by z tym do\u015bwiadczeniem osamotniony. Nie zosta\u0142. Drugi warunek \u2014 znalaz\u0142by si\u0119 w miejscu, w kt\u00f3rym nie mia\u0142by mo\u017cliwo\u015bci wyzwolenia emocji. Mia\u0142. Mi\u0142osz nie by\u0142 w czasie g\u0142osowania sam, od samego pocz\u0105tku mia\u0142 wsparcie i czu\u0142o\u015b\u0107 Pauliny [Krupi\u0144skiej]<\/p>\n<\/blockquote>\n<p>\u2014 m\u00f3wi w rozmowie z Plejad\u0105 Jan Pirowski.<\/p>\n<p> <img decoding=\"async\" src=\"https:\/\/www.europesays.com\/pl\/wp-content\/uploads\/2026\/04\/I1Vk9lBaHR0cHM6Ly9vY2RuLmV1L3B1bHNjbXMvTURBXy82NzRiYjlkNDljZjE2MDYzYTFiMjY0YWUxNWJlZjQyOS5qcGeRlQLNB.jpeg\" height=\"342\" width=\"512\" alt=\"Paulina Krupi\u0144ska, Mi\u0142osz Jasku\u0142a, Marcelina Runiewicz, Piotr Iwanicki i Pati Alen, Jan Pirowski\" loading=\"lazy\" class=\"ods-c-image__img ods-c-image__img--viewport-width\"\/> <\/p>\n<p>Paulina Krupi\u0144ska, Mi\u0142osz Jasku\u0142a, Marcelina Runiewicz, Piotr Iwanicki i Pati Alen, Jan PirowskiMiros\u0142aw Sosnowski \/ TVN<\/p>\n<p>\u2014 Zaraz po finale, kiedy tylko zeszli\u015bmy z anteny, sam na sam rozmawia\u0142em z nim kilka minut i uspokoili\u015bmy wsp\u00f3lnie jego uk\u0142ad nerwowy. Na planie podczas odcink\u00f3w na \u017cywo zawsze dost\u0119pny jest psycholog wykwalifikowany tak\u017ce do pracy z dzie\u0107mi i m\u0142odzie\u017c\u0105. Kilka metr\u00f3w za scen\u0105, na backstage&#8217;u, czekali ju\u017c na niego rodzice. Mam te\u017c g\u0142\u0119bokie przekonanie, \u017ce zwracanie uwagi na emocje tego ch\u0142opca, wytykanie ich w komentarzach, nag\u0142\u00f3wkach, po\u015brednie sugerowanie, \u017ce by\u0142y czym\u015b z\u0142ym, czym\u015b nie na miejscu, \u017ce p\u0142acz i smutek to co\u015b, co powinno si\u0119 przed innymi ukry\u0107 \u2014 je\u015bli we\u017amie sobie to do serca \u2014 to dla Mi\u0142osza sko\u0144czy si\u0119 w przysz\u0142o\u015bci najwi\u0119ksz\u0105 katastrof\u0105 \u2014 wyjawia prowadz\u0105cy &#8222;Mam talent!&#8221;.<\/p>\n<p>Jan Pirowski zdradza te\u017c, co wydarzy\u0142o si\u0119 po wy\u0142\u0105czeniu kamer. \u2014 Chc\u0119 te\u017c uspokoi\u0107 wszystkich \u2014 p\u00f3\u0142 godziny po nagraniu Mi\u0142osz z u\u015bmiechem na ustach przyzna\u0142, \u017ce to by\u0142 jeden z najlepszych dni jego \u017cycia, wrzuca\u0142 rolki na Instagram, by\u0142 w dobrej energii<\/p>\n<blockquote class=\"ods-o-quote\">\n<p class=\"ods-o-quote__paragraph\">Na koniec \u2014 udzia\u0142 Mi\u0142osza Jasku\u0142y w programie &#8222;Mam talent!&#8221;, to tylko etap jego konkursowej drogi, bo zaliczy\u0142 ich w \u017cyciu wiele. Przegrywa\u0142 i wygrywa\u0142. Rozumie, \u017ce jest to cz\u0119\u015b\u0107 jego artystycznej drogi, \u017ce taki jest regulamin \u015bwiata, kt\u00f3ry wybra\u0142. Jest przy tym niezwykle wra\u017cliwy. Tylko to doce\u0144my<\/p>\n<\/blockquote>\n<p>\u2014 podsumowuje.<\/p>\n<p> <img decoding=\"async\" src=\"https:\/\/www.europesays.com\/pl\/wp-content\/uploads\/2026\/04\/4XLk9lBaHR0cHM6Ly9vY2RuLmV1L3B1bHNjbXMvTURBXy9mMjRhOTUzOTljYWFlZDY2NGYzMDZkNGZmYjFkMDVkNy5wbmeRlQLNB.jpeg\" height=\"493\" width=\"876\" alt=\"Mi\u0142osz Jasku\u0142a\" loading=\"lazy\" class=\"ods-c-image__img ods-c-image__img--viewport-width\"\/> <\/p>\n<p>Mi\u0142osz Jasku\u0142a\u0179r\u00f3d\u0142o: Screen z HBO MAX<\/p>\n<p> Dzi\u0119kujemy, \u017ce przeczyta\u0142a\u015b\/e\u015b nasz artyku\u0142 do ko\u0144ca. W serwisie Plejada.pl ka\u017cdego dnia piszemy o najwa\u017cniejszych wydarzeniach show-biznesowych. B\u0105d\u017a na bie\u017c\u0105co!<a rel=\"nofollow noopener\" href=\"https:\/\/profile.google.com\/cp\/Cg0vZy8xMWJ6X19wdHBx\" id=\"14e8b8e8-387b-4809-bfe2-4b48d3a984a3\" target=\"_blank\"> Obserwuj<\/a> Plejad\u0119 w Google. Odwied\u017a nas tak\u017ce na<a rel=\"nofollow noopener\" href=\"https:\/\/www.facebook.com\/plejadapl\" id=\"1ffb25fa-9cfa-4453-af9c-dbbc0b2b51b1\" target=\"_blank\"> Facebooku<\/a>,<a rel=\"nofollow noopener\" href=\"https:\/\/www.instagram.com\/plejadapl\/\" id=\"28e3073d-d5ec-4c61-be59-aefb76164b7b\" target=\"_blank\"> Instagramie<\/a>,<a rel=\"nofollow noopener\" href=\"https:\/\/www.youtube.com\/c\/plejada\" id=\"cb53bc59-60d9-468f-9ff0-4da2f77a4190\" target=\"_blank\"> YouTubie<\/a> oraz<a rel=\"nofollow noopener\" href=\"https:\/\/www.tiktok.com\/@plejada_pl\" id=\"3854e896-e7e6-4ea8-a949-5d0ebab22979\" target=\"_blank\"> TikToku<\/a>.Chcesz podzieli\u0107 si\u0119 ciekawym newsem lub zaproponowa\u0107 temat? Skontaktuj si\u0119 z nami, pisz\u0105c maila na adres: <a rel=\"nofollow noopener\" href=\"https:\/\/plejada.pl\/newsy\/jan-pirowski-o-10-letnim-miloszu-zdradza-co-wydarzylo-sie-po-mam-talent\/mailto:plejada@redakcjaonet.pl\" id=\"5d0bfd8c-f3c6-4f12-a2a9-1cb8f9cc2ee2\" target=\"_blank\">plejada@redakcjaonet.pl<\/a>.<script async src=\"\/\/www.instagram.com\/embed.js\"><\/script><script async src=\"\/\/www.tiktok.com\/embed.js\"><\/script><\/p>\n","protected":false},"excerpt":{"rendered":"Pierwszy w tej edycji p\u00f3\u0142fina\u0142 &#8222;Mam talent!&#8221; na \u017cywo mia\u0142 by\u0107 \u015bwi\u0119tem talent\u00f3w i pozytywnych emocji, ale dla&hellip;\n","protected":false},"author":2,"featured_media":366327,"comment_status":"","ping_status":"","sticky":false,"template":"","format":"standard","meta":{"footnotes":"","_share_on_mastodon":"0"},"categories":[22],"tags":[16832,61195,122,32554,48,125,46,42,38,40,39,41,123,47,338],"class_list":["post-366326","post","type-post","status-publish","format-standard","has-post-thumbnail","category-rozrywka","tag-_mam_talent_","tag-bottomfeed_styl","tag-entertainment","tag-jan_pirowski","tag-nat_styl","tag-newsy","tag-omp","tag-pl","tag-poland","tag-polish","tag-polska","tag-polski","tag-rozrywka","tag-screening_general","tag-tylko_w_plejadzie"],"share_on_mastodon":{"url":"https:\/\/pubeurope.com\/@pl\/116405219078157086","error":""},"_links":{"self":[{"href":"https:\/\/www.europesays.com\/pl\/wp-json\/wp\/v2\/posts\/366326","targetHints":{"allow":["GET"]}}],"collection":[{"href":"https:\/\/www.europesays.com\/pl\/wp-json\/wp\/v2\/posts"}],"about":[{"href":"https:\/\/www.europesays.com\/pl\/wp-json\/wp\/v2\/types\/post"}],"author":[{"embeddable":true,"href":"https:\/\/www.europesays.com\/pl\/wp-json\/wp\/v2\/users\/2"}],"replies":[{"embeddable":true,"href":"https:\/\/www.europesays.com\/pl\/wp-json\/wp\/v2\/comments?post=366326"}],"version-history":[{"count":0,"href":"https:\/\/www.europesays.com\/pl\/wp-json\/wp\/v2\/posts\/366326\/revisions"}],"wp:featuredmedia":[{"embeddable":true,"href":"https:\/\/www.europesays.com\/pl\/wp-json\/wp\/v2\/media\/366327"}],"wp:attachment":[{"href":"https:\/\/www.europesays.com\/pl\/wp-json\/wp\/v2\/media?parent=366326"}],"wp:term":[{"taxonomy":"category","embeddable":true,"href":"https:\/\/www.europesays.com\/pl\/wp-json\/wp\/v2\/categories?post=366326"},{"taxonomy":"post_tag","embeddable":true,"href":"https:\/\/www.europesays.com\/pl\/wp-json\/wp\/v2\/tags?post=366326"}],"curies":[{"name":"wp","href":"https:\/\/api.w.org\/{rel}","templated":true}]}}