{"id":366649,"date":"2026-04-15T01:03:12","date_gmt":"2026-04-15T01:03:12","guid":{"rendered":"https:\/\/www.europesays.com\/pl\/366649\/"},"modified":"2026-04-15T01:03:12","modified_gmt":"2026-04-15T01:03:12","slug":"czy-rozpoznasz-tych-aktorow-z-okresu-prl-u-quiz-onet","status":"publish","type":"post","link":"https:\/\/www.europesays.com\/pl\/366649\/","title":{"rendered":"Czy rozpoznasz tych aktor\u00f3w z okresu PRL-u? [QUIZ] &#8211; Onet"},"content":{"rendered":"<ol>\n<li><a href=\"https:\/\/news.google.com\/rss\/articles\/CBMirAFBVV95cUxNb29Zd0hKR1hGYVltSWY5bGJhZzhKOXRkS3lnSjJqVVRWVWFHQnhPWjJiekFSRnBvQmhSU2JPaGFKZjR2WVFNMmF5R2J4ZkFOQlU2M3hkOEFVVzBfaWlCRE1reFdwdlI5eVFucDEydkVyTzYxbTg0Z050b1J3YWVmQ3RmcTVEMFJNel9mVU0tUjVYeW5Mb00zYWd0eDVLR29IdVVrVlZEdGFlUTRN?oc=5\" target=\"_blank\" rel=\"nofollow noopener\">Czy rozpoznasz tych aktor\u00f3w z okresu PRL-u? [QUIZ]<\/a>&nbsp;&nbsp;Onet<\/li>\n<li><a href=\"https:\/\/news.google.com\/rss\/articles\/CBMitgFBVV95cUxON3ZFTk8wLTQxR3BnSXRBdUxXaG1RTkJEeG1Ubmp2UWtrSVUtVDNZSHVLTGFLM3Z2Q3hBa2JBYzROREc2RHM3R3FEOU5ybjZOQWF4STRDbTFNVldHOUhIOGt2bTVuNk9uVGNUVF9IYVdGYWtaclpxQmxEcHhTellrQk9WQXlGR3dJWG5PWXVfQ01mcUotb1QyXzdjUk1EaVVITDRQSy1hc3FRbXUxRlFHMEdZNGlFQQ?oc=5\" target=\"_blank\" rel=\"nofollow noopener\">Quiz: Pami\u0119tasz auta z PRL? Rozpoznasz te kultowe modele?<\/a>&nbsp;&nbsp;Dziennik.pl<\/li>\n<li><a href=\"https:\/\/news.google.com\/rss\/articles\/CBMimwFBVV95cUxOSmlGZW9nS3dOUGdsMFdvTmI0d3dFd2lXNldkNE15RFRFVE5rUExSS1NaMDRzMGRJT3BSVlZlMFhERGdwSjB3S0dCVTRHcGlzYXlIRk0zcldCNVZwLWhISGhYc1V4bjJqUzFhM3JDY05lLUdVejZzYzJhRExVcWRUR2hEVVdKN2xCd1RSTTdrYVliN2E2TDBsRGRkSQ?oc=5\" target=\"_blank\" rel=\"nofollow noopener\">Quiz z film\u00f3w PRL. Tylko geniusz zdob\u0119dzie a\u017c 17\/17!<\/a>&nbsp;&nbsp;Radio zet Rozrywka<\/li>\n<li><a href=\"https:\/\/news.google.com\/rss\/articles\/CBMi0wFBVV95cUxPVGtBV05ERFVmLUM1RU11V2xoNUs2TWtNRENmY2twSGU1TktuT2JJOVkyRllrbHN4bFRSbG9lMklNbUFkckhodjV1bFpaUFpxZGt3RU5mcV9XU0stakhtUXpKU2d1UFNud0VRVTR6LVFXaF9LZWNZUkllX2liNTJhN1F3TUYwLUZCZUxLaWtYUDJFU3Mxa0E1Y0FuVXFubURVUGlaZVg1VlJ4ckxISEtpQ25Yb3BWOEtJZEdRZDlKdzlSc2VrVUQycjl4T2VFNzBUNll3?oc=5\" target=\"_blank\" rel=\"nofollow noopener\">PRL: Bezrobocia nie by\u0142o, ale&#8230; Jak naprawd\u0119 wygl\u0105da\u0142a praca i \u017cycie?<\/a>&nbsp;&nbsp;Super Biznes<\/li>\n<li><a href=\"https:\/\/news.google.com\/rss\/articles\/CBMinwFBVV95cUxQbE03SUNya3V5bGZTbEg4RUtPVC1MRjJmWFJOYUVpWDl1dVBiQjBmV3k0amdEOHdySFdncWotVVpXMExPUFJ5TkhoNTF4UXh6U2hEemwxX09RdWhpeWxaS2djNjczUXJZVEx2NXR6LWVKazZGY0h0LUNXLVlaakltYjNIbzdYWFRTeVBXTm1yTDlBdGFuSHpCcFlJV3VtcUk?oc=5\" target=\"_blank\" rel=\"nofollow noopener\">Quiz wiedzy og\u00f3lnej z PRL-u. Polacy nie s\u0105 gotowi na te pytania<\/a>&nbsp;&nbsp;antyradio.pl<\/li>\n<\/ol>\n","protected":false},"excerpt":{"rendered":"Czy rozpoznasz tych aktor\u00f3w z okresu PRL-u? [QUIZ]&nbsp;&nbsp;Onet Quiz: Pami\u0119tasz auta z PRL? Rozpoznasz te kultowe modele?&nbsp;&nbsp;Dziennik.pl Quiz&hellip;\n","protected":false},"author":2,"featured_media":366650,"comment_status":"","ping_status":"","sticky":false,"template":"","format":"standard","meta":{"footnotes":"","_share_on_mastodon":"0"},"categories":[12],"tags":[32,33,244,36,37,27,561,261,34,35,1816,28,31,53,25,52,68,51,55,42,38,40,39,41,47,29,30,50,26,64762],"class_list":["post-366649","post","type-post","status-publish","format-standard","has-post-thumbnail","category-polska","tag-breaking-news","tag-breakingnews","tag-ctr_tst","tag-featured-news","tag-featurednews","tag-headlines","tag-kch","tag-kultura","tag-latest-news","tag-latestnews","tag-mm","tag-naglowki","tag-najwazniejsze-artykuly","tag-new_header","tag-news","tag-onet3","tag-onet3d","tag-onet3d_2i","tag-phx","tag-pl","tag-poland","tag-polish","tag-polska","tag-polski","tag-screening_general","tag-top-stories","tag-topstories","tag-v2021","tag-wiadomosci","tag-yourrootsinpoland"],"share_on_mastodon":{"url":"https:\/\/pubeurope.com\/@pl\/116406033097399633","error":""},"_links":{"self":[{"href":"https:\/\/www.europesays.com\/pl\/wp-json\/wp\/v2\/posts\/366649","targetHints":{"allow":["GET"]}}],"collection":[{"href":"https:\/\/www.europesays.com\/pl\/wp-json\/wp\/v2\/posts"}],"about":[{"href":"https:\/\/www.europesays.com\/pl\/wp-json\/wp\/v2\/types\/post"}],"author":[{"embeddable":true,"href":"https:\/\/www.europesays.com\/pl\/wp-json\/wp\/v2\/users\/2"}],"replies":[{"embeddable":true,"href":"https:\/\/www.europesays.com\/pl\/wp-json\/wp\/v2\/comments?post=366649"}],"version-history":[{"count":0,"href":"https:\/\/www.europesays.com\/pl\/wp-json\/wp\/v2\/posts\/366649\/revisions"}],"wp:featuredmedia":[{"embeddable":true,"href":"https:\/\/www.europesays.com\/pl\/wp-json\/wp\/v2\/media\/366650"}],"wp:attachment":[{"href":"https:\/\/www.europesays.com\/pl\/wp-json\/wp\/v2\/media?parent=366649"}],"wp:term":[{"taxonomy":"category","embeddable":true,"href":"https:\/\/www.europesays.com\/pl\/wp-json\/wp\/v2\/categories?post=366649"},{"taxonomy":"post_tag","embeddable":true,"href":"https:\/\/www.europesays.com\/pl\/wp-json\/wp\/v2\/tags?post=366649"}],"curies":[{"name":"wp","href":"https:\/\/api.w.org\/{rel}","templated":true}]}}