{"id":366657,"date":"2026-04-15T01:11:10","date_gmt":"2026-04-15T01:11:10","guid":{"rendered":"https:\/\/www.europesays.com\/pl\/366657\/"},"modified":"2026-04-15T01:11:10","modified_gmt":"2026-04-15T01:11:10","slug":"leo-messi-bez-trenera-jego-rodak-nagle-zrezygnowal","status":"publish","type":"post","link":"https:\/\/www.europesays.com\/pl\/366657\/","title":{"rendered":"Leo Messi bez trenera! Jego rodak nagle zrezygnowa\u0142"},"content":{"rendered":"<p>Leo Messi bez trenera, po rezygnacji Mascherano. Tymczasowym szkoleniowcem zosta\u0142 dyrektor sportowy Guillermo Hoyos i to on poprowadzi Inter Miami w najbli\u017cszych spotkaniach. Docelowo klub zamierza znale\u017a\u0107 nowego opiekuna zespo\u0142u.<\/p>\n<p> Dalszy ci\u0105g artyku\u0142u pod materia\u0142em wideo <\/p>\n<p>Mascherano obj\u0105\u0142 Inter Miami przed sezonem 2025, cho\u0107 wcze\u015bniej prowadzi\u0142 jedynie m\u0142odzie\u017cowe reprezentacje Argentyny. Wsp\u00f3\u0142praca z dawnym koleg\u0105 z Barcelony, Lionelem Messim, przynios\u0142a jednak spektakularne efekty \u2014 dru\u017cyna zdoby\u0142a tytu\u0142 mistrza MLS, pokonuj\u0105c w finale Vancouver Whitecaps. \u201eChcia\u0142bym podzi\u0119kowa\u0107 klubowi za zaufanie, jakim mnie obdarzy\u0142, wszystkim pracownikom za ich wsp\u00f3lny wysi\u0142ek, ale szczeg\u00f3lnie zawodnikom, kt\u00f3rzy umo\u017cliwili nam prze\u017cycie niezapomnianych chwil\u201d \u2013 stwierdzi\u0142 Mascherano w o\u015bwiadczeniu wydanym przez klub.<\/p>\n<p>     S\u0142abe wyniki Javiera Mascherano<\/p>\n<p>Sezon 2026 rozpocz\u0105\u0142 si\u0119 jednak dla Inter Miami niezbyt dobrze. Zesp\u00f3\u0142 z Florydy zaliczy\u0142 dwa remisy w pierwszych meczach na nowym Nu Stadium, a najwi\u0119kszym rozczarowaniem by\u0142a pora\u017cka w 1\/8 fina\u0142u Concacaf Champions Cup z Nashville SC. W lidze dru\u017cyna wygra\u0142a trzy z pi\u0119ciu spotka\u0144, ale wci\u0105\u017c daleko jej do formy z poprzedniego roku.<\/p>\n<p>Dodatkowym wyzwaniem dla Mascherano by\u0142y zmiany w sk\u0142adzie po triumfie w MLS. Sergio Busquets i Jordi Alba zako\u0144czyli kariery, a Lu\u00eds Suarez straci\u0142 miejsce w podstawowej jedenastce na rzecz sprowadzonego Germana Berterame. Nowy napastnik nie spe\u0142ni\u0142 jednak oczekiwa\u0144, co wp\u0142yn\u0119\u0142o na wyniki dru\u017cyny.<\/p>\n<p>Teraz przed Guillermo Hoyosem stoi trudne zadanie przywr\u00f3cenia dru\u017cyny na w\u0142a\u015bciwe tory. Klub b\u0119dzie musia\u0142 r\u00f3wnie\u017c podj\u0105\u0107 decyzj\u0119 o wyborze nowego trenera<\/p>\n","protected":false},"excerpt":{"rendered":"Leo Messi bez trenera, po rezygnacji Mascherano. Tymczasowym szkoleniowcem zosta\u0142 dyrektor sportowy Guillermo Hoyos i to on poprowadzi&hellip;\n","protected":false},"author":2,"featured_media":366658,"comment_status":"","ping_status":"","sticky":false,"template":"","format":"standard","meta":{"footnotes":"","_share_on_mastodon":"0"},"categories":[52122],"tags":[61195,1356,64763,16482,32267,16673,48,46,948,6010,752,42,38,40,39,41,47],"class_list":["post-366657","post","type-post","status-publish","format-standard","has-post-thumbnail","category-pko-bank-polski","tag-bottomfeed_styl","tag-inter_miami","tag-javier_mascherano","tag-leo_messi","tag-major_league_soccer","tag-mls","tag-nat_styl","tag-omp","tag-pilka_nozna","tag-pko-bank-polski","tag-pko-bp","tag-pl","tag-poland","tag-polish","tag-polska","tag-polski","tag-screening_general"],"share_on_mastodon":{"url":"https:\/\/pubeurope.com\/@pl\/116406064536005459","error":""},"_links":{"self":[{"href":"https:\/\/www.europesays.com\/pl\/wp-json\/wp\/v2\/posts\/366657","targetHints":{"allow":["GET"]}}],"collection":[{"href":"https:\/\/www.europesays.com\/pl\/wp-json\/wp\/v2\/posts"}],"about":[{"href":"https:\/\/www.europesays.com\/pl\/wp-json\/wp\/v2\/types\/post"}],"author":[{"embeddable":true,"href":"https:\/\/www.europesays.com\/pl\/wp-json\/wp\/v2\/users\/2"}],"replies":[{"embeddable":true,"href":"https:\/\/www.europesays.com\/pl\/wp-json\/wp\/v2\/comments?post=366657"}],"version-history":[{"count":0,"href":"https:\/\/www.europesays.com\/pl\/wp-json\/wp\/v2\/posts\/366657\/revisions"}],"wp:featuredmedia":[{"embeddable":true,"href":"https:\/\/www.europesays.com\/pl\/wp-json\/wp\/v2\/media\/366658"}],"wp:attachment":[{"href":"https:\/\/www.europesays.com\/pl\/wp-json\/wp\/v2\/media?parent=366657"}],"wp:term":[{"taxonomy":"category","embeddable":true,"href":"https:\/\/www.europesays.com\/pl\/wp-json\/wp\/v2\/categories?post=366657"},{"taxonomy":"post_tag","embeddable":true,"href":"https:\/\/www.europesays.com\/pl\/wp-json\/wp\/v2\/tags?post=366657"}],"curies":[{"name":"wp","href":"https:\/\/api.w.org\/{rel}","templated":true}]}}